{"id":4571,"date":"2022-05-03T18:08:22","date_gmt":"2022-05-03T18:08:22","guid":{"rendered":"https:\/\/sinasefesm.com\/?p=4571"},"modified":"2022-05-03T18:08:22","modified_gmt":"2022-05-03T18:08:22","slug":"sinasefe-indica-dois-nomes-para-comporem-comissao-de-avaliacao-do-teletrabalho-na-ufsm","status":"publish","type":"post","link":"https:\/\/sinasefesm.com\/index.php\/2022\/05\/03\/sinasefe-indica-dois-nomes-para-comporem-comissao-de-avaliacao-do-teletrabalho-na-ufsm\/","title":{"rendered":"Sinasefe indica dois nomes para comporem Comiss\u00e3o de Avalia\u00e7\u00e3o do Teletrabalho na UFSM"},"content":{"rendered":"\n<p>A UFSM requisitou na \u00faltima ter\u00e7a-feira, 26, dois nomes do Sinasefe Santa Maria para participarem da Comiss\u00e3o Tempor\u00e1ria de Avalia\u00e7\u00e3o e Implementa\u00e7\u00e3o do Teletrabalho, de acordo com a Instru\u00e7\u00e3o Normativa N\u00ba 65. Os selecionados foram Ad\u00e3o Damasceno, Secret\u00e1rio de Carreira e de Rela\u00e7\u00e3o do Trabalho, como titular, e Roselene Pommer, Secret\u00e1ria de Comunica\u00e7\u00e3o, Forma\u00e7\u00e3o Pol\u00edtica e Sindical, como suplente.<br>Outras entidades e inst\u00e2ncias tamb\u00e9m devem participar da Comiss\u00e3o, como Assufsm, Atens, PROGEP e Gabinete do Reitor. Para obter mais informa\u00e7\u00f5es sobre o assunto, acesse no anexo o of\u00edcio encaminhado pela institui\u00e7\u00e3o.<\/p>\n\n\n\n<div data-wp-interactive=\"core\/file\" class=\"wp-block-file aligncenter\"><object data-wp-bind--hidden=\"!state.hasPdfPreview\" hidden class=\"wp-block-file__embed\" data=\"https:\/\/sinasefesm.com\/wp-content\/uploads\/2022\/05\/Ofi\u0301cio-n.-162-2022-GR-UFSM-1.pdf\" type=\"application\/pdf\" style=\"width:100%;height:600px\" aria-label=\"Incorporado de Incorporado de Ofi\u0301cio-n.-162-2022-GR-UFSM..\"><\/object><a id=\"wp-block-file--media-c1aae509-2e8f-4708-9fa5-3b0d4a8dc371\" href=\"https:\/\/sinasefesm.com\/wp-content\/uploads\/2022\/05\/Ofi\u0301cio-n.-162-2022-GR-UFSM-1.pdf\">Ofi\u0301cio-n.-162-2022-GR-UFSM<\/a><a href=\"https:\/\/sinasefesm.com\/wp-content\/uploads\/2022\/05\/Ofi\u0301cio-n.-162-2022-GR-UFSM-1.pdf\" class=\"wp-block-file__button\" download aria-describedby=\"wp-block-file--media-c1aae509-2e8f-4708-9fa5-3b0d4a8dc371\">Baixar<\/a><\/div>\n\n\n\n<p><\/p>\n\n\n\n<p><em>Texto: Laurent Keller<\/em><\/p>\n\n\n\n<p><em>Revis\u00e3o: Bruna Homrich<\/em><\/p>\n\n\n\n<p><em>Imagem: Rafael Happke\/UFSM<\/em><\/p>\n","protected":false},"excerpt":{"rendered":"<p>A UFSM requisitou na \u00faltima ter\u00e7a-feira, 26, dois nomes do Sinasefe Santa Maria para participarem da Comiss\u00e3o Tempor\u00e1ria de Avalia\u00e7\u00e3o e Implementa\u00e7\u00e3o do Teletrabalho, de acordo com a Instru\u00e7\u00e3o Normativa N\u00ba 65. Os selecionados foram Ad\u00e3o Damasceno, Secret\u00e1rio de Carreira e de Rela\u00e7\u00e3o do Trabalho, como titular, e Roselene Pommer, Secret\u00e1ria de Comunica\u00e7\u00e3o, Forma\u00e7\u00e3o Pol\u00edtica<\/p>\n","protected":false},"author":5,"featured_media":4572,"comment_status":"closed","ping_status":"closed","sticky":false,"template":"","format":"standard","meta":{"footnotes":""},"categories":[42],"tags":[225],"class_list":{"0":"post-4571","1":"post","2":"type-post","3":"status-publish","4":"format-standard","5":"has-post-thumbnail","7":"category-noticia","8":"tag-ufsm"},"_links":{"self":[{"href":"https:\/\/sinasefesm.com\/index.php\/wp-json\/wp\/v2\/posts\/4571","targetHints":{"allow":["GET"]}}],"collection":[{"href":"https:\/\/sinasefesm.com\/index.php\/wp-json\/wp\/v2\/posts"}],"about":[{"href":"https:\/\/sinasefesm.com\/index.php\/wp-json\/wp\/v2\/types\/post"}],"author":[{"embeddable":true,"href":"https:\/\/sinasefesm.com\/index.php\/wp-json\/wp\/v2\/users\/5"}],"replies":[{"embeddable":true,"href":"https:\/\/sinasefesm.com\/index.php\/wp-json\/wp\/v2\/comments?post=4571"}],"version-history":[{"count":0,"href":"https:\/\/sinasefesm.com\/index.php\/wp-json\/wp\/v2\/posts\/4571\/revisions"}],"wp:featuredmedia":[{"embeddable":true,"href":"https:\/\/sinasefesm.com\/index.php\/wp-json\/wp\/v2\/media\/4572"}],"wp:attachment":[{"href":"https:\/\/sinasefesm.com\/index.php\/wp-json\/wp\/v2\/media?parent=4571"}],"wp:term":[{"taxonomy":"category","embeddable":true,"href":"https:\/\/sinasefesm.com\/index.php\/wp-json\/wp\/v2\/categories?post=4571"},{"taxonomy":"post_tag","embeddable":true,"href":"https:\/\/sinasefesm.com\/index.php\/wp-json\/wp\/v2\/tags?post=4571"}],"curies":[{"name":"wp","href":"https:\/\/api.w.org\/{rel}","templated":true}]}}