{"id":4634,"date":"2022-05-12T02:32:17","date_gmt":"2022-05-12T02:32:17","guid":{"rendered":"https:\/\/sinasefesm.com\/?p=4634"},"modified":"2022-05-12T02:32:17","modified_gmt":"2022-05-12T02:32:17","slug":"34o-consinasefe-inicia-nesta-quinta-12-com-mesa-sobre-combate-as-opressoes","status":"publish","type":"post","link":"https:\/\/sinasefesm.com\/index.php\/2022\/05\/12\/34o-consinasefe-inicia-nesta-quinta-12-com-mesa-sobre-combate-as-opressoes\/","title":{"rendered":"34\u00ba CONSINASEFE inicia nesta quinta, 12, com mesa sobre combate \u00e0s opress\u00f5es"},"content":{"rendered":"\n<p>Est\u00e1 chegando! O 34\u00ba Congresso do Sinasefe (CONSINASEFE) inicia nesta quinta-feira, 12 de maio, em Bras\u00edlia (DF). O evento, que se estende at\u00e9 o domingo, 15, \u00e9 o primeiro a ser realizado de forma presencial desde a chegada da pandemia, em 2020. Delegados\/as e observadores\/as de todo o pa\u00eds tomam o rumo da capital federal, a exemplo da delega\u00e7\u00e3o do Sinasefe Santa Maria, composta por tr\u00eas delegados\/as (Miriane Fonseca e Jos\u00e9 Ab\u00edlio de Freitas, Coordenadores\/as Gerais; e Ad\u00e3o Damasceno, Secret\u00e1rio de Carreira e de Rela\u00e7\u00e3o de Trabalho) e um observador (Milton Ferrari, Coordenador Geral).&nbsp;Cabe destacar que esta edi\u00e7\u00e3o do Congresso \u00e9 eleitoral, de forma que, no domingo, ser\u00e1 empossada a nova diretoria nacional.<\/p>\n\n\n\n<p>A mesa de abertura do evento, marcada para \u00e0s 14h desta quinta, \u00e9 intitulada &#8220;A Luta Sindical e o Combate \u00e0s Opress\u00f5es&#8221; e traz como debatedoras (curr\u00edculos obtidos junto ao site nacional do Sinasefe):<\/p>\n\n\n\n<p><strong>Carolina Iara:<\/strong> Co-vereadora pela Bancada Feminista do PSOL em S\u00e3o Paulo-SP; cientista social; travesti; negra; intersexo e soropositiva. Primeira travesti&nbsp;a ocupar uma cadeira na Casa Legislativa da cidade de S\u00e3o Paulo-SP e primeira intersexo a ocupar uma vaga legislativa no Brasil. At\u00e9 2020 ela era tamb\u00e9m a \u00fanica pessoa trans no programa de p\u00f3s-gradua\u00e7\u00e3o na Universidade Federal do ABC (UFABC), na Grande SP, onde cursou mestrado em Ci\u00eancias Humanas e Sociais.<\/p>\n\n\n\n<p><strong>Laurenir Peniche:<\/strong>&nbsp;Mestra em Comunica\u00e7\u00e3o e Cultura pela Universidade da Amaz\u00f4nia (Unama); music\u00f3loga e pesquisadora da m\u00fasica paraense e seus principais autores; professora de Artes e Rela\u00e7\u00f5es Etnicorraciais; dirigente do&nbsp;<a href=\"https:\/\/sinasefepa.org\/site\/\" target=\"_blank\" rel=\"noreferrer noopener\">Sinasefe IFPA, ETRB e Ciaba-PA<\/a>; coordenadora do N\u00facleo de Estudos Afro-Brasileiros do IFPA; presidenta da Comiss\u00e3o de Heteroidentifica\u00e7\u00e3o do IFPA; e&nbsp;coordenadora do CONNEABS da Regi\u00e3o Norte da Associa\u00e7\u00e3o Brasileira de Pesquisadores Negras e Negros (ABPN) e do Curso de Especializa\u00e7\u00e3o em Educa\u00e7\u00e3o Para as Rela\u00e7\u00f5es Etnicorraciais do IFPA (campus&nbsp;Bel\u00e9m-PA). J\u00e1 recebeu o Pr\u00eamio da Secretaria de Diversidades MINC com o Projeto Verequete \u2013 o Rei dos Tambores; e tamb\u00e9m o Pr\u00eamio Funda\u00e7\u00e3o Palmares Ideias Criativas ao Dia&nbsp;da Consci\u00eancia Negra, com o Projeto N\u00f3s Quilombolas da Amaz\u00f4nia.<\/p>\n\n\n\n<p><strong>M\u00e1rcia Kambeba:<\/strong> Pesquisadora ind\u00edgena; doutoranda em Estudos Lingu\u00edsticos pela UFPA; escritora; compositora; educadora; palestrante de assuntos ind\u00edgenas e ambientais; e contadora de hist\u00f3rias em um trabalho com a multiarte.&nbsp;De etnia&nbsp;Om\u00e1gua\/Kambeba, nasceu numa aldeia&nbsp;Ticuna, onde viveu at\u00e9 os oito anos de idade, quando se mudou com a fam\u00edlia para&nbsp;S\u00e3o Paulo de Oliven\u00e7a-AM. Realizou sua gradua\u00e7\u00e3o em Geografia&nbsp;pela&nbsp;Universidade do Estado do Amazonas&nbsp;(UEA); seu mestrado&nbsp;na&nbsp;Universidade Federal do Amazonas&nbsp;e, atualmente, pesquisa o territ\u00f3rio e a identidade da sua etnia. Como poeta, adotou o nome ind\u00edgena&nbsp;Wayna.&nbsp;Sua poesia mostra semelhan\u00e7as com a&nbsp;literatura de cordel&nbsp;e reflete a viol\u00eancia contra os povos ind\u00edgenas e os conflitos trazidos pela vida na cidade.<\/p>\n\n\n\n<p><strong>Vilma Reis:<\/strong>&nbsp;Soci\u00f3loga; feminista; mestra em Ci\u00eancias Sociais; doutoranda em Estudos \u00c9tnicos Africanos no PosAfro-FFCH-UFBA; filha do Terreiro do Cobre; defensora de direitos humanos; ativista do Movimento de Mulheres Negras; abolicionista penal; co-fundadora da Coletiva Mahin Organiza\u00e7\u00e3o de Mulheres Negras para os Direitos Humanos, e, atrav\u00e9s da Coletiva, constr\u00f3i a Coaliz\u00e3o Negra por Direitos.&nbsp;Foi Ouvidora Geral da Defensoria P\u00fablica da Bahia entre 2015-2019 e Presidenta do Conselho Nacional das Ouvidorias Externas das Defensorias P\u00fablicas do Brasil entre 2018-2019.&nbsp;<\/p>\n\n\n\n<p><strong>Ato na Pra\u00e7a dos Tr\u00eas Poderes<\/strong><\/p>\n\n\n\n<p>Al\u00e9m da mesa de abertura descrita acima, o primeiro dia do 34\u00ba CONSINASEFE tamb\u00e9m prev\u00ea um ato p\u00fablico na Pra\u00e7a dos Tr\u00eas Poderes. O objetivo \u00e9 denunciar as pol\u00edticas de arrocho, viol\u00eancia e fome implantadas pelo governo Bolsonaro, sinalizando \u00e0 sociedade que as\/os docentes e t\u00e9cnico-administrativos\/as em educa\u00e7\u00e3o est\u00e3o lado a lado com o restante das e dos trabalhadores na mobiliza\u00e7\u00e3o permanente contra os desmandos do governo. O protesto inicia \u00e0s 16h30.<\/p>\n\n\n\n<p>Confira, abaixo, a programa\u00e7\u00e3o completa do 34\u00ba CONSINASEFE:<\/p>\n\n\n\n<p><strong>12\/05\/2022 (quinta-feira)<\/strong><\/p>\n\n\n\n<figure class=\"wp-block-table\"><table><tbody><tr><td>Abertura do check-in<\/td><td>A partir das 12:00<\/td><\/tr><tr><td>Chegada de delegadas(os)<\/td><td>At\u00e9 15:00<\/td><\/tr><tr><td>Credenciamento&nbsp;<\/td><td>08:00 \u00e0s 17:00<\/td><\/tr><tr><td>Mesa de Abertura: A Luta Sindical e o Combate \u00e0s Opress\u00f5es<\/td><td>14:00 \u00e0s 16:00<\/td><\/tr><tr><td>Ato: Bolsonaro Genocida (Pra\u00e7a dos Tr\u00eas Poderes)<\/td><td>16:30 \u00e0s 17:30<\/td><\/tr><tr><td>Jantar<\/td><td>19:00<\/td><\/tr><tr><td>Plen\u00e1ria:&nbsp;<a href=\"https:\/\/sinasefe.org.br\/consinasefe\/regimento-interno\/\" target=\"_blank\" rel=\"noreferrer noopener\">Regimento Interno<\/a>&nbsp;e&nbsp;<a href=\"https:\/\/sinasefe.org.br\/consinasefe\/2022\/03\/09\/34o-consinasefe-codigo-eleitoral\/\" target=\"_blank\" rel=\"noreferrer noopener\">C\u00f3digo Eleitoral<\/a><\/td><td>20:00<\/td><\/tr><\/tbody><\/table><\/figure>\n\n\n\n<p><strong>13\/05\/2022 (sexta-feira)<\/strong><\/p>\n\n\n\n<figure class=\"wp-block-table\"><table><tbody><tr><td>1\u00aa mesa: Conjuntura\/apresenta\u00e7\u00e3o das teses<\/td><td>09:00 \u00e0s 11:00<\/td><\/tr><tr><td>2\u00aa mesa: Educa\u00e7\u00e3o\/apresenta\u00e7\u00e3o das teses<\/td><td>11:00 \u00e0s 13:00<\/td><\/tr><tr><td>Publica\u00e7\u00e3o da lista preliminar de delegadas(os) aptas(os) a votar<\/td><td>09:00<\/td><\/tr><tr><td>Prazo final para apresenta\u00e7\u00e3o de recursos \u00e0 lista de aptas(os) a votar<\/td><td>10:00<\/td><\/tr><tr><td>Publica\u00e7\u00e3o da lista definitiva de delegadas(os) aptas(os) a votar<\/td><td>11:30<\/td><\/tr><tr><td>Almo\u00e7o<\/td><td>13:00<\/td><\/tr><tr><td>Retirada dos formul\u00e1rios das chapas e candidaturas para Conselho Fiscal e Conselho de \u00c9tica<\/td><td>14:00 \u00e0s 19:00<\/td><\/tr><tr><td>Reuni\u00e3o dos coletivos<\/td><td>14:00 \u00e0s 18:00<\/td><\/tr><tr><td>Coffee break&nbsp;<\/td><td>16:30<\/td><\/tr><tr><td>Jantar<\/td><td>19:00<\/td><\/tr><tr><td>Inscri\u00e7\u00e3o das chapas concorrentes \u00e0 Dire\u00e7\u00e3o Nacional e de candidaturas ao Conselho Fiscal e ao Conselho de \u00c9tica<\/td><td>19:00 \u00e0s 20:30<\/td><\/tr><tr><td>Discuss\u00e3o em grupos: Educa\u00e7\u00e3o<\/td><td>20:00<\/td><\/tr><\/tbody><\/table><\/figure>\n\n\n\n<p><strong>14\/05\/2022 (s\u00e1bado)<\/strong><\/p>\n\n\n\n<figure class=\"wp-block-table\"><table><tbody><tr><td>Plen\u00e1ria: Conjuntura\/Educa\u00e7\u00e3o<\/td><td>09:00<\/td><\/tr><tr><td>Publica\u00e7\u00e3o da rela\u00e7\u00e3o das chapas concorrentes \u00e0 Dire\u00e7\u00e3o Nacional e de candidaturas ao Conselho Fiscal e ao Conselho de \u00c9tica inscritas<\/td><td>13:00<\/td><\/tr><tr><td>Reuni\u00e3o com as chapas para apresenta\u00e7\u00e3o das normas do debate<\/td><td>09:15<\/td><\/tr><tr><td>Prazo final para pedidos de impugna\u00e7\u00e3o<\/td><td>10:00<\/td><\/tr><tr><td>Prazo final para apresenta\u00e7\u00f5es de defesa (pedidos de impugna\u00e7\u00e3o)<\/td><td>At\u00e9 1 hora ap\u00f3s a notifica\u00e7\u00e3o<\/td><\/tr><tr><td>Prazo final para delibera\u00e7\u00f5es de pedidos de impugna\u00e7\u00e3o<\/td><td>At\u00e9 2 horas ap\u00f3s a apresenta\u00e7\u00e3o da defesa<\/td><\/tr><tr><td>Almo\u00e7o<\/td><td>13:00<\/td><\/tr><tr><td>Prazo para substitui\u00e7\u00e3o ou recurso ao plen\u00e1rio do 34\u00ba CONSINASEFE de decis\u00e3o de impugna\u00e7\u00e3o<\/td><td>At\u00e9 1 hora ap\u00f3s a comunica\u00e7\u00e3o da decis\u00e3o<\/td><\/tr><tr><td>Prazo final para inscri\u00e7\u00f5es de fiscais<\/td><td>14:00<\/td><\/tr><tr><td>Reuni\u00e3o dos coletivos<\/td><td>14:00 \u00e0s 15:30<\/td><\/tr><tr><td>Apresenta\u00e7\u00f5es das candidaturas ao Conselho Fiscal e ao Conselho de \u00c9tica<\/td><td>15:30<\/td><\/tr><tr><td>Coffee break<\/td><td>16:30<\/td><\/tr><tr><td>Debate entre as chapas concorrentes \u00e0 Dire\u00e7\u00e3o Nacional<\/td><td>17:00 \u00e0s 19:00<\/td><\/tr><tr><td>Vota\u00e7\u00e3o<\/td><td>19:00 \u00e0s 21:00<\/td><\/tr><tr><td>Apura\u00e7\u00e3o<\/td><td>21:15 \u00e0s 22:30<\/td><\/tr><tr><td>Festa de confraterniza\u00e7\u00e3o<\/td><td>22:00<\/td><\/tr><tr><td>Publica\u00e7\u00e3o do resultado preliminar<\/td><td>A partir das 23:45<\/td><\/tr><\/tbody><\/table><\/figure>\n\n\n\n<p><strong>15\/05\/2022 (domingo)<\/strong><\/p>\n\n\n\n<figure class=\"wp-block-table\"><table><tbody><tr><td>Prazo final para apresenta\u00e7\u00e3o de pedidos de impugna\u00e7\u00e3o ao resultado preliminar<\/td><td>00:01 \u00e0s 01:01<\/td><\/tr><tr><td>Prazo para aprecia\u00e7\u00e3o e divulga\u00e7\u00e3o das decis\u00f5es referentes aos pedidos de&nbsp;impugna\u00e7\u00e3o<\/td><td>At\u00e9 1 hora ap\u00f3s a apresenta\u00e7\u00e3o dos pedidos<\/td><\/tr><tr><td>Prazo para interposi\u00e7\u00e3o de recurso ao plen\u00e1rio<\/td><td>09:00<\/td><\/tr><tr><td>Plen\u00e1ria final para julgar recursos do pleito<\/td><td>09:00<\/td><\/tr><tr><td>Reuni\u00e3o da Comiss\u00e3o Eleitoral com as chapas para defini\u00e7\u00e3o de cargos<\/td><td>15 minutos ap\u00f3s a delibera\u00e7\u00e3o da plen\u00e1ria dos recursos<\/td><\/tr><tr><td>Reuni\u00e3o das chapas para defini\u00e7\u00e3o de seus nomes<\/td><td>10:00<\/td><\/tr><tr><td>Plen\u00e1ria final: Posse da Dire\u00e7\u00e3o Nacional e dos membros do Conselho Fiscal e do Conselho de \u00c9tica<\/td><td>11:00<\/td><\/tr><tr><td>Check-out<\/td><td>12:00<\/td><\/tr><tr><td>Almo\u00e7o<\/td><td>13:00<\/td><\/tr><tr><td>Encerramento<\/td><td>13:00<\/td><\/tr><\/tbody><\/table><\/figure>\n\n\n\n<p>No site e nas redes sociais (<a href=\"https:\/\/www.facebook.com\/SINASEFESM\" data-type=\"URL\" data-id=\"https:\/\/www.facebook.com\/SINASEFESM\" target=\"_blank\" rel=\"noreferrer noopener\">Facebook <\/a>e <a href=\"https:\/\/www.instagram.com\/sinasefesm\/\" data-type=\"URL\" data-id=\"https:\/\/www.instagram.com\/sinasefesm\/\" target=\"_blank\" rel=\"noreferrer noopener\">Instagram<\/a>) do Sinasefe Santa Maria, faremos a cobertura do evento. Acompanhe e fique por dentro dos debates e encaminhamentos.<\/p>\n","protected":false},"excerpt":{"rendered":"<p>Est\u00e1 chegando! O 34\u00ba Congresso do Sinasefe (CONSINASEFE) inicia nesta quinta-feira, 12 de maio, em Bras\u00edlia (DF). O evento, que se estende at\u00e9 o domingo, 15, \u00e9 o primeiro a ser realizado de forma presencial desde a chegada da pandemia, em 2020. Delegados\/as e observadores\/as de todo o pa\u00eds tomam o rumo da capital federal,<\/p>\n","protected":false},"author":3,"featured_media":4635,"comment_status":"closed","ping_status":"closed","sticky":false,"template":"","format":"standard","meta":{"footnotes":""},"categories":[37,39,42,45],"tags":[],"class_list":{"0":"post-4634","1":"post","2":"type-post","3":"status-publish","4":"format-standard","5":"has-post-thumbnail","7":"category-destaque","8":"category-eventos","9":"category-noticia","10":"category-sindicato"},"_links":{"self":[{"href":"https:\/\/sinasefesm.com\/index.php\/wp-json\/wp\/v2\/posts\/4634","targetHints":{"allow":["GET"]}}],"collection":[{"href":"https:\/\/sinasefesm.com\/index.php\/wp-json\/wp\/v2\/posts"}],"about":[{"href":"https:\/\/sinasefesm.com\/index.php\/wp-json\/wp\/v2\/types\/post"}],"author":[{"embeddable":true,"href":"https:\/\/sinasefesm.com\/index.php\/wp-json\/wp\/v2\/users\/3"}],"replies":[{"embeddable":true,"href":"https:\/\/sinasefesm.com\/index.php\/wp-json\/wp\/v2\/comments?post=4634"}],"version-history":[{"count":0,"href":"https:\/\/sinasefesm.com\/index.php\/wp-json\/wp\/v2\/posts\/4634\/revisions"}],"wp:featuredmedia":[{"embeddable":true,"href":"https:\/\/sinasefesm.com\/index.php\/wp-json\/wp\/v2\/media\/4635"}],"wp:attachment":[{"href":"https:\/\/sinasefesm.com\/index.php\/wp-json\/wp\/v2\/media?parent=4634"}],"wp:term":[{"taxonomy":"category","embeddable":true,"href":"https:\/\/sinasefesm.com\/index.php\/wp-json\/wp\/v2\/categories?post=4634"},{"taxonomy":"post_tag","embeddable":true,"href":"https:\/\/sinasefesm.com\/index.php\/wp-json\/wp\/v2\/tags?post=4634"}],"curies":[{"name":"wp","href":"https:\/\/api.w.org\/{rel}","templated":true}]}}