{"id":4687,"date":"2022-05-14T05:59:57","date_gmt":"2022-05-14T05:59:57","guid":{"rendered":"https:\/\/sinasefesm.com\/?p=4687"},"modified":"2022-05-14T05:59:57","modified_gmt":"2022-05-14T05:59:57","slug":"34o-consinasefe-mesas-de-conjuntura-e-de-educacao-elencam-tarefas-para-o-proximo-periodo","status":"publish","type":"post","link":"https:\/\/sinasefesm.com\/index.php\/2022\/05\/14\/34o-consinasefe-mesas-de-conjuntura-e-de-educacao-elencam-tarefas-para-o-proximo-periodo\/","title":{"rendered":"34\u00ba CONSINASEFE: mesas de Conjuntura e de Educa\u00e7\u00e3o elencam tarefas para o pr\u00f3ximo per\u00edodo&nbsp; &nbsp;"},"content":{"rendered":"\n<p>O segundo dia do 34\u00ba Congresso do Sinasefe (CONSINASEFE) iniciou, na manh\u00e3 da sexta-feira, 13 de maio, com a mesa de Conjuntura, que convocou as e os palestrantes a responderem ao seguinte questionamento: \u201cqual \u00e9 a principal tarefa da classe trabalhadora no atual momento?\u201d. Participaram do debate Virg\u00ednia Fontes, professora da Universidade Federal Fluminense (UFF); Jos\u00e9 Genoino, militante hist\u00f3rico do Partido dos Trabalhadores (PT); Val\u00e9rio Arcary, professor aposentado do Instituto Federal de S\u00e3o Paulo (IFSP); e Francieli Rebelatto, diretora do ANDES-SN.<\/p>\n\n\n\n<p>Respons\u00e1vel pela primeira interven\u00e7\u00e3o da mesa, a professora Virg\u00ednia Fontes classificou o atual momento como o de maior crise humana desde a Segunda Guerra Mundial. Crise expressa pela devasta\u00e7\u00e3o ambiental, pelo endividamento p\u00fablico e privado, pelas mortes por Covid-19 e pela violenta retirada de direitos da classe trabalhadora.<\/p>\n\n\n\n<p>\u201cN\u00e3o estamos s\u00f3 numa cruzada eleitoral, estamos numa luta em defesa da vida humana\u201d, disse a docente ao se referir ao que est\u00e1 em disputa nas elei\u00e7\u00f5es de outubro desse ano para o Brasil.<\/p>\n\n\n\n<p>Jos\u00e9 Genoino, segundo a realizar fala na mesa de Conjuntura, ponderou sobre a necessidade de, no atual momento, termos sabedoria para encontrarmos converg\u00eancia de objetivos e superarmos a polariza\u00e7\u00e3o pol\u00edtica que tende a trabalhar em prol do bolsonarismo. \u201cPrecisamos desmontar as reformas que destru\u00edram os direitos pol\u00edticos e sociais da maioria da popula\u00e7\u00e3o. A polariza\u00e7\u00e3o eleitoral \u00e9 um produto da crise, da luta de classes e do n\u00edvel do inimigo que estamos enfrentando\u201d, concluiu.<\/p>\n\n\n\n<p>Val\u00e9rio Arcary, atual militante do Psol, professor no IFSP e filiado ao Sinasefe, enfatizou em sua fala o papel central que os Institutos Federais tiveram na educa\u00e7\u00e3o dos filhos e filhas da classe trabalhadora. \u201cOs IFFs foram uma conquista hist\u00f3rica da sociedade. Hoje o Sinasefe est\u00e1 na dianteira da defesa dessas institui\u00e7\u00f5es\u201d, destaca. O palestrante ainda lembrou o curto per\u00edodo de tempo restante para a derrota de Bolsonaro, por ele chamado de \u2018inomin\u00e1vel\u2019, e a necessidade de vigil\u00e2ncia constante da sociedade para que a ultradireita n\u00e3o promova, frente \u00e0 derrota eleitoral, um golpe com vistas a se perpetuar no poder.<\/p>\n\n\n\n<blockquote class=\"wp-block-quote is-layout-flow wp-block-quote-is-layout-flow\"><p>O mundo, com suas injusti\u00e7as, privatiza\u00e7\u00f5es e ataques, n\u00e3o vai mudar sozinho. Precisamos, pois, todos irmos \u00e0 luta. Essa foi a mensagem final deixada por Arcary.<\/p><\/blockquote>\n\n\n\n<p>E lutar passa, tamb\u00e9m, por fortalecer os la\u00e7os entre as e os trabalhadores e suas entidades de classe. \u00c9 o que destacou Francieli Rebellato, representante do ANDES-SN. \u201cPrecisamos lutar. Lutar com \u00e2nimo. Lutar com coragem. Lutar sem medo. Lutar para transformar radicalmente a vida e criar condi\u00e7\u00f5es objetivas e subjetivas para essa transforma\u00e7\u00e3o. No ano da educa\u00e7\u00e3o n\u00f3s dizemos que queremos lutar e criar uma educa\u00e7\u00e3o popular\u201d, perspectivou a docente, defendendo o resgate e o fortalecimento das lutas em defesa do servi\u00e7o p\u00fablico &#8211; respons\u00e1veis por barrar temporariamente, em 2021, o avan\u00e7o da Reforma Administrativa na C\u00e2mara dos Deputados.<\/p>\n\n\n\n<p>Ap\u00f3s as explana\u00e7\u00f5es das e dos palestrantes, iniciaram-se as apresenta\u00e7\u00f5es das teses de conjuntura, que <a rel=\"noreferrer noopener\" href=\"https:\/\/sinasefe.org.br\/consinasefe\/2022\/05\/06\/caderno-de-teses-do-34o-consinasefe\/\" data-type=\"URL\" data-id=\"https:\/\/sinasefe.org.br\/consinasefe\/2022\/05\/06\/caderno-de-teses-do-34o-consinasefe\/\" target=\"_blank\">podem ser conferidas aqui<\/a>.<\/p>\n\n\n\n<p><strong>Desafios da Educa\u00e7\u00e3o<\/strong><\/p>\n\n\n<div class=\"wp-block-image is-style-default\">\n<figure class=\"aligncenter size-full is-resized\"><img fetchpriority=\"high\" decoding=\"async\" src=\"https:\/\/sinasefesm.com\/wp-content\/uploads\/2022\/05\/educacao-sina.jpg\" alt=\"\" class=\"wp-image-4690\" width=\"641\" height=\"427\" srcset=\"https:\/\/sinasefesm.com\/wp-content\/uploads\/2022\/05\/educacao-sina.jpg 1536w, https:\/\/sinasefesm.com\/wp-content\/uploads\/2022\/05\/educacao-sina-300x200.jpg 300w, https:\/\/sinasefesm.com\/wp-content\/uploads\/2022\/05\/educacao-sina-1024x683.jpg 1024w, https:\/\/sinasefesm.com\/wp-content\/uploads\/2022\/05\/educacao-sina-768x512.jpg 768w, https:\/\/sinasefesm.com\/wp-content\/uploads\/2022\/05\/educacao-sina-150x100.jpg 150w, https:\/\/sinasefesm.com\/wp-content\/uploads\/2022\/05\/educacao-sina-450x300.jpg 450w, https:\/\/sinasefesm.com\/wp-content\/uploads\/2022\/05\/educacao-sina-1200x800.jpg 1200w\" sizes=\"(max-width: 641px) 100vw, 641px\" \/><\/figure><\/div>\n\n\n<p>Na parte da tarde, aconteceu a mesa de debates acerca do tema Educa\u00e7\u00e3o, com a presen\u00e7a de Carla Jardim, Dante Moura, Raquel Caetano e Ricardo Marinho.<\/p>\n\n\n\n<p>Professor do Instituto Federal do Rio Grande do Norte (IFRN), Moura centrou sua fala nos impactos negativos acarretados pelo golpe de 2016 \u00e0 educa\u00e7\u00e3o p\u00fablica, em especial \u00e0 Rede Federal de Educa\u00e7\u00e3o Profissional, Cient\u00edfica e Tecnol\u00f3gica.<\/p>\n\n\n\n<p>J\u00e1 Raquel Caetano, professora do IFF \u2013 Sapucaia do Sul, tratou dos impactos da reforma do ensino m\u00e9dio e do EPT na Rede Federal de Educa\u00e7\u00e3o, expondo os preju\u00edzos de um projeto que beneficia a l\u00f3gica de mercantiliza\u00e7\u00e3o da educa\u00e7\u00e3o, enfraquece a democracia interna dos col\u00e9gios e institutos e flexibiliza direitos.<\/p>\n\n\n<div class=\"wp-block-image is-style-default\">\n<figure class=\"alignleft size-full\"><img decoding=\"async\" width=\"1800\" height=\"1200\" src=\"https:\/\/sinasefesm.com\/wp-content\/uploads\/2022\/05\/reforma-sina.jpg\" alt=\"\" class=\"wp-image-4695\" srcset=\"https:\/\/sinasefesm.com\/wp-content\/uploads\/2022\/05\/reforma-sina.jpg 1800w, https:\/\/sinasefesm.com\/wp-content\/uploads\/2022\/05\/reforma-sina-300x200.jpg 300w, https:\/\/sinasefesm.com\/wp-content\/uploads\/2022\/05\/reforma-sina-1024x683.jpg 1024w, https:\/\/sinasefesm.com\/wp-content\/uploads\/2022\/05\/reforma-sina-768x512.jpg 768w, https:\/\/sinasefesm.com\/wp-content\/uploads\/2022\/05\/reforma-sina-1536x1024.jpg 1536w, https:\/\/sinasefesm.com\/wp-content\/uploads\/2022\/05\/reforma-sina-150x100.jpg 150w, https:\/\/sinasefesm.com\/wp-content\/uploads\/2022\/05\/reforma-sina-450x300.jpg 450w, https:\/\/sinasefesm.com\/wp-content\/uploads\/2022\/05\/reforma-sina-1200x800.jpg 1200w\" sizes=\"(max-width: 1800px) 100vw, 1800px\" \/><\/figure><\/div>\n\n\n<p>Ricardo Marinho, p\u00f3s-doutor em pol\u00edticas p\u00fablicas, analisou as tarefas que se apresentam atualmente, tra\u00e7ando paralelos com as articula\u00e7\u00f5es realizadas durante a Segunda Guerra Mundial para derrotar o nazifascismo, a exemplo da unidade entre pa\u00edses capitalistas e a Uni\u00e3o Sovi\u00e9tica, maior polo socialista da \u00e9poca. Para Marinho, derrotar Bolsonaro passa pela ado\u00e7\u00e3o de estrat\u00e9gia semelhante: a composi\u00e7\u00e3o de uma grande frente contra o neofascismo.<\/p>\n\n\n\n<p>Outro ponto salutar trazido pelo palestrante foi a necessidade de formula\u00e7\u00e3o de novas pol\u00edticas p\u00fablicas \u2013 dentre essas, as educacionais \u2013 para suplantarem as pol\u00edticas de arrocho e de ataques implantadas ap\u00f3s o golpe de 2016. \u201cN\u00e3o basta revogarmos a legisla\u00e7\u00e3o sem termos a capacidade de construir uma legisla\u00e7\u00e3o nova\u201d, concluiu.<\/p>\n\n\n\n<p>Encerrando a mesa, Carla Jardim, ex-reitora do IFF Farroupilha (RS), destaca o papel fundamental que a Educa\u00e7\u00e3o joga na constru\u00e7\u00e3o da soberania nacional e da independ\u00eancia do povo. Ela ainda tra\u00e7a um hist\u00f3rico do surgimento da Rede Federal de Educa\u00e7\u00e3o, compromissada com a oferta de uma educa\u00e7\u00e3o de qualidade e calcada na valoriza\u00e7\u00e3o de docentes e servidores. Compromissos tamb\u00e9m fragilizados ap\u00f3s o golpe que destituiu Dilma Rousseff e al\u00e7ou Michel Temer temporariamente ao poder.<\/p>\n\n\n\n<p>Assim como na mesa de Conjuntura, ap\u00f3s o encerramento das interven\u00e7\u00f5es sobre Educa\u00e7\u00e3o, passou-se \u00e0 apresenta\u00e7\u00e3o das teses sobre o tema.<\/p>\n\n\n\n<p>O 34\u00ba CONSINASEFE teve in\u00edcio na quinta-feira, 12, e se estende at\u00e9 o domingo, 15 de maio, em Bras\u00edlia (DF). A delega\u00e7\u00e3o do Sinasefe Santa Maria \u00e9 composta pelos delegados Miriane Fonseca, Jos\u00e9 Ab\u00edlio de Freitas e Ad\u00e3o Damasceno, e pelo observador Milton Ferrari<\/p>\n\n\n\n<p><em>Imagens: Sinasefe<\/em><\/p>\n","protected":false},"excerpt":{"rendered":"<p>O segundo dia do 34\u00ba Congresso do Sinasefe (CONSINASEFE) iniciou, na manh\u00e3 da sexta-feira, 13 de maio, com a mesa de Conjuntura, que convocou as e os palestrantes a responderem ao seguinte questionamento: \u201cqual \u00e9 a principal tarefa da classe trabalhadora no atual momento?\u201d. Participaram do debate Virg\u00ednia Fontes, professora da Universidade Federal Fluminense (UFF);<\/p>\n","protected":false},"author":3,"featured_media":4688,"comment_status":"closed","ping_status":"closed","sticky":false,"template":"","format":"standard","meta":{"footnotes":""},"categories":[39,42,45],"tags":[],"class_list":{"0":"post-4687","1":"post","2":"type-post","3":"status-publish","4":"format-standard","5":"has-post-thumbnail","7":"category-eventos","8":"category-noticia","9":"category-sindicato"},"_links":{"self":[{"href":"https:\/\/sinasefesm.com\/index.php\/wp-json\/wp\/v2\/posts\/4687","targetHints":{"allow":["GET"]}}],"collection":[{"href":"https:\/\/sinasefesm.com\/index.php\/wp-json\/wp\/v2\/posts"}],"about":[{"href":"https:\/\/sinasefesm.com\/index.php\/wp-json\/wp\/v2\/types\/post"}],"author":[{"embeddable":true,"href":"https:\/\/sinasefesm.com\/index.php\/wp-json\/wp\/v2\/users\/3"}],"replies":[{"embeddable":true,"href":"https:\/\/sinasefesm.com\/index.php\/wp-json\/wp\/v2\/comments?post=4687"}],"version-history":[{"count":0,"href":"https:\/\/sinasefesm.com\/index.php\/wp-json\/wp\/v2\/posts\/4687\/revisions"}],"wp:featuredmedia":[{"embeddable":true,"href":"https:\/\/sinasefesm.com\/index.php\/wp-json\/wp\/v2\/media\/4688"}],"wp:attachment":[{"href":"https:\/\/sinasefesm.com\/index.php\/wp-json\/wp\/v2\/media?parent=4687"}],"wp:term":[{"taxonomy":"category","embeddable":true,"href":"https:\/\/sinasefesm.com\/index.php\/wp-json\/wp\/v2\/categories?post=4687"},{"taxonomy":"post_tag","embeddable":true,"href":"https:\/\/sinasefesm.com\/index.php\/wp-json\/wp\/v2\/tags?post=4687"}],"curies":[{"name":"wp","href":"https:\/\/api.w.org\/{rel}","templated":true}]}}