{"id":4710,"date":"2022-05-16T14:40:05","date_gmt":"2022-05-16T14:40:05","guid":{"rendered":"https:\/\/sinasefesm.com\/?p=4710"},"modified":"2022-05-16T14:40:05","modified_gmt":"2022-05-16T14:40:05","slug":"nova-direcao-nacional-do-sinasefe-e-empossada","status":"publish","type":"post","link":"https:\/\/sinasefesm.com\/index.php\/2022\/05\/16\/nova-direcao-nacional-do-sinasefe-e-empossada\/","title":{"rendered":"Nova Dire\u00e7\u00e3o Nacional do Sinasefe \u00e9 empossada"},"content":{"rendered":"\n<p>No \u00faltimo domingo, 15 de maio, a nova Dire\u00e7\u00e3o Nacional do Sinasefe, respons\u00e1vel por dirigir a entidade no bi\u00eanio 2022-2022, foi empossada. A solenidade ocorreu durante o 34\u00ba CONSINASEFE, que tamb\u00e9m elegeu as e os novos membros dos Conselhos Fiscal e de \u00c9tica.<\/p>\n\n\n\n<p>Os\/as novos\/as diretores\/as e conselheiros\/as foram escolhidos\/as pelos delegados e delegadas presentes ao Congresso. Para a Dire\u00e7\u00e3o Nacional registraram-se, ao total, 439 votos v\u00e1lidos, 3 votos em branco e 3 votos nulos. Conhe\u00e7a, abaixo, a nova DN: <\/p>\n\n\n\n<h4 class=\"wp-block-heading\">Coordena\u00e7\u00e3o Geral<\/h4>\n\n\n\n<p>Carlos&nbsp;<strong>David<\/strong>&nbsp;de Carvalho&nbsp;<strong>Lob\u00e3o<\/strong>&nbsp;\u2013 Sintef-PB<\/p>\n\n\n\n<p>Maria&nbsp;<strong>Artemis<\/strong>&nbsp;Ribeiro&nbsp;<strong>Martins<\/strong>&nbsp;\u2013 Sindsifce-CE<\/p>\n\n\n\n<p><strong>Elenira<\/strong>&nbsp;Oliveira&nbsp;<strong>Vilela<\/strong>&nbsp;\u2013 Sinasefe IFSC<\/p>\n\n\n\n<h4 class=\"wp-block-heading\">Coordena\u00e7\u00e3o de Administra\u00e7\u00e3o e Finan\u00e7as<\/h4>\n\n\n\n<p><strong>Secret\u00e1ria geral:<\/strong>&nbsp;<strong>Rita<\/strong>&nbsp;Sidmar Alencar&nbsp;<strong>Gil<\/strong>&nbsp;\u2013 Sinasefe IFPA, ERTB e Ciaba<\/p>\n\n\n\n<p><strong>1\u00ba tesoureiro:<\/strong>&nbsp;Diego Rodolfo Sim\u00f5es de Lima \u2013 SS Videira-SC<\/p>\n\n\n\n<p><strong>2\u00ba tesoureira:<\/strong>&nbsp;Denilza da Silva Frade \u2013 Sinasefe S\u00e3o Paulo-SP<\/p>\n\n\n\n<h4 class=\"wp-block-heading\">Coordena\u00e7\u00e3o\u00a0de\u00a0Pessoal<\/h4>\n\n\n\n<p><strong>Docentes:<\/strong>&nbsp;Antonildo Santos Pereira \u2013 SS IF Baiano-BA<\/p>\n\n\n\n<p><strong>T\u00e9cnico(a)-administrativos(as):<\/strong>&nbsp;Lucr\u00e9cia Helena Iacovino \u2013 Sindscope-RJ<\/p>\n\n\n\n<p><strong>Aposentados(as):<\/strong>&nbsp;Odemir Vieira \u2013 Sinasefe IFSC<\/p>\n\n\n\n<h4 class=\"wp-block-heading\">Coordena\u00e7\u00e3o\u00a0de\u00a0Comunica\u00e7\u00e3o<\/h4>\n\n\n\n<p><strong>Secret\u00e1rio:<\/strong>&nbsp;Daniel da Mota Neri \u2013 Sinasefe IFMG<\/p>\n\n\n\n<p><strong>Secret\u00e1ria-adjunta:<\/strong>&nbsp;T\u00e2nia Regina Barbosa de Sousa \u2013 Sinasefe Sergipe<\/p>\n\n\n\n<h4 class=\"wp-block-heading\">Coordena\u00e7\u00e3o\u00a0de\u00a0Pol\u00edticas\u00a0Educacionais\u00a0e\u00a0Culturais<\/h4>\n\n\n\n<p><strong>Secret\u00e1rio:<\/strong>&nbsp;Jo\u00e3o Carlos Chicaczewski \u2013 Sinasefe Litoral -SC<\/p>\n\n\n\n<p><strong>Secret\u00e1ria-adjunto:<\/strong>&nbsp;Manoel Jos\u00e9 Porto Junior \u2013 Sinasefe IF Sul- RS<\/p>\n\n\n\n<h4 class=\"wp-block-heading\">Coordena\u00e7\u00e3o\u00a0de\u00a0Forma\u00e7\u00e3o\u00a0Pol\u00edtica\u00a0e\u00a0Rela\u00e7\u00f5es\u00a0Sindicais<\/h4>\n\n\n\n<p><strong>Secret\u00e1rio:<\/strong>&nbsp;Rafael Bernardo Silveira \u2013 SS Rio do Sul \u2013 SC<\/p>\n\n\n\n<p><strong>Secret\u00e1ria-adjunta:<\/strong>&nbsp;Andreia Pereira Moraes \u2013 Sintietfal \u2013 AL<\/p>\n\n\n\n<h4 class=\"wp-block-heading\">Coordena\u00e7\u00e3o\u00a0Jur\u00eddica\u00a0e\u00a0Rela\u00e7\u00e3o\u00a0de\u00a0Trabalho<\/h4>\n\n\n\n<p><strong>Secret\u00e1rio:<\/strong>&nbsp;Ivo da Silva \u2013 Sinasefe Mato Grosso \u2013 MT<\/p>\n\n\n\n<p><strong>Secret\u00e1ria-adjunta:<\/strong>&nbsp;Larissa Leal Neves \u2013 Sintef- GO<\/p>\n\n\n\n<h4 class=\"wp-block-heading\">Coordena\u00e7\u00e3o\u00a0de\u00a0Pol\u00edticas\u00a0para\u00a0Mulheres<\/h4>\n\n\n\n<p><strong>Secret\u00e1ria:<\/strong>&nbsp;Ma\u00edra Ferreira Martins \u2013 Sinasefe S\u00e3o Paulo \u2013 SP<\/p>\n\n\n\n<p><strong>Secret\u00e1ria-adjunta:<\/strong>&nbsp;Fernanda Ros\u00e1 \u2013 Sinasefe IFSC<\/p>\n\n\n\n<h4 class=\"wp-block-heading\">Coordena\u00e7\u00e3o\u00a0de\u00a0Combate\u00a0\u00e0s\u00a0Opress\u00f5es<\/h4>\n\n\n\n<p><strong>Secret\u00e1ria:<\/strong>&nbsp;Camila Ribeiro de Oliveira F\u00e9lix \u2013 Sinasefe IFBA<\/p>\n\n\n\n<p><strong>Secret\u00e1rio-adjunto:<\/strong>&nbsp;St\u00e2nio de Sousa Vieira \u2013 SS IFTO \u2013 TO<\/p>\n\n\n\n<h4 class=\"wp-block-heading\">Coordena\u00e7\u00e3o de Inclus\u00e3o e Acessibilidade<\/h4>\n\n\n\n<p><strong>Secret\u00e1ria:<\/strong>&nbsp;Luisa Ramos Senna Souza \u2013 Sinasefe IFBA \u2013 BA<\/p>\n\n\n\n<p><strong>Secret\u00e1ria-adjunta<\/strong>: S\u00f4nia Regina Ad\u00e3o \u2013 Sinasefe IFSC<\/p>\n\n\n\n<h4 class=\"wp-block-heading\">Supl\u00eancia<\/h4>\n\n\n\n<p><strong>1\u00aa suplente:<\/strong>&nbsp;Vitor Sales Dias da Rosa \u2013 Sinasefe IFSC<\/p>\n\n\n\n<p><strong>2\u00ba suplente:&nbsp;<\/strong>Fl\u00e1via Hiromi Takahashi \u2013 SS Pimenta Bueno \u2013 RO<\/p>\n\n\n\n<p><strong>3\u00aa suplente:<\/strong>&nbsp;Marcelo Teixeira da Silva \u2013 SS CMR EAMPE \u2013 PE<\/p>\n\n\n\n<p><strong>4\u00ba suplente:<\/strong>&nbsp;Yuri Deleon Buarque Magalh\u00e3es de Souza \u2013 Sintietfal- AL<\/p>\n\n\n\n<p><\/p>\n\n\n\n<p><strong>Conhe\u00e7a, abaixo, o resultado por chapa: <\/strong><\/p>\n\n\n\n<p>Chapa 2 \u2013 Sonhar e Lutar \u2013 153 votos<\/p>\n\n\n\n<p>Chapa 6 \u2013 1\u00ba de maio \u2013 67 votos<\/p>\n\n\n\n<p>Chapa 1 \u2013 Movimento por uma Escola Popular \u2013 66 votos<\/p>\n\n\n\n<p>Chapa 3 \u2013 Sinasefe para Lutar \u2013 65 votos<\/p>\n\n\n\n<p>Chapa 4 \u2013 Unir e Prosseguir na Luta \u2013 34 votos<\/p>\n\n\n\n<p>Chapa 7 \u2013 MI Classista \u2013 28 votos<\/p>\n\n\n\n<p>Chapa 5 \u2013 Movimento Luta de Classes \u2013 26 votos<\/p>\n\n\n\n<p>A vota\u00e7\u00e3o ocorreu na tarde do \u00faltimo s\u00e1bado, 14, terceiro dia do Congresso que teve in\u00edcio na quinta, 12, com a participa\u00e7\u00e3o de centenas de docentes e t\u00e9cnico-administrativos representantes das mais diversas se\u00e7\u00f5es sindicais. <\/p>\n\n\n\n<p><strong>Conselho de \u00c9tica<\/strong><\/p>\n\n\n\n<div class=\"wp-block-image is-style-default\"><figure class=\"aligncenter size-full is-resized\"><img fetchpriority=\"high\" decoding=\"async\" src=\"https:\/\/sinasefesm.com\/wp-content\/uploads\/2022\/05\/WhatsApp-Image-2022-05-15-at-14.42.48.jpeg\" alt=\"\" class=\"wp-image-4714\" width=\"566\" height=\"376\" srcset=\"https:\/\/sinasefesm.com\/wp-content\/uploads\/2022\/05\/WhatsApp-Image-2022-05-15-at-14.42.48.jpeg 1280w, https:\/\/sinasefesm.com\/wp-content\/uploads\/2022\/05\/WhatsApp-Image-2022-05-15-at-14.42.48-300x200.jpeg 300w, https:\/\/sinasefesm.com\/wp-content\/uploads\/2022\/05\/WhatsApp-Image-2022-05-15-at-14.42.48-1024x682.jpeg 1024w, https:\/\/sinasefesm.com\/wp-content\/uploads\/2022\/05\/WhatsApp-Image-2022-05-15-at-14.42.48-768x512.jpeg 768w, https:\/\/sinasefesm.com\/wp-content\/uploads\/2022\/05\/WhatsApp-Image-2022-05-15-at-14.42.48-150x100.jpeg 150w, https:\/\/sinasefesm.com\/wp-content\/uploads\/2022\/05\/WhatsApp-Image-2022-05-15-at-14.42.48-450x300.jpeg 450w, https:\/\/sinasefesm.com\/wp-content\/uploads\/2022\/05\/WhatsApp-Image-2022-05-15-at-14.42.48-1200x800.jpeg 1200w\" sizes=\"(max-width: 566px) 100vw, 566px\" \/><\/figure><\/div>\n\n\n\n<p>Tendo tomado posse tamb\u00e9m neste domingo, em uma vota\u00e7\u00e3o que registrou 429 votos v\u00e1lidos, 14 absten\u00e7\u00f5es, 7 votos em brancos e 8 votos nulos, o novo Conselho de \u00c9tica do Sinasefe \u00e9 composto por:<\/p>\n\n\n\n<ol class=\"wp-block-list\" type=\"1\"><li>Aniceto Rodrigues Pereira \u2013 Sintef-PB \u2013 67 votos<\/li><li>Carlos Henrique Xavier Endo \u2013 Sinasefe SP \u2013 64 votos<\/li><li>Dione Cabral \u2013 Sinasefe IFSP \u2013 155 votos<\/li><li>Elizabeth Soares Dutra \u2013 Sindscope \u2013 123 votos<\/li><li>Jos\u00e9 Ferreira de Sousa Neto \u2013 Sintef-PB \u2013 113 votos<\/li><li>Maria Oseia Bier \u2013 SS IFMT \u2013 144 votos<\/li><li>Nat\u00e1lia Salau Marpica \u2013 SS IFSP \u2013 96 votos<\/li><li>Paula de Jesus Marques \u2013 Sinasefe IFBA \u2013 93 votos<\/li><li>Saulo Daniel Campos de Oliveira \u2013 Sinasefe IFBA \u2013 158 votos<\/li><\/ol>\n\n\n\n<p><strong>Conselho Fiscal<\/strong><\/p>\n\n\n\n<div class=\"wp-block-image is-style-default\"><figure class=\"aligncenter size-full is-resized\"><img decoding=\"async\" src=\"https:\/\/sinasefesm.com\/wp-content\/uploads\/2022\/05\/WhatsApp-Image-2022-05-15-at-14.44.35.jpeg\" alt=\"\" class=\"wp-image-4715\" width=\"541\" height=\"360\" srcset=\"https:\/\/sinasefesm.com\/wp-content\/uploads\/2022\/05\/WhatsApp-Image-2022-05-15-at-14.44.35.jpeg 1280w, https:\/\/sinasefesm.com\/wp-content\/uploads\/2022\/05\/WhatsApp-Image-2022-05-15-at-14.44.35-300x200.jpeg 300w, https:\/\/sinasefesm.com\/wp-content\/uploads\/2022\/05\/WhatsApp-Image-2022-05-15-at-14.44.35-1024x682.jpeg 1024w, https:\/\/sinasefesm.com\/wp-content\/uploads\/2022\/05\/WhatsApp-Image-2022-05-15-at-14.44.35-768x512.jpeg 768w, https:\/\/sinasefesm.com\/wp-content\/uploads\/2022\/05\/WhatsApp-Image-2022-05-15-at-14.44.35-150x100.jpeg 150w, https:\/\/sinasefesm.com\/wp-content\/uploads\/2022\/05\/WhatsApp-Image-2022-05-15-at-14.44.35-450x300.jpeg 450w, https:\/\/sinasefesm.com\/wp-content\/uploads\/2022\/05\/WhatsApp-Image-2022-05-15-at-14.44.35-1200x800.jpeg 1200w\" sizes=\"(max-width: 541px) 100vw, 541px\" \/><\/figure><\/div>\n\n\n\n<p>Tamb\u00e9m foi empossado, durante o 34\u00ba CONSINASEFE, o novo Conselho Fiscal da entidade. A vota\u00e7\u00e3o contou com 458 votos v\u00e1lidos, 14 absten\u00e7\u00f5es, 17 votos em brancos e 11 votos nulos. Confira, abaixo, as e os integrantes:<\/p>\n\n\n\n<ol class=\"wp-block-list\" type=\"1\"><li>Amarildo Jobin Campos Neves \u2013 SS IFMT \u2013 128 votos<\/li><li>Eul\u00e1lio Jos\u00e9 do Lago Costa \u2013 Sindsifce \u2013 168 votos<\/li><li>Jos\u00e9 do Nascimento Junior \u2013 Sintef-PB \u2013 220 votos<\/li><li>Paulo Marconi Linhares Mendon\u00e7a \u2013 Sindsifce (renunciou por incompatibilidade \u2013 cargo em se\u00e7\u00e3o sindical) \u2013 70 votos<\/li><li>Silvio Marcio Montenegro Machado \u2013 SS IF Baiano \u2013 111 votos<\/li><li>Victor Braz Iturriet \u2013 SS IF Sul \u2013 158 votos<\/li><\/ol>\n\n\n\n<p><strong>Outros encaminhamentos<\/strong><\/p>\n\n\n\n<p>No s\u00e1bado tamb\u00e9m foi definida a data do 3\u00ba Encontro Nacional de Mulheres, previsto para ocorrer nos dias 18, 19 e 20 de agosto, em Fortaleza (CE).<\/p>\n\n\n\n<p>Outra delibera\u00e7\u00e3o votada pelas e pelos congressistas foi a respeito da greve do Sinasefe, anteriormente indicada para iniciar em 16 de maio, pr\u00f3xima segunda-feira. Tal data foi referendada no Congresso, que sinalizou sobre a import\u00e2ncia de se constituir um Comando Nacional de Greve (CNG), a ser composto por representantes das se\u00e7\u00f5es sindicais que aderirem ao movimento paredista.<\/p>\n\n\n\n<p>Dentre as pautas principais que levam as e os trabalhadores da Rede Federal a deflagrarem greve est\u00e1 a exig\u00eancia de recomposi\u00e7\u00e3o salarial da ordem de 19,99%, com o objetivo de repor as perdas inflacion\u00e1rias acumuladas durante os \u00faltimos tr\u00eas anos. Desde janeiro deste ano, o Sinasefe mobiliza-se ao lado das demais entidades que comp\u00f5em o Fonasefe (F\u00f3rum das Entidades Nacionais das e dos Servidores P\u00fablicos Federais). Outras reivindica\u00e7\u00f5es s\u00e3o a revoga\u00e7\u00e3o da Emenda Constitucional 95 e a derrubada da Reforma Administrativa (PEC 32\/20) no Congresso Nacional.<\/p>\n","protected":false},"excerpt":{"rendered":"<p>No \u00faltimo domingo, 15 de maio, a nova Dire\u00e7\u00e3o Nacional do Sinasefe, respons\u00e1vel por dirigir a entidade no bi\u00eanio 2022-2022, foi empossada. A solenidade ocorreu durante o 34\u00ba CONSINASEFE, que tamb\u00e9m elegeu as e os novos membros dos Conselhos Fiscal e de \u00c9tica. Os\/as novos\/as diretores\/as e conselheiros\/as foram escolhidos\/as pelos delegados e delegadas presentes<\/p>\n","protected":false},"author":3,"featured_media":4712,"comment_status":"closed","ping_status":"closed","sticky":false,"template":"","format":"standard","meta":{"footnotes":""},"categories":[37,39,42,45],"tags":[],"class_list":{"0":"post-4710","1":"post","2":"type-post","3":"status-publish","4":"format-standard","5":"has-post-thumbnail","7":"category-destaque","8":"category-eventos","9":"category-noticia","10":"category-sindicato"},"_links":{"self":[{"href":"https:\/\/sinasefesm.com\/index.php\/wp-json\/wp\/v2\/posts\/4710","targetHints":{"allow":["GET"]}}],"collection":[{"href":"https:\/\/sinasefesm.com\/index.php\/wp-json\/wp\/v2\/posts"}],"about":[{"href":"https:\/\/sinasefesm.com\/index.php\/wp-json\/wp\/v2\/types\/post"}],"author":[{"embeddable":true,"href":"https:\/\/sinasefesm.com\/index.php\/wp-json\/wp\/v2\/users\/3"}],"replies":[{"embeddable":true,"href":"https:\/\/sinasefesm.com\/index.php\/wp-json\/wp\/v2\/comments?post=4710"}],"version-history":[{"count":0,"href":"https:\/\/sinasefesm.com\/index.php\/wp-json\/wp\/v2\/posts\/4710\/revisions"}],"wp:featuredmedia":[{"embeddable":true,"href":"https:\/\/sinasefesm.com\/index.php\/wp-json\/wp\/v2\/media\/4712"}],"wp:attachment":[{"href":"https:\/\/sinasefesm.com\/index.php\/wp-json\/wp\/v2\/media?parent=4710"}],"wp:term":[{"taxonomy":"category","embeddable":true,"href":"https:\/\/sinasefesm.com\/index.php\/wp-json\/wp\/v2\/categories?post=4710"},{"taxonomy":"post_tag","embeddable":true,"href":"https:\/\/sinasefesm.com\/index.php\/wp-json\/wp\/v2\/tags?post=4710"}],"curies":[{"name":"wp","href":"https:\/\/api.w.org\/{rel}","templated":true}]}}