{"id":4731,"date":"2022-05-20T02:09:05","date_gmt":"2022-05-20T02:09:05","guid":{"rendered":"https:\/\/sinasefesm.com\/?p=4731"},"modified":"2022-05-20T02:09:05","modified_gmt":"2022-05-20T02:09:05","slug":"ufsm-notifica-que-todos-os-servidores-retornarao-a-presencialidade-em-6-de-junho","status":"publish","type":"post","link":"https:\/\/sinasefesm.com\/index.php\/2022\/05\/20\/ufsm-notifica-que-todos-os-servidores-retornarao-a-presencialidade-em-6-de-junho\/","title":{"rendered":"UFSM notifica que todos os servidores retornar\u00e3o \u00e0 presencialidade em 6 de junho"},"content":{"rendered":"\n<p>Em email recentemente enviado \u00e0s servidoras e servidores da UFSM, a Pr\u00f3-Reitoria de Gest\u00e3o de Pessoas (Progep) informou que todas as servidoras e servidores da institui\u00e7\u00e3o devem retornar ao trabalho presencial a partir do pr\u00f3ximo dia 6 de junho.<\/p>\n\n\n\n<p>Desta forma, aqueles\/as docentes e t\u00e9cnico-administrativos\/as em educa\u00e7\u00e3o que v\u00eam at\u00e9 ent\u00e3o desempenhando suas atividades de forma remota, em fun\u00e7\u00e3o de terem doen\u00e7as consideradas comorbidade para a Covid-19, ter\u00e3o de retornar.<\/p>\n\n\n\n<p>Tal altera\u00e7\u00e3o deve-se \u00e0 <a href=\"https:\/\/www.in.gov.br\/en\/web\/dou\/-\/instrucao-normativa-sgp\/sedgg\/me-n-36-de-5-de-maio-de-2022-398070016\" data-type=\"URL\" data-id=\"https:\/\/www.in.gov.br\/en\/web\/dou\/-\/instrucao-normativa-sgp\/sedgg\/me-n-36-de-5-de-maio-de-2022-398070016\" target=\"_blank\" rel=\"noreferrer noopener\">Instru\u00e7\u00e3o Normativa SGP\/SEDGG\/ME n\u00ba 36<\/a>, publicada em 5 de maio de 2022, e cujo conte\u00fado revoga a Instru\u00e7\u00e3o Normativa SGP\/SEDGG\/ME n\u00ba 90, de 28 de setembro de 2021. Em resumo, a nova normativa determina o retorno \u00e0 presencialidade para todas as servidoras e servidores, bem como empregadas e empregados p\u00fablicos, dos \u00f3rg\u00e3os e entidades do Sistema de Pessoal Civil da Administra\u00e7\u00e3o P\u00fablica Federal (Sipec).<\/p>\n\n\n\n<p>&#8220;Portanto, a partir da entrada em vigor da IN n\u00ba 36, nenhum servidor estar\u00e1 autorizado a permanecer em trabalho remoto por decorr\u00eancia da pandemia de Covid-19&#8221;, finaliza nota publicada no site da UFSM na \u00faltima quarta-feira, 18 de maio.<\/p>\n\n\n\n<p><em>Foto: Carol Lemos\/UFSM<\/em><\/p>\n","protected":false},"excerpt":{"rendered":"<p>Em email recentemente enviado \u00e0s servidoras e servidores da UFSM, a Pr\u00f3-Reitoria de Gest\u00e3o de Pessoas (Progep) informou que todas as servidoras e servidores da institui\u00e7\u00e3o devem retornar ao trabalho presencial a partir do pr\u00f3ximo dia 6 de junho. Desta forma, aqueles\/as docentes e t\u00e9cnico-administrativos\/as em educa\u00e7\u00e3o que v\u00eam at\u00e9 ent\u00e3o desempenhando suas atividades de<\/p>\n","protected":false},"author":3,"featured_media":4732,"comment_status":"closed","ping_status":"closed","sticky":false,"template":"","format":"standard","meta":{"footnotes":""},"categories":[37,42],"tags":[],"class_list":{"0":"post-4731","1":"post","2":"type-post","3":"status-publish","4":"format-standard","5":"has-post-thumbnail","7":"category-destaque","8":"category-noticia"},"_links":{"self":[{"href":"https:\/\/sinasefesm.com\/index.php\/wp-json\/wp\/v2\/posts\/4731","targetHints":{"allow":["GET"]}}],"collection":[{"href":"https:\/\/sinasefesm.com\/index.php\/wp-json\/wp\/v2\/posts"}],"about":[{"href":"https:\/\/sinasefesm.com\/index.php\/wp-json\/wp\/v2\/types\/post"}],"author":[{"embeddable":true,"href":"https:\/\/sinasefesm.com\/index.php\/wp-json\/wp\/v2\/users\/3"}],"replies":[{"embeddable":true,"href":"https:\/\/sinasefesm.com\/index.php\/wp-json\/wp\/v2\/comments?post=4731"}],"version-history":[{"count":0,"href":"https:\/\/sinasefesm.com\/index.php\/wp-json\/wp\/v2\/posts\/4731\/revisions"}],"wp:featuredmedia":[{"embeddable":true,"href":"https:\/\/sinasefesm.com\/index.php\/wp-json\/wp\/v2\/media\/4732"}],"wp:attachment":[{"href":"https:\/\/sinasefesm.com\/index.php\/wp-json\/wp\/v2\/media?parent=4731"}],"wp:term":[{"taxonomy":"category","embeddable":true,"href":"https:\/\/sinasefesm.com\/index.php\/wp-json\/wp\/v2\/categories?post=4731"},{"taxonomy":"post_tag","embeddable":true,"href":"https:\/\/sinasefesm.com\/index.php\/wp-json\/wp\/v2\/tags?post=4731"}],"curies":[{"name":"wp","href":"https:\/\/api.w.org\/{rel}","templated":true}]}}