{"id":4743,"date":"2022-05-25T23:14:18","date_gmt":"2022-05-25T23:14:18","guid":{"rendered":"https:\/\/sinasefesm.com\/?p=4743"},"modified":"2022-05-25T23:14:18","modified_gmt":"2022-05-25T23:14:18","slug":"e-adiada-votacao-da-pec-que-institui-mensalidade-em-universidades-publicas","status":"publish","type":"post","link":"https:\/\/sinasefesm.com\/index.php\/2022\/05\/25\/e-adiada-votacao-da-pec-que-institui-mensalidade-em-universidades-publicas\/","title":{"rendered":"\u00c9 adiada vota\u00e7\u00e3o da PEC que institui mensalidade em universidades p\u00fablicas"},"content":{"rendered":"\n<p>Pressionada por partidos pol\u00edticos, entidades sindicais e coletivos estudantis, a Comiss\u00e3o de Constitui\u00e7\u00e3o e Justi\u00e7a (CCJ) da C\u00e2mara dos Deputados adiou a vota\u00e7\u00e3o da Proposta de Emenda \u00e0 Constitui\u00e7\u00e3o (PEC) 206\/2019, que deveria ter sido apreciada na \u00faltima ter\u00e7a-feira, 24 de maio. A PEC, elaborada pelo deputado federal General Peternalli (Uni\u00e3o-SP), prop\u00f5e que a gratuidade do ensino superior p\u00fablico seja destinada somente a estudantes com car\u00eancia financeira. De imediato, o projeto causou revolta nas brasileiras e brasileiros, repercutindo negativamente em todo o pa\u00eds.<\/p>\n\n\n\n<p>A Proposta, cujo relator \u00e9 o deputado Kim Kataguri (Uni\u00e3o-SP), foi apresentada na C\u00e2mara dos Deputados por Peternalli ainda em 2019. Segundo o autor, a PEC tem por objetivo estabelecer a cobran\u00e7a de mensalidades de alunos que apresentem boas condi\u00e7\u00f5es financeiras, enquanto os universit\u00e1rios mais pobres continuariam sem pagar para estudar em uma universidade p\u00fablica. A ideia \u00e9 que o valor m\u00e1ximo de cada mensalidade n\u00e3o ultrapasse 50% do pre\u00e7o m\u00e9dio cobrado por institui\u00e7\u00f5es privadas, e que seja criada uma comiss\u00e3o, formada por alunos, professores e assistentes sociais, para avaliar a condi\u00e7\u00e3o econ\u00f4mica de cada estudante. Como destino final, o capital arrecadado seria voltado para as pr\u00f3prias institui\u00e7\u00f5es investirem em ci\u00eancia, tecnologia e qualidade de ensino.<\/p>\n\n\n\n<p>Contudo, a PEC 206 \u00e9 incoerente em seus objetivos, uma vez que a cobran\u00e7a de mensalidades resultaria no crescimento da elitiza\u00e7\u00e3o do ensino superior e poss\u00edvel diminui\u00e7\u00e3o dos valores destinados pelo governo \u00e0s universidades, o que aceleraria o sucateamento da educa\u00e7\u00e3o p\u00fablica brasileira. \u00c9 importante relembrar que nesse ano, 2022, <a href=\"https:\/\/sinasefesm.com\/com-orcamento-escasso-universidades-federais-terao-que-fazer-malabarismo-para-terminar-2022-em-pleno-funcionamento\/\">o or\u00e7amento destinado \u00e0 educa\u00e7\u00e3o superior sofreu, mais uma vez, redu\u00e7\u00f5es<\/a>. Na UFSM, a perda foi de 26,6%, em rela\u00e7\u00e3o ao or\u00e7amento de 2019.&nbsp;<\/p>\n\n\n\n<p>Afora isso, as universidades federais j\u00e1 possuem, desde 2012, um programa de inser\u00e7\u00e3o de estudantes de baixa renda no ensino superior: a <a href=\"https:\/\/sinasefesm.com\/em-meio-a-atos-de-racismo-lei-de-cotas-completa-14-anos-de-implementacao-na-ufsm\/\">Lei de Cotas<\/a>, segundo a qual 50% das vagas devem ser destinadas a alunos\/as que tenham feito o ensino m\u00e9dio em col\u00e9gios p\u00fablicos, e 50% a estudantes pertencentes a fam\u00edlias de renda igual ou inferior a 1,5 sal\u00e1rio-m\u00ednimo <em>per capita<\/em>. Logo, a cobran\u00e7a de mensalidades estimula a privatiza\u00e7\u00e3o do ensino p\u00fablico, al\u00e9m de n\u00e3o reduzir nenhum tipo de desigualdade social.<\/p>\n\n\n\n<p><strong>Qual o futuro da PEC?<\/strong><\/p>\n\n\n\n<p>Foi decidido, em debate pelos deputados, que deve ser feita uma audi\u00eancia p\u00fablica sobre a Proposta antes que ela seja votada. A audi\u00eancia ainda n\u00e3o tem data para ocorrer.&nbsp;<\/p>\n\n\n\n<p>Acompanhe nosso site e redes sociais, para se manter informado(a) a respeito da tramita\u00e7\u00e3o da PEC 206\/19.<\/p>\n\n\n\n<p><em>Texto: Laurent Keller<\/em><\/p>\n\n\n\n<p><em>Revis\u00e3o: Bruna Homrich<\/em><\/p>\n\n\n\n<p><em>Imagem: C\u00e2mara dos Deputados<\/em><\/p>\n","protected":false},"excerpt":{"rendered":"<p>Pressionada por partidos pol\u00edticos, entidades sindicais e coletivos estudantis, a Comiss\u00e3o de Constitui\u00e7\u00e3o e Justi\u00e7a (CCJ) da C\u00e2mara dos Deputados adiou a vota\u00e7\u00e3o da Proposta de Emenda \u00e0 Constitui\u00e7\u00e3o (PEC) 206\/2019, que deveria ter sido apreciada na \u00faltima ter\u00e7a-feira, 24 de maio. A PEC, elaborada pelo deputado federal General Peternalli (Uni\u00e3o-SP), prop\u00f5e que a gratuidade<\/p>\n","protected":false},"author":5,"featured_media":4746,"comment_status":"closed","ping_status":"closed","sticky":false,"template":"","format":"standard","meta":{"footnotes":""},"categories":[37,42],"tags":[],"class_list":{"0":"post-4743","1":"post","2":"type-post","3":"status-publish","4":"format-standard","5":"has-post-thumbnail","7":"category-destaque","8":"category-noticia"},"_links":{"self":[{"href":"https:\/\/sinasefesm.com\/index.php\/wp-json\/wp\/v2\/posts\/4743","targetHints":{"allow":["GET"]}}],"collection":[{"href":"https:\/\/sinasefesm.com\/index.php\/wp-json\/wp\/v2\/posts"}],"about":[{"href":"https:\/\/sinasefesm.com\/index.php\/wp-json\/wp\/v2\/types\/post"}],"author":[{"embeddable":true,"href":"https:\/\/sinasefesm.com\/index.php\/wp-json\/wp\/v2\/users\/5"}],"replies":[{"embeddable":true,"href":"https:\/\/sinasefesm.com\/index.php\/wp-json\/wp\/v2\/comments?post=4743"}],"version-history":[{"count":0,"href":"https:\/\/sinasefesm.com\/index.php\/wp-json\/wp\/v2\/posts\/4743\/revisions"}],"wp:featuredmedia":[{"embeddable":true,"href":"https:\/\/sinasefesm.com\/index.php\/wp-json\/wp\/v2\/media\/4746"}],"wp:attachment":[{"href":"https:\/\/sinasefesm.com\/index.php\/wp-json\/wp\/v2\/media?parent=4743"}],"wp:term":[{"taxonomy":"category","embeddable":true,"href":"https:\/\/sinasefesm.com\/index.php\/wp-json\/wp\/v2\/categories?post=4743"},{"taxonomy":"post_tag","embeddable":true,"href":"https:\/\/sinasefesm.com\/index.php\/wp-json\/wp\/v2\/tags?post=4743"}],"curies":[{"name":"wp","href":"https:\/\/api.w.org\/{rel}","templated":true}]}}