{"id":4788,"date":"2022-06-02T19:57:42","date_gmt":"2022-06-02T19:57:42","guid":{"rendered":"https:\/\/sinasefesm.com\/?p=4788"},"modified":"2022-06-02T19:57:42","modified_gmt":"2022-06-02T19:57:42","slug":"em-nota-sinasefe-reforca-sua-posicao-contra-a-violencia-do-estado","status":"publish","type":"post","link":"https:\/\/sinasefesm.com\/index.php\/2022\/06\/02\/em-nota-sinasefe-reforca-sua-posicao-contra-a-violencia-do-estado\/","title":{"rendered":"Em nota, Sinasefe refor\u00e7a sua posi\u00e7\u00e3o contra \u00e0 viol\u00eancia do Estado"},"content":{"rendered":"\n<p>Na \u00faltima segunda-feira, 30 de maio, o Sinasefe Nacional divulgou uma nota reiterando sua posi\u00e7\u00e3o contra atos racistas e contra a viol\u00eancia provocada por agentes p\u00fablicos. O texto foi publicado ap\u00f3s a\u00e7\u00f5es truculentas contra pessoas pobres, majoritariamente negras, realizadas por agentes do Estado nos dias 24 e 25 de maio. Confira a \u00edntegra da nota da Dire\u00e7\u00e3o Nacional:<\/p>\n\n\n\n<p><\/p>\n\n\n\n<h2 class=\"wp-block-heading\"><em>Nota de rep\u00fadio contra a viol\u00eancia do Estado Brasileiro<\/em><\/h2>\n\n\n\n<p><em>&#8221;\u00c0 sociedade brasileira, sindicalizados e sindicalizadas do SINASEFE.<\/em><\/p>\n\n\n\n<p><em>Nos dias 24 e 25 de maio de 2022, o Brasil ficou estarrecido ao assistir pelas redes sociais e telejornais, a\u00e7\u00f5es truculentas praticadas por agentes p\u00fablicos do Estado brasileiro contra pessoas pobres, na maioria negras, verdadeiros atos de exterm\u00ednio.<\/em><\/p>\n\n\n\n<p><em>No dia 24\/05\/2022, na Vila Cruzeiro, no Complexo da Penha, na Zona Norte do Rio de Janeiro-RJ, 25 pessoas foram mortas. A localidade, que abriga 70 mil fam\u00edlias, teve uma invas\u00e3o abrupta da Pol\u00edcia Militar e Pol\u00edcia Rodovi\u00e1ria Federal (PRF), pol\u00edcias que escolheram a morte como m\u00e9todo de seguran\u00e7a. Essa trag\u00e9dia humana deixou mais uma marca registrada de como o Estado brasileiro \u00e9 opressor para as pessoas que n\u00e3o est\u00e3o inseridas nos espa\u00e7os de poder pol\u00edtico, econ\u00f4mico e social.<\/em><\/p>\n\n\n\n<p><em>No dia seguinte, 25\/05\/2022, o cidad\u00e3o negro Genivaldo Jesus dos Santos, 38 anos de idade que portava apenas rem\u00e9dio no bolso, foi brutalmente assassinado. Numa a\u00e7\u00e3o truculenta, de forma violenta e cruel, o colocaram dentro de um cambur\u00e3o em plena luz do dia, fazendo-o agonizar at\u00e9 morrer por asfixia, em raz\u00e3o do acionamento de bomba de g\u00e1s pimenta e lacrimog\u00eaneo. Como se n\u00e3o bastasse o assassinato covarde de um homem negro, algemado e imobilizado pelos \u201coficiais da lei\u201d \u2013 agentes da PRF, assistimos perplexos esse absurdo acontecer com o uso de uma t\u00e9cnica de exterm\u00ednio, utilizada por nazistas nos guetos e campos de concentra\u00e7\u00e3o da Alemanha nazista de Hitler: quando homens, mulheres e crian\u00e7as eram exterminadas nas c\u00e2maras de g\u00e1s.<\/em><\/p>\n\n\n\n<p><em>O fato \u00e9 que essas situa\u00e7\u00f5es horrendas de banaliza\u00e7\u00e3o da morte patrocinadas por agentes p\u00fablicos fazem parte de uma hist\u00f3ria brasileira marcada pelo \u00f3dio de classe e pelo racismo estrutural. N\u00e3o \u00e9 \u00e0 toa que a maioria das pessoas v\u00edtimas desses genoc\u00eddios s\u00e3o negras e negros.<\/em><\/p>\n\n\n\n<p><em>A raz\u00e3o principal para essa intoler\u00e2ncia \u00e9 o racismo! A desigualdade racial \u00e9 fruto do racismo hist\u00f3rico que se manifesta nesses agentes p\u00fablicos. Entendemos que a fun\u00e7\u00e3o do poder p\u00fablico \u00e9 transmitir respeito a todos numa comunidade e n\u00e3o patrocinar o terror!<\/em><\/p>\n\n\n\n<p><em>Manifestamos todo nosso rep\u00fadio \u00e0s trucul\u00eancias dos agentes p\u00fablicos que deveriam prestar servi\u00e7os de seguran\u00e7a com todo respeito \u00e0 popula\u00e7\u00e3o, n\u00e3o repetir atitudes desumanas. Repudiamos ainda a posi\u00e7\u00e3o do desgoverno Bolsonaro que aplaudiu a chacina da Vila Cruzeiro e o sil\u00eancio sepulcral no caso de Genivaldo mostrando que tipo de gente e classe representa.<\/em><\/p>\n\n\n\n<p><em>Por fim, nos solidarizamos com seus familiares e com todas as pessoas que combatem quaisquer tipos de intoler\u00e2ncias correlatas!<\/em><\/p>\n\n\n\n<p><em>Justi\u00e7a para todos e todas, j\u00e1!<\/em><\/p>\n\n\n\n<p><em>Racismo \u00e9 crime!&nbsp;<\/em>&#8221;<\/p>\n\n\n\n<p> &#8211; <strong>Dire\u00e7\u00e3o Nacional do SINASEFE<\/strong><\/p>\n\n\n\n<p>Para acessar a nota completa, clique <a href=\"https:\/\/sinasefe.org.br\/site\/download\/nota-de-repudio-contra-a-violencia-do-estado-brasileiro\/\">aqui<\/a>.<\/p>\n\n\n\n<p><em>Texto: Laurent Keller<\/em><\/p>\n\n\n\n<p><em>Revis\u00e3o: Bruna Homrich<\/em><\/p>\n\n\n\n<p><em>Imagem: Sinasefe Nacional<\/em><\/p>\n","protected":false},"excerpt":{"rendered":"<p>Na \u00faltima segunda-feira, 30 de maio, o Sinasefe Nacional divulgou uma nota reiterando sua posi\u00e7\u00e3o contra atos racistas e contra a viol\u00eancia provocada por agentes p\u00fablicos. O texto foi publicado ap\u00f3s a\u00e7\u00f5es truculentas contra pessoas pobres, majoritariamente negras, realizadas por agentes do Estado nos dias 24 e 25 de maio. Confira a \u00edntegra da nota<\/p>\n","protected":false},"author":5,"featured_media":4789,"comment_status":"closed","ping_status":"closed","sticky":false,"template":"","format":"standard","meta":{"footnotes":""},"categories":[42,45],"tags":[230],"class_list":{"0":"post-4788","1":"post","2":"type-post","3":"status-publish","4":"format-standard","5":"has-post-thumbnail","7":"category-noticia","8":"category-sindicato","9":"tag-violencia-policial"},"_links":{"self":[{"href":"https:\/\/sinasefesm.com\/index.php\/wp-json\/wp\/v2\/posts\/4788","targetHints":{"allow":["GET"]}}],"collection":[{"href":"https:\/\/sinasefesm.com\/index.php\/wp-json\/wp\/v2\/posts"}],"about":[{"href":"https:\/\/sinasefesm.com\/index.php\/wp-json\/wp\/v2\/types\/post"}],"author":[{"embeddable":true,"href":"https:\/\/sinasefesm.com\/index.php\/wp-json\/wp\/v2\/users\/5"}],"replies":[{"embeddable":true,"href":"https:\/\/sinasefesm.com\/index.php\/wp-json\/wp\/v2\/comments?post=4788"}],"version-history":[{"count":0,"href":"https:\/\/sinasefesm.com\/index.php\/wp-json\/wp\/v2\/posts\/4788\/revisions"}],"wp:featuredmedia":[{"embeddable":true,"href":"https:\/\/sinasefesm.com\/index.php\/wp-json\/wp\/v2\/media\/4789"}],"wp:attachment":[{"href":"https:\/\/sinasefesm.com\/index.php\/wp-json\/wp\/v2\/media?parent=4788"}],"wp:term":[{"taxonomy":"category","embeddable":true,"href":"https:\/\/sinasefesm.com\/index.php\/wp-json\/wp\/v2\/categories?post=4788"},{"taxonomy":"post_tag","embeddable":true,"href":"https:\/\/sinasefesm.com\/index.php\/wp-json\/wp\/v2\/tags?post=4788"}],"curies":[{"name":"wp","href":"https:\/\/api.w.org\/{rel}","templated":true}]}}