{"id":4810,"date":"2022-06-08T03:16:07","date_gmt":"2022-06-08T03:16:07","guid":{"rendered":"https:\/\/sinasefesm.com\/?p=4810"},"modified":"2022-06-08T03:16:07","modified_gmt":"2022-06-08T03:16:07","slug":"audiencia-publica-na-ufsm-discute-mobilizacao-contra-cortes","status":"publish","type":"post","link":"https:\/\/sinasefesm.com\/index.php\/2022\/06\/08\/audiencia-publica-na-ufsm-discute-mobilizacao-contra-cortes\/","title":{"rendered":"Audi\u00eancia p\u00fablica na UFSM discute mobiliza\u00e7\u00e3o contra cortes"},"content":{"rendered":"\n<p>Nesta quinta-feira, 9 de junho, um importante evento ocorre em nossa universidade. O Sinasefe, ao lado das demais entidades representativas, convoca sua base a participar da audi\u00eancia p\u00fablica para discutir a\u00e7\u00f5es de resist\u00eancia frente aos cortes decretados pelo governo Bolsonaro no or\u00e7amento das universidades e institutos federais. Caso os bloqueios n\u00e3o sejam revertidos, a qualidade do servi\u00e7o prestado pela universidade \u00e0 comunidade, bem como os projetos de pesquisa e extens\u00e3o, estar\u00e3o sob amea\u00e7a.<\/p>\n\n\n\n<p>A audi\u00eancia ocorre a partir das 10h, no Audit\u00f3rio L\u00f3i Trindade Berneira (Pr\u00e9dio C- Qu\u00edmica), com transmiss\u00e3o ao vivo pelo <a rel=\"noreferrer noopener\" href=\"https:\/\/www.youtube.com\/c\/UniversidadeFederaldeSantaMariaUFSM\/featured\" data-type=\"URL\" data-id=\"https:\/\/www.youtube.com\/c\/UniversidadeFederaldeSantaMariaUFSM\/featured\" target=\"_blank\">canal da UFSM no Youtube<\/a>.<\/p>\n\n\n\n<p>Em nota, a Assessoria do Gabinete do Reitor Luciano Schuch informou que metade do valor originalmente bloqueado (quase R$ 19 milh\u00f5es) foi liberado na \u00faltima sexta-feira, 3 de junho, n\u00e3o existindo, contudo, qualquer previs\u00e3o de libera\u00e7\u00e3o dos cerca de R$ 9 milh\u00f5es restantes. Para entender melhor a situa\u00e7\u00e3o or\u00e7ament\u00e1ria da universidade, <a rel=\"noreferrer noopener\" href=\"https:\/\/sinasefesm.com\/nao-tem-como-se-adequar-a-um-corte-orcamentario-dessa-ordem-diz-reitor-da-ufsm\/\" data-type=\"URL\" data-id=\"https:\/\/sinasefesm.com\/nao-tem-como-se-adequar-a-um-corte-orcamentario-dessa-ordem-diz-reitor-da-ufsm\/\" target=\"_blank\">clique aqui<\/a>.<\/p>\n\n\n\n<p>\u00c9 urgente reagirmos \u00e0 pol\u00edtica de sucateamento e precariza\u00e7\u00e3o imposta \u00e0s nossas institui\u00e7\u00f5es! <\/p>\n","protected":false},"excerpt":{"rendered":"<p>Nesta quinta-feira, 9 de junho, um importante evento ocorre em nossa universidade. O Sinasefe, ao lado das demais entidades representativas, convoca sua base a participar da audi\u00eancia p\u00fablica para discutir a\u00e7\u00f5es de resist\u00eancia frente aos cortes decretados pelo governo Bolsonaro no or\u00e7amento das universidades e institutos federais. Caso os bloqueios n\u00e3o sejam revertidos, a qualidade<\/p>\n","protected":false},"author":3,"featured_media":4811,"comment_status":"closed","ping_status":"closed","sticky":false,"template":"","format":"standard","meta":{"footnotes":""},"categories":[37,39,41,42,45],"tags":[],"class_list":{"0":"post-4810","1":"post","2":"type-post","3":"status-publish","4":"format-standard","5":"has-post-thumbnail","7":"category-destaque","8":"category-eventos","9":"category-movimento","10":"category-noticia","11":"category-sindicato"},"_links":{"self":[{"href":"https:\/\/sinasefesm.com\/index.php\/wp-json\/wp\/v2\/posts\/4810","targetHints":{"allow":["GET"]}}],"collection":[{"href":"https:\/\/sinasefesm.com\/index.php\/wp-json\/wp\/v2\/posts"}],"about":[{"href":"https:\/\/sinasefesm.com\/index.php\/wp-json\/wp\/v2\/types\/post"}],"author":[{"embeddable":true,"href":"https:\/\/sinasefesm.com\/index.php\/wp-json\/wp\/v2\/users\/3"}],"replies":[{"embeddable":true,"href":"https:\/\/sinasefesm.com\/index.php\/wp-json\/wp\/v2\/comments?post=4810"}],"version-history":[{"count":0,"href":"https:\/\/sinasefesm.com\/index.php\/wp-json\/wp\/v2\/posts\/4810\/revisions"}],"wp:featuredmedia":[{"embeddable":true,"href":"https:\/\/sinasefesm.com\/index.php\/wp-json\/wp\/v2\/media\/4811"}],"wp:attachment":[{"href":"https:\/\/sinasefesm.com\/index.php\/wp-json\/wp\/v2\/media?parent=4810"}],"wp:term":[{"taxonomy":"category","embeddable":true,"href":"https:\/\/sinasefesm.com\/index.php\/wp-json\/wp\/v2\/categories?post=4810"},{"taxonomy":"post_tag","embeddable":true,"href":"https:\/\/sinasefesm.com\/index.php\/wp-json\/wp\/v2\/tags?post=4810"}],"curies":[{"name":"wp","href":"https:\/\/api.w.org\/{rel}","templated":true}]}}