{"id":4823,"date":"2022-06-10T20:37:26","date_gmt":"2022-06-10T20:37:26","guid":{"rendered":"https:\/\/sinasefesm.com\/?p=4823"},"modified":"2022-06-10T20:37:26","modified_gmt":"2022-06-10T20:37:26","slug":"audiencia-publica-expoe-as-sequelas-dos-cortes-orcamentarios-sofridos-pela-ufsm","status":"publish","type":"post","link":"https:\/\/sinasefesm.com\/index.php\/2022\/06\/10\/audiencia-publica-expoe-as-sequelas-dos-cortes-orcamentarios-sofridos-pela-ufsm\/","title":{"rendered":"Audi\u00eancia P\u00fablica exp\u00f5e as sequelas dos cortes or\u00e7ament\u00e1rios sofridos pela UFSM"},"content":{"rendered":"\n<p>A UFSM promoveu uma audi\u00eancia p\u00fablica na \u00faltima quinta-feira, 9, para apresentar as consequ\u00eancias dos cortes realizados no or\u00e7amento de 2022 das universidades e institutos federais, e do bloqueio ocorrido em 27 de maio. O evento, realizado no audit\u00f3rio L\u00f3i Berneira Trindade (pr\u00e9dio C, da Qu\u00edmica), contou com a presen\u00e7a do Reitor, Luciano Schuch, e da Vice-reitora, Martha Adaime, al\u00e9m de sindicatos, movimentos estudantis e da comunidade acad\u00eamica em geral.&nbsp;<br><\/p>\n\n\n\n<figure class=\"wp-block-image size-full\"><img decoding=\"async\" src=\"https:\/\/sinasefesm.com\/wp-content\/uploads\/2022\/06\/IMG-7558-1-scaled.jpg\" alt=\"\" class=\"wp-image-4830\"\/><figcaption>Reitor Luciano Schuch apresentando os cortes or\u00e7ament\u00e1rios de 2022.<\/figcaption><\/figure>\n\n\n\n<p>Para representar o Sinasefe, estiveram presentes na audi\u00eancia Claudio Rodrigues do Nascimento, Secret\u00e1rio dos Aposentados, e Jos\u00e9 Ab\u00edlio de Freitas, Coordenador Geral. De acordo com a assessoria da Reitoria, em torno de 500 pessoas acompanharam o evento ao vivo pela <a href=\"https:\/\/youtu.be\/6gTWZWL787U\">transmiss\u00e3o feita no YouTube da UFSM<\/a>, enquanto, presencialmente, havia cerca de 200.<\/p>\n\n\n\n<p>Em fala inicial, o Reitor da institui\u00e7\u00e3o explicou que o sucateamento da institui\u00e7\u00e3o vem acontecendo desde o in\u00edcio do ano, quando a universidade j\u00e1 enfrentava um d\u00e9ficit financeiro de 38 milh\u00f5es de reais. Na Lei Or\u00e7ament\u00e1ria Anual (LOA) de 2022, o governo Bolsonaro estabeleceu um or\u00e7amento de 128 milh\u00f5es, o que representou <a href=\"https:\/\/sinasefesm.com\/com-orcamento-escasso-universidades-federais-terao-que-fazer-malabarismo-para-terminar-2022-em-pleno-funcionamento\/\">um dos valores mais baixos da hist\u00f3ria recente da UFSM<\/a>. Para agravar a situa\u00e7\u00e3o, em 27 de maio foi divulgado pelo MEC um <a href=\"https:\/\/sinasefesm.com\/nao-tem-como-se-adequar-a-um-corte-orcamentario-dessa-ordem-diz-reitor-da-ufsm\/\">novo bloqueio<\/a> nos recursos destinados \u00e0s institui\u00e7\u00f5es federais, com a justificativa de que a restri\u00e7\u00e3o \u00e9 necess\u00e1ria para atender ao Teto de Gastos. O contingenciamento da UFSM foi equivalente a 9,3 milh\u00f5es de reais, n\u00famero que correspondia a 19 milh\u00f5es inicialmente, mas gra\u00e7as \u00e0 press\u00e3o feita por entidades sindicais, estudantis e pela Associa\u00e7\u00e3o Nacional dos Dirigentes das Institui\u00e7\u00f5es Federais de Ensino Superior (Andifes), parte da quantia foi liberada no dia 03 de junho.<\/p>\n\n\n\n<p>Schuch enfatiza o cen\u00e1rio conturbado do <em>campus<\/em> de Santa Maria: <em>\u2018\u2019Muitas vezes, [quando] n\u00e3o h\u00e1 dinheiro para executar um projeto, a gente tem que ficar se digladiando por poucos recursos para a universidade funcionar. [&#8230;] Se seguir essa redu\u00e7\u00e3o de servidores e de recursos para projetos, as universidades do nosso pa\u00eds v\u00e3o virar uma grande escola, um \u2018colegi\u00e3o\u2019, n\u00e3o vai mais se fazer ensino, extens\u00e3o e pesquisa.\u2019\u2019<\/em><\/p>\n\n\n\n<figure class=\"wp-block-image\"><img decoding=\"async\" src=\"https:\/\/lh3.googleusercontent.com\/aeQCD4OSpeMbWaJdTym4aFrmpOHxrsiJfZvwdojanLLzQiX5Mcnm1WB91mOA5fvWG4YVrgTcZ1ovL19uwA_UnNTg9rFynR8CGm5DjX2fqW9xmwBrqwYf77hYw8OByr2JdZ5ohVlbLD_LiWM-YQ\" alt=\"\"\/><\/figure>\n\n\n\n<p><strong>Sequelas de um or\u00e7amento insuficiente<\/strong><\/p>\n\n\n\n<p>Quando o Reitor afirma que a UFSM se tornar\u00e1 um \u2018colegi\u00e3o\u2019, devido \u00e0 falta de investimentos financeiros para atividades de pesquisa, extens\u00e3o, inova\u00e7\u00e3o e internacionaliza\u00e7\u00e3o, parece uma fala exagerada. Contudo, as mudan\u00e7as que a institui\u00e7\u00e3o est\u00e1 tendo de enfrentar atestam que n\u00e3o \u00e9 exagero: para se ter uma ideia, entre 2014 e 2021, foram demitidos 291 trabalhadores da universidade, enquanto somente neste ano, 2022, j\u00e1 se tornou necess\u00e1rio demitir 98 funcion\u00e1rios terceirizados, com o intuito de economizar 4,5 milh\u00f5es de reais. Al\u00e9m disso, viagens a congressos ou participa\u00e7\u00e3o em eventos, com exce\u00e7\u00e3o de viagens a trabalho, foram cortadas, assim como 19% das bolsas de pesquisa, considerando o per\u00edodo entre 2020 e 2022.&nbsp;<\/p>\n\n\n\n<p><em>\u2018\u2019As oportunidades que n\u00f3s estamos perdendo de intera\u00e7\u00e3o e de conex\u00e3o, que \u00e9 papel da universidade\u2026 a gente n\u00e3o consegue mais manter\u2019\u2019,<\/em> Schuch lamenta os entraves que impossibilitam a UFSM de chegar em seu desenvolvimento potencial. Constru\u00e7\u00f5es e reformas na infraestrutura universit\u00e1ria tamb\u00e9m n\u00e3o receber\u00e3o recursos para se efetivarem, nem mesmo obras emergenciais, como \u00e9 o caso de reformas ligadas \u00e0 acessibilidade. Isso porque para que tais obras acontecessem, seria necess\u00e1rio um acr\u00e9scimo de 100 milh\u00f5es no or\u00e7amento.&nbsp;<\/p>\n\n\n<div class=\"wp-block-image\">\n<figure class=\"alignright size-full is-resized\"><img fetchpriority=\"high\" decoding=\"async\" src=\"https:\/\/sinasefesm.com\/wp-content\/uploads\/2022\/06\/IMG-7635-1.jpg\" alt=\"\" class=\"wp-image-4827\" width=\"322\" height=\"403\" srcset=\"https:\/\/sinasefesm.com\/wp-content\/uploads\/2022\/06\/IMG-7635-1.jpg 1242w, https:\/\/sinasefesm.com\/wp-content\/uploads\/2022\/06\/IMG-7635-1-240x300.jpg 240w, https:\/\/sinasefesm.com\/wp-content\/uploads\/2022\/06\/IMG-7635-1-819x1024.jpg 819w, https:\/\/sinasefesm.com\/wp-content\/uploads\/2022\/06\/IMG-7635-1-768x960.jpg 768w, https:\/\/sinasefesm.com\/wp-content\/uploads\/2022\/06\/IMG-7635-1-1228x1536.jpg 1228w, https:\/\/sinasefesm.com\/wp-content\/uploads\/2022\/06\/IMG-7635-1-150x188.jpg 150w, https:\/\/sinasefesm.com\/wp-content\/uploads\/2022\/06\/IMG-7635-1-450x563.jpg 450w, https:\/\/sinasefesm.com\/wp-content\/uploads\/2022\/06\/IMG-7635-1-1200x1500.jpg 1200w\" sizes=\"(max-width: 322px) 100vw, 322px\" \/><figcaption>Claudio do Nascimento fazendo sua fala.<\/figcaption><\/figure><\/div>\n\n\n<p>Ap\u00f3s as exposi\u00e7\u00f5es do reitor, o espa\u00e7o de fala foi disponibilizado para representantes de movimentos estudantis e sindicais, bem como para toda a comunidade universit\u00e1ria. Em nome da se\u00e7\u00e3o sindical de Santa Maria do Sinasefe, Claudio do Nascimento destacou a necessidade de manter e de dar continuidade \u00e0 quest\u00e3o da assist\u00eancia estudantil dentro das escolas profissionais da UFSM: <em>\u2018\u2019porque tudo o que foi dito aqui impacta na qualidade e na perspectiva de vida dos brasileiros e brasileiras, [&#8230;] que est\u00e1 intimamente ligada a sa\u00fade, a educa\u00e7\u00e3o e \u00e0 possibilidade de trabalho digno.\u2019\u2019<\/em><\/p>\n\n\n\n<p><\/p>\n\n\n\n<p><strong>Mobiliza\u00e7\u00f5es futuras<\/strong><\/p>\n\n\n\n<p>Tra\u00e7ada como um dos objetivos da audi\u00eancia, a ideia \u00e9 que a universidade, em parceria com entidades estudantis e sindicais, construa um calend\u00e1rio de mobiliza\u00e7\u00f5es e estimule o engajamento da comunidade santa-mariense&nbsp; na luta contra os cortes or\u00e7ament\u00e1rios. E a pr\u00f3xima a\u00e7\u00e3o j\u00e1 tem data: para o dia 20 de junho, \u00e0s 18h, est\u00e1 marcada uma reuni\u00e3o p\u00fablica na C\u00e2mara de Vereadores de Santa Maria.&nbsp;<\/p>\n\n\n\n<p>O Sinasefe reitera a import\u00e2ncia de participar, ao m\u00e1ximo, de eventos ligados \u00e0 luta contra o sucateamento das institui\u00e7\u00f5es federais de ensino, visto que, somente assim, conseguiremos manter nossos direitos e conquistar nossas demandas.<\/p>\n\n\n\n<hr class=\"wp-block-separator has-alpha-channel-opacity\"\/>\n\n\n\n<p><em>Texto e imagens: Laurent Keller<\/em><\/p>\n\n\n\n<p><em>Gr\u00e1fico: UFSM<\/em><\/p>\n\n\n\n<p><em>Revis\u00e3o: Bruna Homrich<\/em><\/p>\n","protected":false},"excerpt":{"rendered":"<p>A UFSM promoveu uma audi\u00eancia p\u00fablica na \u00faltima quinta-feira, 9, para apresentar as consequ\u00eancias dos cortes realizados no or\u00e7amento de 2022 das universidades e institutos federais, e do bloqueio ocorrido em 27 de maio. O evento, realizado no audit\u00f3rio L\u00f3i Berneira Trindade (pr\u00e9dio C, da Qu\u00edmica), contou com a presen\u00e7a do Reitor, Luciano Schuch, e<\/p>\n","protected":false},"author":5,"featured_media":4825,"comment_status":"closed","ping_status":"closed","sticky":false,"template":"","format":"standard","meta":{"footnotes":""},"categories":[37,39,42],"tags":[62,91,167,225],"class_list":{"0":"post-4823","1":"post","2":"type-post","3":"status-publish","4":"format-standard","5":"has-post-thumbnail","7":"category-destaque","8":"category-eventos","9":"category-noticia","10":"tag-audiencia-publica","11":"tag-corte-orcamentario","12":"tag-mec","13":"tag-ufsm"},"_links":{"self":[{"href":"https:\/\/sinasefesm.com\/index.php\/wp-json\/wp\/v2\/posts\/4823","targetHints":{"allow":["GET"]}}],"collection":[{"href":"https:\/\/sinasefesm.com\/index.php\/wp-json\/wp\/v2\/posts"}],"about":[{"href":"https:\/\/sinasefesm.com\/index.php\/wp-json\/wp\/v2\/types\/post"}],"author":[{"embeddable":true,"href":"https:\/\/sinasefesm.com\/index.php\/wp-json\/wp\/v2\/users\/5"}],"replies":[{"embeddable":true,"href":"https:\/\/sinasefesm.com\/index.php\/wp-json\/wp\/v2\/comments?post=4823"}],"version-history":[{"count":0,"href":"https:\/\/sinasefesm.com\/index.php\/wp-json\/wp\/v2\/posts\/4823\/revisions"}],"wp:featuredmedia":[{"embeddable":true,"href":"https:\/\/sinasefesm.com\/index.php\/wp-json\/wp\/v2\/media\/4825"}],"wp:attachment":[{"href":"https:\/\/sinasefesm.com\/index.php\/wp-json\/wp\/v2\/media?parent=4823"}],"wp:term":[{"taxonomy":"category","embeddable":true,"href":"https:\/\/sinasefesm.com\/index.php\/wp-json\/wp\/v2\/categories?post=4823"},{"taxonomy":"post_tag","embeddable":true,"href":"https:\/\/sinasefesm.com\/index.php\/wp-json\/wp\/v2\/tags?post=4823"}],"curies":[{"name":"wp","href":"https:\/\/api.w.org\/{rel}","templated":true}]}}