{"id":4847,"date":"2022-06-16T02:26:58","date_gmt":"2022-06-16T02:26:58","guid":{"rendered":"https:\/\/sinasefesm.com\/?p=4847"},"modified":"2022-06-16T02:26:58","modified_gmt":"2022-06-16T02:26:58","slug":"assembleia-do-sinasefe-santa-maria-define-delegados-para-a-174a-plena","status":"publish","type":"post","link":"https:\/\/sinasefesm.com\/index.php\/2022\/06\/16\/assembleia-do-sinasefe-santa-maria-define-delegados-para-a-174a-plena\/","title":{"rendered":"Assembleia do Sinasefe Santa Maria define delegados para a 174\u00aa Plena"},"content":{"rendered":"\n<p> Reunidos(as) em assembleia na tarde desta quarta-feira, 15 de junho, as e os filiados ao Sinasefe Santa Maria deliberaram por dois nomes para representarem a se\u00e7\u00e3o sindical na 174\u00aa Plen\u00e1ria Nacional, denominada Plena. Como representante da assembleia participar\u00e1 Jos\u00e9 Ab\u00edlio Lima de Freitas; e, como indica\u00e7\u00e3o da diretoria, Milton M\u00e1ximo Ferrari. Ambos pertencem \u00e0 coordena\u00e7\u00e3o geral do sindicato.<\/p>\n\n\n\n<p>A 174\u00aa Plena ocorre nesta s\u00e1bado, 18 de junho, de forma remota, com a seguinte pauta:<\/p>\n\n\n<div class=\"wp-block-image is-style-default\">\n<figure class=\"alignleft size-full\"><img fetchpriority=\"high\" decoding=\"async\" width=\"790\" height=\"428\" src=\"https:\/\/sinasefesm.com\/wp-content\/uploads\/2022\/06\/174plenasite2.png\" alt=\"\" class=\"wp-image-4853\" srcset=\"https:\/\/sinasefesm.com\/wp-content\/uploads\/2022\/06\/174plenasite2.png 790w, https:\/\/sinasefesm.com\/wp-content\/uploads\/2022\/06\/174plenasite2-300x163.png 300w, https:\/\/sinasefesm.com\/wp-content\/uploads\/2022\/06\/174plenasite2-768x416.png 768w, https:\/\/sinasefesm.com\/wp-content\/uploads\/2022\/06\/174plenasite2-150x81.png 150w, https:\/\/sinasefesm.com\/wp-content\/uploads\/2022\/06\/174plenasite2-450x244.png 450w\" sizes=\"(max-width: 790px) 100vw, 790px\" \/><\/figure><\/div>\n\n\n<ol class=\"wp-block-list\" type=\"1\"><li>Informes da DN;<\/li><li>Informes do Comando Nacional de Greve (CNG);<\/li><li>Informes das se\u00e7\u00f5es sindicais (situa\u00e7\u00e3o da greve);<\/li><li>Balan\u00e7o da Greve por Tempo Indeterminado.<\/li><\/ol>\n\n\n\n<p>A discuss\u00e3o sobre a greve nacional do Sinasefe, deflagrada a partir do dia 16 de maio, \u00e9 o ponto alto da plen\u00e1ria, conforme explica Ab\u00edlio.<\/p>\n\n\n\n<blockquote class=\"wp-block-quote is-layout-flow wp-block-quote-is-layout-flow\"><p>\u201cEsta \u00e9 uma plena importante porque teremos atualiza\u00e7\u00f5es acerca da greve, que ainda est\u00e1 engatinhando a n\u00edvel nacional e que tem, no reajuste salarial de 19,99% (para repor a infla\u00e7\u00e3o dos tr\u00eas \u00faltimos anos), sua principal motiva\u00e7\u00e3o. Teremos o relato que vai ser dado, num primeiro momento, pela Dire\u00e7\u00e3o Nacional do Sinasefe, seguido dos informes do Comando Nacional de Greve (CNG), que hoje \u00e9 representado, em Bras\u00edlia, por quatro se\u00e7\u00f5es sindicais. Na sequ\u00eancia, ocorrer\u00e1 o informe das se\u00e7\u00f5es sindicais a respeito da greve e ser\u00e1 feita uma avalia\u00e7\u00e3o para vermos como refor\u00e7ar o movimento\u201d, comenta Ab\u00edlio.<\/p><\/blockquote>\n\n\n\n<p>Localmente, o Sinasefe Santa Maria decidiu, neste momento, pela n\u00e3o ades\u00e3o \u00e0 greve, tendo em vista o retorno presencial ainda a\u00e7odado p\u00f3s pandemia e a necessidade de se fortalecer a mobiliza\u00e7\u00e3o. Contudo, a se\u00e7\u00e3o sindical mant\u00e9m-se ativamente solid\u00e1ria \u00e0s se\u00e7\u00f5es que j\u00e1 aderiram ao movimento paredista.<\/p>\n\n\n\n<p>Segundo Ab\u00edlio, a situa\u00e7\u00e3o da greve nacional do Sinasefe neste momento \u00e9 a seguinte:<\/p>\n\n\n\n<p>Das 95 se\u00e7\u00f5es sindicais representadas pelo Sinasefe, 11 j\u00e1 est\u00e3o efetivamente em greve, tendo ingressado em momentos diferentes desde o dia 16 de maio. Mais cinco se\u00e7\u00f5es j\u00e1 acenaram afirmativamente, em suas assembleias de base, para a entrada em greve, tendo iniciado o movimento entre a quarta, 15, e a quinta, 16 de junho. Outras cinco se\u00e7\u00f5es est\u00e3o em estado de greve, engrossando os processos de mobiliza\u00e7\u00e3o locais.<\/p>\n\n\n\n<p><strong>Campanha de filia\u00e7\u00e3o<\/strong><\/p>\n\n\n\n<p>Ap\u00f3s a assembleia, que ocorreu no Audit\u00f3rio do SAB (Ctism), o sindicato promoveu uma reuni\u00e3o geral para debater uma s\u00e9rie de pautas, dentre essas a pr\u00f3pria greve. Outro assunto discutido foi a necessidade de ampliar o n\u00famero de filiadas e filiados, de forma que, nas pr\u00f3ximas semanas, uma campanha de sindicaliza\u00e7\u00e3o deve chegar at\u00e9 a base.<\/p>\n\n\n\n<p><\/p>\n","protected":false},"excerpt":{"rendered":"<p>Reunidos(as) em assembleia na tarde desta quarta-feira, 15 de junho, as e os filiados ao Sinasefe Santa Maria deliberaram por dois nomes para representarem a se\u00e7\u00e3o sindical na 174\u00aa Plen\u00e1ria Nacional, denominada Plena. Como representante da assembleia participar\u00e1 Jos\u00e9 Ab\u00edlio Lima de Freitas; e, como indica\u00e7\u00e3o da diretoria, Milton M\u00e1ximo Ferrari. Ambos pertencem \u00e0 coordena\u00e7\u00e3o<\/p>\n","protected":false},"author":3,"featured_media":4848,"comment_status":"closed","ping_status":"closed","sticky":false,"template":"","format":"standard","meta":{"footnotes":""},"categories":[37,42,45],"tags":[],"class_list":{"0":"post-4847","1":"post","2":"type-post","3":"status-publish","4":"format-standard","5":"has-post-thumbnail","7":"category-destaque","8":"category-noticia","9":"category-sindicato"},"_links":{"self":[{"href":"https:\/\/sinasefesm.com\/index.php\/wp-json\/wp\/v2\/posts\/4847","targetHints":{"allow":["GET"]}}],"collection":[{"href":"https:\/\/sinasefesm.com\/index.php\/wp-json\/wp\/v2\/posts"}],"about":[{"href":"https:\/\/sinasefesm.com\/index.php\/wp-json\/wp\/v2\/types\/post"}],"author":[{"embeddable":true,"href":"https:\/\/sinasefesm.com\/index.php\/wp-json\/wp\/v2\/users\/3"}],"replies":[{"embeddable":true,"href":"https:\/\/sinasefesm.com\/index.php\/wp-json\/wp\/v2\/comments?post=4847"}],"version-history":[{"count":0,"href":"https:\/\/sinasefesm.com\/index.php\/wp-json\/wp\/v2\/posts\/4847\/revisions"}],"wp:featuredmedia":[{"embeddable":true,"href":"https:\/\/sinasefesm.com\/index.php\/wp-json\/wp\/v2\/media\/4848"}],"wp:attachment":[{"href":"https:\/\/sinasefesm.com\/index.php\/wp-json\/wp\/v2\/media?parent=4847"}],"wp:term":[{"taxonomy":"category","embeddable":true,"href":"https:\/\/sinasefesm.com\/index.php\/wp-json\/wp\/v2\/categories?post=4847"},{"taxonomy":"post_tag","embeddable":true,"href":"https:\/\/sinasefesm.com\/index.php\/wp-json\/wp\/v2\/tags?post=4847"}],"curies":[{"name":"wp","href":"https:\/\/api.w.org\/{rel}","templated":true}]}}