{"id":4860,"date":"2022-06-21T02:06:44","date_gmt":"2022-06-21T02:06:44","guid":{"rendered":"https:\/\/sinasefesm.com\/?p=4860"},"modified":"2022-06-21T02:06:44","modified_gmt":"2022-06-21T02:06:44","slug":"174a-plena-do-sinasefe-delibera-por-fortalecer-greve-nacional-e-incorpora-pauta-unificada-da-educacao-federal","status":"publish","type":"post","link":"https:\/\/sinasefesm.com\/index.php\/2022\/06\/21\/174a-plena-do-sinasefe-delibera-por-fortalecer-greve-nacional-e-incorpora-pauta-unificada-da-educacao-federal\/","title":{"rendered":"174\u00aa Plena do Sinasefe delibera por fortalecer greve nacional e incorpora pauta unificada da Educa\u00e7\u00e3o Federal"},"content":{"rendered":"\n<p>A manuten\u00e7\u00e3o e o fortalecimento da greve por tempo indeterminado foi uma das principais delibera\u00e7\u00f5es sinalizadas pelas delegadas e delegados que participaram da 174\u00aa Plena (Plen\u00e1ria Nacional) do Sinasefe, ocorrida, de forma remota, no \u00faltimo s\u00e1bado, 18 de junho. Representando o Sinasefe Santa Maria estiveram presentes os coordenadores gerais Jos\u00e9 Ab\u00edlio de Freitas e Milton M\u00e1ximo Ferrari.<\/p>\n\n\n\n<p>Outro encaminhamento resultante do encontro foi a incorpora\u00e7\u00e3o, pela greve do Sinasefe, da Pauta Unificada da Educa\u00e7\u00e3o Federal, assinada pelas seguintes entidades: ANDES-SN, Fasubra, FENET (Federa\u00e7\u00e3o Nacional dos Estudantes do Ensino T\u00e9cnico), UNE (Uni\u00e3o Nacional dos Estudantes) e o pr\u00f3prio Sinasefe. <a rel=\"noreferrer noopener\" href=\"https:\/\/sinasefe.org.br\/site\/download\/pauta-unificada-da-educacao-federal\/\" data-type=\"URL\" data-id=\"https:\/\/sinasefe.org.br\/site\/download\/pauta-unificada-da-educacao-federal\/\" target=\"_blank\">Tal pauta pode ser conferida aqui<\/a>.<\/p>\n\n\n\n<p>No conjunto de delibera\u00e7\u00f5es tamb\u00e9m estiveram: 1 &#8211; realiza\u00e7\u00e3o da 175\u00aa Plen\u00e1ria Nacional do Sinasefe em 29 de junho, de modo h\u00edbrido (presencialmente em Bras\u00edlia-DF, e virtualmente via Google Meet); 2 &#8211; participa\u00e7\u00e3o no evento sobre Reforma do Ensino M\u00e9dio do Cefet-RJ, nos dias 28 e 30 de junho; 3 \u2013 proposta de incorpora\u00e7\u00e3o da transposi\u00e7\u00e3o dos t\u00e9cnico-administrativo do PGPE para o PCCTAE na Pauta Unificada da Educa\u00e7\u00e3o Federal. As e os participantes aprovaram, ainda, o Regimento Interno da Greve do Sinasefe em 2022. <a rel=\"noreferrer noopener\" href=\"https:\/\/sinasefe.org.br\/site\/download\/regimento-do-cng-2022\/\" data-type=\"URL\" data-id=\"https:\/\/sinasefe.org.br\/site\/download\/regimento-do-cng-2022\/\" target=\"_blank\">Conhe\u00e7a o documento aqui<\/a>. &nbsp;<\/p>\n\n\n\n<p><strong>O Mapa da Greve<\/strong><\/p>\n\n\n<div class=\"wp-block-image is-style-default\">\n<figure class=\"alignleft size-full\"><img fetchpriority=\"high\" decoding=\"async\" width=\"790\" height=\"428\" src=\"https:\/\/sinasefesm.com\/wp-content\/uploads\/2022\/06\/cngregimentosite.png\" alt=\"\" class=\"wp-image-4867\" srcset=\"https:\/\/sinasefesm.com\/wp-content\/uploads\/2022\/06\/cngregimentosite.png 790w, https:\/\/sinasefesm.com\/wp-content\/uploads\/2022\/06\/cngregimentosite-300x163.png 300w, https:\/\/sinasefesm.com\/wp-content\/uploads\/2022\/06\/cngregimentosite-768x416.png 768w, https:\/\/sinasefesm.com\/wp-content\/uploads\/2022\/06\/cngregimentosite-150x81.png 150w, https:\/\/sinasefesm.com\/wp-content\/uploads\/2022\/06\/cngregimentosite-450x244.png 450w\" sizes=\"(max-width: 790px) 100vw, 790px\" \/><\/figure><\/div>\n\n\n<p>A Plena ocorrida no \u00faltimo s\u00e1bado foi um momento para que tanto o Comando de Greve Nacional (CNG), quanto a Dire\u00e7\u00e3o Nacional e as se\u00e7\u00f5es sindicais, informassem a situa\u00e7\u00e3o do movimento paredista a n\u00edvel nacional e, tamb\u00e9m, localmente em cada regi\u00e3o.<\/p>\n\n\n\n<p>At\u00e9 a \u00faltima sexta-feira, 17 de junho, 12 se\u00e7\u00f5es sindicais j\u00e1 haviam aderido \u00e0 greve e outras sete encontravam-se em estado de greve, tendendo a deflagrar o movimento nos pr\u00f3ximos dias. <\/p>\n\n\n\n<blockquote class=\"wp-block-quote is-layout-flow wp-block-quote-is-layout-flow\"><p>Como principais reivindica\u00e7\u00f5es figuram a necessidade de recomposi\u00e7\u00e3o salarial da ordem de 19,99% (para repor minimamente a infla\u00e7\u00e3o acumulada nos tr\u00eas primeiros anos de governo de Jair Bolsonaro); a revoga\u00e7\u00e3o da Emenda Constitucional 95, respons\u00e1vel por congelar os investimentos p\u00fablicos; e o arquivamento definitivo da Reforma Administrativa (PEC 32\/20), hoje com tramita\u00e7\u00e3o parada na C\u00e2mara dos Deputados.<\/p><\/blockquote>\n\n\n\n<p>Ab\u00edlio usou a palavra na Plena, durante a rodada de informes das se\u00e7\u00f5es sindicais, para partilhar a situa\u00e7\u00e3o do Sinasefe Santa Maria no que diz respeito \u00e0 greve. Embora o sindicato seja ativamente solid\u00e1rio \u00e0 greve em car\u00e1ter nacional, localmente n\u00e3o se encontraram, ainda, as condi\u00e7\u00f5es de mobiliza\u00e7\u00e3o necess\u00e1rias para ades\u00e3o.<\/p>\n\n\n\n<p>&#8220;Fizemos assembleia no \u00faltimo dia 15 de junho e infelizmente deliberamos pela n\u00e3o ades\u00e3o \u00e0 greve neste momento, mas continuamos trabalhando no intuito de mobilizar nossa base, inclusive com a intensifica\u00e7\u00e3o de nossa campanha de filia\u00e7\u00e3o\u201d, explicou o coordenador geral do Sinasefe Santa Maria.<\/p>\n\n\n\n<p>Ao todo, estima-se que 98 pessoas tenham participado da 174\u00aa Plena, sendo 36 delegados e delegadas, 33 observadores e observadoras, 24 diretores e diretoras nacionais e dois integrantes do Comando de Greve.<\/p>\n\n\n\n<p>Para acompanhar mais not\u00edcias sobre a greve do Sinasefe, <a href=\"https:\/\/sinasefe.org.br\/site\/greve-2022\/\" data-type=\"URL\" data-id=\"https:\/\/sinasefe.org.br\/site\/greve-2022\/\" target=\"_blank\" rel=\"noreferrer noopener\">acesse o site<\/a> formulado especificamente para tratar do movimento paredista.<\/p>\n","protected":false},"excerpt":{"rendered":"<p>A manuten\u00e7\u00e3o e o fortalecimento da greve por tempo indeterminado foi uma das principais delibera\u00e7\u00f5es sinalizadas pelas delegadas e delegados que participaram da 174\u00aa Plena (Plen\u00e1ria Nacional) do Sinasefe, ocorrida, de forma remota, no \u00faltimo s\u00e1bado, 18 de junho. Representando o Sinasefe Santa Maria estiveram presentes os coordenadores gerais Jos\u00e9 Ab\u00edlio de Freitas e Milton<\/p>\n","protected":false},"author":3,"featured_media":4861,"comment_status":"closed","ping_status":"closed","sticky":false,"template":"","format":"standard","meta":{"footnotes":""},"categories":[37,42,45],"tags":[],"class_list":{"0":"post-4860","1":"post","2":"type-post","3":"status-publish","4":"format-standard","5":"has-post-thumbnail","7":"category-destaque","8":"category-noticia","9":"category-sindicato"},"_links":{"self":[{"href":"https:\/\/sinasefesm.com\/index.php\/wp-json\/wp\/v2\/posts\/4860","targetHints":{"allow":["GET"]}}],"collection":[{"href":"https:\/\/sinasefesm.com\/index.php\/wp-json\/wp\/v2\/posts"}],"about":[{"href":"https:\/\/sinasefesm.com\/index.php\/wp-json\/wp\/v2\/types\/post"}],"author":[{"embeddable":true,"href":"https:\/\/sinasefesm.com\/index.php\/wp-json\/wp\/v2\/users\/3"}],"replies":[{"embeddable":true,"href":"https:\/\/sinasefesm.com\/index.php\/wp-json\/wp\/v2\/comments?post=4860"}],"version-history":[{"count":0,"href":"https:\/\/sinasefesm.com\/index.php\/wp-json\/wp\/v2\/posts\/4860\/revisions"}],"wp:featuredmedia":[{"embeddable":true,"href":"https:\/\/sinasefesm.com\/index.php\/wp-json\/wp\/v2\/media\/4861"}],"wp:attachment":[{"href":"https:\/\/sinasefesm.com\/index.php\/wp-json\/wp\/v2\/media?parent=4860"}],"wp:term":[{"taxonomy":"category","embeddable":true,"href":"https:\/\/sinasefesm.com\/index.php\/wp-json\/wp\/v2\/categories?post=4860"},{"taxonomy":"post_tag","embeddable":true,"href":"https:\/\/sinasefesm.com\/index.php\/wp-json\/wp\/v2\/tags?post=4860"}],"curies":[{"name":"wp","href":"https:\/\/api.w.org\/{rel}","templated":true}]}}