{"id":4891,"date":"2022-06-23T18:59:15","date_gmt":"2022-06-23T18:59:15","guid":{"rendered":"https:\/\/sinasefesm.com\/?p=4891"},"modified":"2022-06-23T18:59:15","modified_gmt":"2022-06-23T18:59:15","slug":"instituicoes-federais-de-ensino-dispoem-do-menor-orcamento-da-decada","status":"publish","type":"post","link":"https:\/\/sinasefesm.com\/index.php\/2022\/06\/23\/instituicoes-federais-de-ensino-dispoem-do-menor-orcamento-da-decada\/","title":{"rendered":"Institui\u00e7\u00f5es federais de ensino disp\u00f5em do menor or\u00e7amento da d\u00e9cada"},"content":{"rendered":"\n<p>Com um hist\u00f3rico recente repleto de redu\u00e7\u00f5es or\u00e7ament\u00e1rias, as universidades e os institutos federais alcan\u00e7aram, em 2022, o menor or\u00e7amento dos \u00faltimos 10 anos. De acordo com levantamento da CNN (Cable News Network), feito a partir de dados do painel da Andifes, 88% das federais sofreram preju\u00edzos milion\u00e1rios, ap\u00f3s o corte de 7,2% feito pelo Governo Federal, no in\u00edcio de junho.<\/p>\n\n\n\n<p>O valor cortado equivale a R$1,6 bilh\u00e3o, n\u00famero que s\u00f3 n\u00e3o \u00e9 maior devido \u00e0 press\u00e3o feita pelas federais, haja em vista que o montante inicial, apresentado dia 27 de maio, era de 14,5% do or\u00e7amento, o equivalente a R$3,2 bilh\u00f5es.<\/p>\n\n\n\n<p>A an\u00e1lise considerou o or\u00e7amento das 69 institui\u00e7\u00f5es federais do Brasil, mas vale destacar que o corte afeta tamb\u00e9m as despesas n\u00e3o-obrigat\u00f3rias (discricion\u00e1rias), que correspondem aos valores que cada universidade decide, individualmente, como utilizar. Dentre tais despesas, est\u00e3o inclusas a Capes, que coordena os cursos de p\u00f3s-gradua\u00e7\u00e3o, a Ebserh, que gerencia hospitais universit\u00e1rios, e o Fundo Nacional de Desenvolvimento da Educa\u00e7\u00e3o (FNDE), que auxilia estados e munic\u00edpios a garantir educa\u00e7\u00e3o b\u00e1sica de qualidade.<\/p>\n\n\n\n<p>Por isso, o Sinasefe refor\u00e7a a import\u00e2ncia de seguirmos unidos e unidas na luta contra o desmonte da educa\u00e7\u00e3o p\u00fablica e de qualidade. Somente em conjunto, manteremos nossos direitos!<\/p>\n\n\n\n<hr class=\"wp-block-separator has-alpha-channel-opacity\"\/>\n\n\n\n<p><em>Edi\u00e7\u00e3o: Laurent Keller<\/em><\/p>\n\n\n\n<p><em>Revis\u00e3o: Bruna Homrich<\/em><\/p>\n","protected":false},"excerpt":{"rendered":"<p>Com um hist\u00f3rico recente repleto de redu\u00e7\u00f5es or\u00e7ament\u00e1rias, as universidades e os institutos federais alcan\u00e7aram, em 2022, o menor or\u00e7amento dos \u00faltimos 10 anos. De acordo com levantamento da CNN (Cable News Network), feito a partir de dados do painel da Andifes, 88% das federais sofreram preju\u00edzos milion\u00e1rios, ap\u00f3s o corte de 7,2% feito pelo<\/p>\n","protected":false},"author":5,"featured_media":4892,"comment_status":"closed","ping_status":"closed","sticky":false,"template":"","format":"standard","meta":{"footnotes":""},"categories":[37,42],"tags":[92,167],"class_list":{"0":"post-4891","1":"post","2":"type-post","3":"status-publish","4":"format-standard","5":"has-post-thumbnail","7":"category-destaque","8":"category-noticia","9":"tag-cortes-orcamentarios","10":"tag-mec"},"_links":{"self":[{"href":"https:\/\/sinasefesm.com\/index.php\/wp-json\/wp\/v2\/posts\/4891","targetHints":{"allow":["GET"]}}],"collection":[{"href":"https:\/\/sinasefesm.com\/index.php\/wp-json\/wp\/v2\/posts"}],"about":[{"href":"https:\/\/sinasefesm.com\/index.php\/wp-json\/wp\/v2\/types\/post"}],"author":[{"embeddable":true,"href":"https:\/\/sinasefesm.com\/index.php\/wp-json\/wp\/v2\/users\/5"}],"replies":[{"embeddable":true,"href":"https:\/\/sinasefesm.com\/index.php\/wp-json\/wp\/v2\/comments?post=4891"}],"version-history":[{"count":0,"href":"https:\/\/sinasefesm.com\/index.php\/wp-json\/wp\/v2\/posts\/4891\/revisions"}],"wp:featuredmedia":[{"embeddable":true,"href":"https:\/\/sinasefesm.com\/index.php\/wp-json\/wp\/v2\/media\/4892"}],"wp:attachment":[{"href":"https:\/\/sinasefesm.com\/index.php\/wp-json\/wp\/v2\/media?parent=4891"}],"wp:term":[{"taxonomy":"category","embeddable":true,"href":"https:\/\/sinasefesm.com\/index.php\/wp-json\/wp\/v2\/categories?post=4891"},{"taxonomy":"post_tag","embeddable":true,"href":"https:\/\/sinasefesm.com\/index.php\/wp-json\/wp\/v2\/tags?post=4891"}],"curies":[{"name":"wp","href":"https:\/\/api.w.org\/{rel}","templated":true}]}}