{"id":4894,"date":"2022-06-28T16:10:35","date_gmt":"2022-06-28T16:10:35","guid":{"rendered":"https:\/\/sinasefesm.com\/?p=4894"},"modified":"2022-06-28T16:10:35","modified_gmt":"2022-06-28T16:10:35","slug":"encontro-juridico-do-sinasefe-sm-esclarece-categoria-sobre-principais-batalhas-juridicas","status":"publish","type":"post","link":"https:\/\/sinasefesm.com\/index.php\/2022\/06\/28\/encontro-juridico-do-sinasefe-sm-esclarece-categoria-sobre-principais-batalhas-juridicas\/","title":{"rendered":"Encontro Jur\u00eddico do Sinasefe SM esclarece categoria sobre principais batalhas jur\u00eddicas"},"content":{"rendered":"\n<p>A manh\u00e3 do \u00faltimo s\u00e1bado, 25 de junho, foi reservada para o Encontro Jur\u00eddico do Sinasefe Santa Maria. Com media\u00e7\u00e3o da Secret\u00e1ria de Assuntos Legislativos e Jur\u00eddicos da se\u00e7\u00e3o sindical, Adriana Bonum\u00e1, e exposi\u00e7\u00e3o do assessor jur\u00eddico integrante do escrit\u00f3rio Wagner Advogados Associados, Heverton Padilha, o evento teve transmiss\u00e3o pelo canal de Youtube do sindicato.<\/p>\n\n\n\n<p>Dentre os principais pontos discutidos estiveram a Reforma da Previd\u00eancia (Emenda Constitucional 103); o decreto 10.620, respons\u00e1vel por transpor as an\u00e1lises e concess\u00f5es das aposentadorias de servidores p\u00fablicos federais para o INSS; a ades\u00e3o \u00e0 Funpresp; o direito de greve do funcionalismo p\u00fablico federal; a Proposta de Emenda \u00e0 Constitui\u00e7\u00e3o (PEC) dos Precat\u00f3rios; a press\u00e3o para ades\u00e3o ao teletrabalho (Instru\u00e7\u00e3o Normativa n\u00ba 65); as mudan\u00e7as na parcela remunerat\u00f3ria intitulada Reconhecimento de Saberes e Compet\u00eancias (RSC); a Reforma Administrativa (PEC 32\/20) e a portaria n\u00ba 983.<\/p>\n\n\n\n<p>Todos esses assuntos foram abordados no Encontro Jur\u00eddico Nacional do Sinasefe, ocorrido entre os dias 28 e 30 de abril de 2022, em Bras\u00edlia (DF), e do qual participaram, presencialmente, tr\u00eas diretores do Sinasefe SM: Milton Ferrari, coordenador geral; Cl\u00e1udio Kelling, tesoureiro geral; e Cl\u00e1udio do Nascimento, secret\u00e1rio de aposentados. Tendo avaliado o qu\u00e3o pertinentes foram os debates feitos na etapa nacional do evento, a diretoria do Sinasefe Santa Maria decidiu realizar uma etapa local, a fim de oportunizar o envolvimento de mais pessoas da base com esses temas e tamb\u00e9m o esclarecimento de d\u00favidas.<\/p>\n\n\n\n<p>Abaixo, sintetizaremos algumas das principais observa\u00e7\u00f5es trazidas pelo assessor Padilha a respeito das batalhas jur\u00eddicas (e tamb\u00e9m pol\u00edticas) enfrentadas pelos docentes e t\u00e9cnico-administrativos da Educa\u00e7\u00e3o Federal.<\/p>\n\n\n\n<p><strong>A reforma que desconstitucionalizou a previd\u00eancia<\/strong><\/p>\n\n\n\n<p>O primeiro tema trazido por Padilha foi a Reforma da Previd\u00eancia, ou Emenda Constitucional 103, aprovada em 2019 pelo governo de Jair Bolsonaro. De in\u00edcio, o assessor j\u00e1 destaca que tal reforma transformou a previd\u00eancia dos trabalhadores do pa\u00eds em uma previd\u00eancia formada por regras tempor\u00e1rias e provis\u00f3rias. Ou seja, ao dar \u00e0 quest\u00e3o previdenci\u00e1ria ares de lei complementar, desconstitucionalizando-a, a reforma abre espa\u00e7o para que normas constitucionais sejam alteradas atrav\u00e9s de leis complementares \u2013 algo que refor\u00e7a o momento de inseguran\u00e7a vivido pelos trabalhadores, cujos direitos, at\u00e9 ent\u00e3o constitucionalmente garantidos, podem ser flexibilizados e at\u00e9 dirimidos a qualquer momento.<\/p>\n\n\n\n<p>\u201cLembrando que a Reforma trouxe efeitos significativos aos aposentados, como majora\u00e7\u00e3o de contribui\u00e7\u00e3o previdenci\u00e1ria e mudan\u00e7a de base de c\u00e1lculo de contribui\u00e7\u00e3o. Os aposentados por incapacidade j\u00e1 est\u00e3o sentindo altera\u00e7\u00f5es tamb\u00e9m na base de c\u00e1lculo, j\u00e1 que antes havia uma isen\u00e7\u00e3o maior para os aposentados por incapacidade\u201d, comenta o assessor.<\/p>\n\n\n\n<p>Tramitam hoje, junto ao Supremo Tribunal Federal (STF), diversas A\u00e7\u00f5es Diretas de Inconstitucionalidade (ADIs) que discutem a constitucionalidade da reforma em v\u00e1rios pontos, como na quest\u00e3o das contribui\u00e7\u00f5es progressivas, da implementa\u00e7\u00e3o da contribui\u00e7\u00e3o para os aposentados por incapacidade, e da manuten\u00e7\u00e3o de regras de transi\u00e7\u00e3o vigentes anteriormente. Padilha informa que, em muitas dessas ADIs, o Sinasefe Nacional ingressou como Amicus Curiae &#8211; instrumento presente no C\u00f3digo de Processo Civil que oportuniza a uma entidade colaborar com o processo de seu interesse.<\/p>\n\n\n\n<p><strong>Transposi\u00e7\u00e3o das aposentadorias<\/strong><\/p>\n\n\n\n<p>O decreto n\u00ba 10.620, que faz a transposi\u00e7\u00e3o das an\u00e1lises e concess\u00f5es das aposentadorias para o INSS, instituiu um cronograma de implementa\u00e7\u00e3o para as universidades e institutos. Contudo, o cronograma n\u00e3o vem sendo cumprido.<\/p>\n\n\n\n<p>Ap\u00f3s o Encontro Jur\u00eddico Nacional, comenta Padilha, houve uma decis\u00e3o judicial em a\u00e7\u00e3o proposta pelo escrit\u00f3rio Wagner Advogados em Pernambuco. L\u00e1, onde a universidade j\u00e1 avan\u00e7ava significativamente rumo \u00e0 implementa\u00e7\u00e3o do decreto, obteve-se uma liminar para impedir tal avan\u00e7o.<\/p>\n\n\n\n<p>\u201cE a orienta\u00e7\u00e3o \u00e9 que se questione judicialmente esse decreto 10.620 na medida em que houver o avan\u00e7o dessa quest\u00e3o nas institui\u00e7\u00f5es, principalmente com a assinatura dos chamados termos de coopera\u00e7\u00e3o t\u00e9cnica entre as universidades e o INSS. Sobre essa quest\u00e3o existe tamb\u00e9m uma A\u00e7\u00e3o Direta de Inconstitucionalidade (a ADI 6767), que tramita no STF e na qual o Sinasefe tamb\u00e9m pediu sua ades\u00e3o como Amicus Curiae, a fim de auxiliar no processo\u201d, complementa o assessor jur\u00eddico do Sinasefe Santa Maria.<\/p>\n\n\n\n<p><strong>Funpresp e novo prazo para ades\u00e3o<\/strong><\/p>\n\n\n\n<p>O car\u00e1ter privatista da Funda\u00e7\u00e3o de Previd\u00eancia Complementar do Servidor P\u00fablico Federal (Funpresp) foi debatido no Encontro Jur\u00eddico Nacional, contudo, \u00e0 \u00e9poca, o governo federal ainda n\u00e3o havia publicado a Medida Provis\u00f3ria (MP) 1.119, de 25 de maio de 2022, respons\u00e1vel por reabrir o prazo de ingresso no regime de previd\u00eancia complementar para servidores que tenham sido admitidos no servi\u00e7o p\u00fablico, no \u00e2mbito do Poder Executivo, at\u00e9 o dia 4 de fevereiro de 2013. Os servidores que ingressaram ap\u00f3s essa data j\u00e1 fazem parte, obrigatoriamente, do regime de previd\u00eancia complementar.<\/p>\n\n\n\n<p>Padilha explica que a Funpresp, aprovada em 2012, j\u00e1 abriu prazo para que servidores ingressantes no servi\u00e7o p\u00fablico antes de 2013 a ela aderissem, contudo, desta vez, a MP traz algumas altera\u00e7\u00f5es. Um exemplo \u00e9 o estabelecimento de novos par\u00e2metros para c\u00e1lculo do benef\u00edcio especial \u2013 que consiste em um benef\u00edcio pago na forma de compensa\u00e7\u00e3o para o servidor que j\u00e1 estava no servi\u00e7o p\u00fablico e, portanto, vertia contribui\u00e7\u00f5es sobre o total da sua remunera\u00e7\u00e3o para o regime pr\u00f3prio de previd\u00eancia.<\/p>\n\n\n\n<p>\u201cEnt\u00e3o esses servidores que j\u00e1 estavam no servi\u00e7o p\u00fablico antes, que vertiam contribui\u00e7\u00f5es para o total da sua remunera\u00e7\u00e3o (n\u00e3o s\u00f3 sobre o teto do Regime Geral de Previd\u00eancia Social), possuem benef\u00edcio especial. Mas houve uma altera\u00e7\u00e3o na base de c\u00e1lculo do benef\u00edcio especial, adequando as regras \u00e0 EC 103 (Reforma da Previd\u00eancia). Agora, a base de c\u00e1lculo do benef\u00edcio especial passou a levar em considera\u00e7\u00e3o a totalidade das remunera\u00e7\u00f5es dos servidores, desde seu in\u00edcio de contribui\u00e7\u00e3o, mesmo que tenha sido fora do servi\u00e7o p\u00fablico. Isso certamente ir\u00e1 diminuir a m\u00e9dia salarial, principalmente para aqueles servidores que podem vir a ter requisitos de aposentadoria especial e se aposentarem com um per\u00edodo menor de contribui\u00e7\u00e3o e de idade \u2013 caso dos professores\u201d, explica Padilha.<\/p>\n\n\n\n<p>Tendo em vista as v\u00e1rias armadilhas presentes nas novas regras trazidas pela MP 1.119, o assessor jur\u00eddico orienta que todos os servidores interessados em migrar para o regime de previd\u00eancia complementar contratem um perito respons\u00e1vel por fazer um c\u00e1lculo efetivo e cuidadoso de como ficar\u00e1 o benef\u00edcio especial e a aposentadoria.<\/p>\n\n\n\n<p>Cuidado exigido ainda mais daqueles servidores ingressantes no servi\u00e7o p\u00fablico at\u00e9 o dia 31 de dezembro de 2003, e que podem vir a se aposentar com paridade e integralidade. \u201cEsses t\u00eam que acender uma luz de alerta em dobro. Porque podem, cumprindo as regras de transi\u00e7\u00e3o, virem a se aposentar com paridade e integralidade\u201d, explica.<\/p>\n\n\n\n<p>Por fim, Padilha ressalta que, se antes a natureza jur\u00eddica da Funpresp era p\u00fablica, agora, com a edi\u00e7\u00e3o da recente MP, ela passa a ser exclusivamente privada.<\/p>\n\n\n\n<p>Leia, abaixo, a Nota T\u00e9cnica elaborada pelo escrit\u00f3rio Wagner Advogados Associados a respeito da MP 1.119:<\/p>\n\n\n\n<div data-wp-interactive=\"core\/file\" class=\"wp-block-file\"><object data-wp-bind--hidden=\"!state.hasPdfPreview\" hidden class=\"wp-block-file__embed\" data=\"https:\/\/sinasefesm.com\/wp-content\/uploads\/2022\/06\/Nota-Tecnica-Funpresp..pdf\" type=\"application\/pdf\" style=\"width:100%;height:600px\" aria-label=\"Incorporado de Incorporado de Nota-Tecnica-Funpresp...\"><\/object><a id=\"wp-block-file--media-fc744cb2-f861-4ffe-88c9-d2b2f3d90c10\" href=\"https:\/\/sinasefesm.com\/wp-content\/uploads\/2022\/06\/Nota-Tecnica-Funpresp..pdf\">Nota-Tecnica-Funpresp.<\/a><a href=\"https:\/\/sinasefesm.com\/wp-content\/uploads\/2022\/06\/Nota-Tecnica-Funpresp..pdf\" class=\"wp-block-file__button\" download aria-describedby=\"wp-block-file--media-fc744cb2-f861-4ffe-88c9-d2b2f3d90c10\">Baixar<\/a><\/div>\n\n\n\n<p><strong>Direito de greve &nbsp;<\/strong><\/p>\n\n\n\n<p>Hoje, n\u00e3o h\u00e1 uma lei que regulamente o direito de greve dos servidores p\u00fablicos federais. Frente a essa lacuna, o judici\u00e1rio brasileiro vem utilizando a lei n\u00ba 7.782, de 1989, para disciplinar o movimento paredista no servi\u00e7o p\u00fablico. Ocorre que tal lei tem como objetivo o direito de greve dos trabalhadores celetistas, n\u00e3o sendo, portanto, adequada para ser utilizada junto ao funcionalismo.<\/p>\n\n\n\n<p>\u201cPor isso o STF, ao trazer essa norma (lei n\u00ba 7.782), faz modula\u00e7\u00f5es, adequa\u00e7\u00f5es ao texto a todo momento para que se possa encaix\u00e1-lo no direito de greve do servidor. N\u00f3s temos uma regulamenta\u00e7\u00e3o que \u00e9 um \u2018frankstein\u2019 na verdade, porque a cada momento em que h\u00e1 uma judicializa\u00e7\u00e3o sobre uma mat\u00e9ria efetivamente n\u00e3o discutida pelo Supremo, acaba gerando uma nova interpreta\u00e7\u00e3o ou uma outra ades\u00e3o a essa interpreta\u00e7\u00e3o. Ent\u00e3o temos a\u00ed uma situa\u00e7\u00e3o muito delicada em rela\u00e7\u00e3o ao direito de greve, tendo em vista a falta de legisla\u00e7\u00e3o. Mas o Supremo tem feito, de certa forma, essa adequa\u00e7\u00e3o atrav\u00e9s de mandatos de injun\u00e7\u00e3o e de repercuss\u00f5es gerais\u201d, comenta Padilha, usando como exemplo o tema 531, do STF, que \u00e9 uma repercuss\u00e3o geral respons\u00e1vel por abordar o desconto dos dias paralisados, prevendo, por exemplo, que a negocia\u00e7\u00e3o pr\u00e9via sobre as formas de recupera\u00e7\u00e3o do trabalho represado em fun\u00e7\u00e3o da greve deva ser o primeiro caminho adotado, ao inv\u00e9s do simples e imediato desconto em folha.<\/p>\n\n\n\n<p>Por isso, durante o Encontro Jur\u00eddico Nacional do Sinasefe, foi orientado \u00e0s se\u00e7\u00f5es sindicais que, t\u00e3o logo deflagrem greve, iniciem negocia\u00e7\u00f5es com as gest\u00f5es das universidades e institutos para recomporem o per\u00edodo e, assim, evitarem o desconto dos dias paralisados.<\/p>\n\n\n\n<p>Para quem quiser se aprofundar mais sobre o tema da greve no servi\u00e7o p\u00fablico \u2013 desde as inseguran\u00e7as jur\u00eddicas at\u00e9 as principais garantias j\u00e1 conquistadas \u2013 <a href=\"https:\/\/wagner.adv.br\/cartilha\/greve\/\" data-type=\"URL\" data-id=\"https:\/\/wagner.adv.br\/cartilha\/greve\/\" target=\"_blank\" rel=\"noreferrer noopener\">pode acessar a cartilha elaborada pelo escrit\u00f3rio Wagner Advogados Associados<\/a>.<\/p>\n\n\n\n<p><strong>Sinal verde para o calote<\/strong><\/p>\n\n\n\n<p>Outro ponto debatido no Encontro Jur\u00eddico Local do Sinasefe Santa Maria foi relativo \u00e0 PEC (Proposta de Emenda \u00e0 Constitui\u00e7\u00e3o) dos Precat\u00f3rios e \u00e0s emendas constitucionais (n\u00fameros 113 e 114) que alteraram o regime de precat\u00f3rios no \u00e2mbito da Uni\u00e3o. &nbsp;<\/p>\n\n\n\n<p>Padilha esclarece, inicialmente, que precat\u00f3rio \u00e9 uma d\u00edvida efetivamente reconhecida pelo Judici\u00e1rio, na qual a Uni\u00e3o deve ao seu credor. Tal d\u00edvida j\u00e1 n\u00e3o admite mais hip\u00f3teses de recurso, ou seja, n\u00e3o pode ser questionada, tornando-se o que se conhece por precat\u00f3rio.<\/p>\n\n\n\n<p>O que as novas emendas constitucionais fizeram foi autorizar o \u201ccalote\u201d, visto que a Uni\u00e3o, agora, pode simplesmente n\u00e3o pagar o que deve a seus credores. Nas palavras do assessor jur\u00eddico:<\/p>\n\n\n\n<blockquote class=\"wp-block-quote is-layout-flow wp-block-quote-is-layout-flow\"><p>\u201cOu seja: voc\u00ea, por anos a fio, litigou na Justi\u00e7a, obteve o \u00eaxito daquela demanda, fez o cumprimento de senten\u00e7a, discutiu as impugna\u00e7\u00f5es. Acabou a discuss\u00e3o e houve a expedi\u00e7\u00e3o do precat\u00f3rio. A Uni\u00e3o agora pode n\u00e3o pag\u00e1-lo\u201d.<\/p><\/blockquote>\n\n\n\n<p>A partir da edi\u00e7\u00e3o de tais emendas constitucionais, explica Padilha, os precat\u00f3rios passam a ser submetidos ao limite fiscal de gastos, ficando atrelados ao teto de gastos p\u00fablicos e \u00e0 regra de ouro das finan\u00e7as p\u00fablicas. \u201cBasicamente transforma a Uni\u00e3o, que \u00e9 absolutamente solvente com suas d\u00edvidas (n\u00e3o deve precat\u00f3rio atrasado), em um devedor. Ent\u00e3o a partir de agora, a Uni\u00e3o passa a ser devedora de precat\u00f3rios. A nova regra delimita um total a pagar a cada ano, sendo este total corrigido anualmente apenas atrav\u00e9s do IPCA (\u00cdndice Nacional de Pre\u00e7os ao Consumidor Amplo)\u201d, complementa o advogado.<\/p>\n\n\n\n<p>Seguindo essa l\u00f3gica, os precat\u00f3rios que superarem o or\u00e7amento n\u00e3o ser\u00e3o pagos. Dentre aqueles que poder\u00e3o ser pagos, existe uma ordem de prefer\u00eancia: 1 \u2013 Requisi\u00e7\u00f5es de Pequeno Valor (RPVs, que s\u00e3o valores abaixo de 60 sal\u00e1rios m\u00ednimos); 2 \u2013 Precat\u00f3rios de natureza aliment\u00edcia cujos titulares origin\u00e1rios, ou por sucess\u00e3o heredit\u00e1ria, tenham a partir de 60 anos de idade, sejam portadores de doen\u00e7a grave ou pessoas com defici\u00eancia, e, ainda, que o cr\u00e9dito seja objetivamente de natureza alimentar; 3 \u2013 Precat\u00f3rios de natureza aliment\u00edcia que representem at\u00e9 tr\u00eas vezes o valor de RPV.<\/p>\n\n\n\n<p>\u201cEssa \u00e9 a ordem a ser respeitada. O problema \u00e9 que essa ordem n\u00e3o vai ser necessariamente seguida \u00e0 risca cada ano. Ent\u00e3o, \u00e0 medida que o seu precat\u00f3rio n\u00e3o se encaixe nessa ordem, ou seja encaixado em \u201cdemais precat\u00f3rios\u201d e n\u00e3o seja pago, vai ser transferido para o pr\u00f3ximo exerc\u00edcio, e a\u00ed voc\u00ea vai concorrer novamente com as prefer\u00eancias\u201d, problematiza Padilha.<\/p>\n\n\n\n<p>Recentemente, acrescenta o advogado, o TRF4 anunciou que, em 2022, deve pagar 48,2% dos valores devidos de precat\u00f3rios. Isso significa que mais de 50% dos precat\u00f3rios provavelmente n\u00e3o ser\u00e3o pagos, ficando no aguardo de dota\u00e7\u00e3o or\u00e7ament\u00e1ria. Para Padilha, a PEC dos Precat\u00f3rios \u00e9 bastante nociva para todos os trabalhadores.<\/p>\n\n\n\n<p><strong>Reforma Administrativa: tramita\u00e7\u00e3o parada, mas vigil\u00e2ncia \u00e9 necess\u00e1ria<\/strong><\/p>\n\n\n\n<p>A PEC 32\/20, respons\u00e1vel por inaugurar a Reforma Administrativa no Brasil, encontra-se atualmente em tramita\u00e7\u00e3o na Comiss\u00e3o de Constitui\u00e7\u00e3o e Justi\u00e7a (CCJ) da C\u00e2mara dos Deputados. Embora a press\u00e3o de sindicatos, movimentos sociais e parlamentares da oposi\u00e7\u00e3o tenha conseguido retirar alguns pontos mal\u00e9ficos da reforma, a totalidade do texto ainda segue extremamente prejudicial tanto aos direitos dos servidores p\u00fablicos, quanto ao servi\u00e7o p\u00fablico prestado \u00e0 popula\u00e7\u00e3o. Por isso, apesar de atualmente estar com a tramita\u00e7\u00e3o parada, a Reforma inspira vigil\u00e2ncia constante e rep\u00fadio permanente.<\/p>\n\n\n\n<p>\u201cN\u00e3o resta d\u00favida de que a inten\u00e7\u00e3o de buscar a privatiza\u00e7\u00e3o do servi\u00e7o p\u00fablico \u00e9 algo inato dessa norma. Ent\u00e3o \u00e9 uma norma absolutamente nefasta. Apesar de ela estar com seu encaminhamento suspenso, n\u00e3o devemos esmorecer em rela\u00e7\u00e3o a isso e devemos continuar a batalha em rela\u00e7\u00e3o a essa quest\u00e3o, pois ela n\u00e3o pode ser aprovada, uma vez que representa a ruptura de todas as conquistas dos servidores p\u00fablicos at\u00e9 aqui, n\u00e3o s\u00f3 em rela\u00e7\u00e3o aos v\u00ednculos funcionais como tamb\u00e9m aos avan\u00e7os no \u00e2mbito do pr\u00f3prio servi\u00e7o p\u00fablico\u201d, explica Padilha.<\/p>\n\n\n\n<p><strong>Outras tem\u00e1ticas<\/strong><\/p>\n\n\n\n<p>Algumas outras tem\u00e1ticas abordadas no Encontro Nacional e comentadas na etapa local foram relacionadas \u00e0 Portaria n\u00ba 983, que, na avalia\u00e7\u00e3o da assessoria jur\u00eddica e do Sinasefe, representa uma afronta \u00e0 autonomia dos conselhos universit\u00e1rios e desrespeita as realidades locais das universidades, institutos e Cefet; \u00e0s mudan\u00e7as na Reconhecimento de Saberes e Compet\u00eancias (RSC), especialmente no que tange \u00e0 possibilidade de cria\u00e7\u00e3o de uma RSC espec\u00edfica para os t\u00e9cnico-administrativos em educa\u00e7\u00e3o; \u00e0 Instru\u00e7\u00e3o Normativa (IN) n\u00ba 65, que regulamenta, com uma s\u00e9rie de armadilhas, o teletrabalho no servi\u00e7o p\u00fablico; e \u00e0 Lei Geral de Prote\u00e7\u00e3o de Dados.<\/p>\n\n\n\n<p>O Encontro Jur\u00eddico do Sinasefe Santa Maria ficou gravado no canal de Youtube da se\u00e7\u00e3o sindical. Ent\u00e3o, se voc\u00ea n\u00e3o conseguiu acompanhar ao vivo, pode assisti-lo na \u00edntegra abaixo:<\/p>\n\n\n\n<figure class=\"wp-block-embed is-type-video is-provider-youtube wp-block-embed-youtube wp-embed-aspect-16-9 wp-has-aspect-ratio\"><div class=\"wp-block-embed__wrapper\">\n<iframe title=\"Encontro Jur\u00eddico do SINASEFE Santa Maria\" width=\"768\" height=\"432\" src=\"https:\/\/www.youtube.com\/embed\/sYfrulEjwMw?feature=oembed\" frameborder=\"0\" allow=\"accelerometer; autoplay; clipboard-write; encrypted-media; gyroscope; picture-in-picture; web-share\" referrerpolicy=\"strict-origin-when-cross-origin\" allowfullscreen><\/iframe>\n<\/div><\/figure>\n","protected":false},"excerpt":{"rendered":"<p>A manh\u00e3 do \u00faltimo s\u00e1bado, 25 de junho, foi reservada para o Encontro Jur\u00eddico do Sinasefe Santa Maria. Com media\u00e7\u00e3o da Secret\u00e1ria de Assuntos Legislativos e Jur\u00eddicos da se\u00e7\u00e3o sindical, Adriana Bonum\u00e1, e exposi\u00e7\u00e3o do assessor jur\u00eddico integrante do escrit\u00f3rio Wagner Advogados Associados, Heverton Padilha, o evento teve transmiss\u00e3o pelo canal de Youtube do sindicato.<\/p>\n","protected":false},"author":3,"featured_media":4900,"comment_status":"closed","ping_status":"closed","sticky":false,"template":"","format":"standard","meta":{"footnotes":""},"categories":[37,39,42,45],"tags":[],"class_list":{"0":"post-4894","1":"post","2":"type-post","3":"status-publish","4":"format-standard","5":"has-post-thumbnail","7":"category-destaque","8":"category-eventos","9":"category-noticia","10":"category-sindicato"},"_links":{"self":[{"href":"https:\/\/sinasefesm.com\/index.php\/wp-json\/wp\/v2\/posts\/4894","targetHints":{"allow":["GET"]}}],"collection":[{"href":"https:\/\/sinasefesm.com\/index.php\/wp-json\/wp\/v2\/posts"}],"about":[{"href":"https:\/\/sinasefesm.com\/index.php\/wp-json\/wp\/v2\/types\/post"}],"author":[{"embeddable":true,"href":"https:\/\/sinasefesm.com\/index.php\/wp-json\/wp\/v2\/users\/3"}],"replies":[{"embeddable":true,"href":"https:\/\/sinasefesm.com\/index.php\/wp-json\/wp\/v2\/comments?post=4894"}],"version-history":[{"count":0,"href":"https:\/\/sinasefesm.com\/index.php\/wp-json\/wp\/v2\/posts\/4894\/revisions"}],"wp:featuredmedia":[{"embeddable":true,"href":"https:\/\/sinasefesm.com\/index.php\/wp-json\/wp\/v2\/media\/4900"}],"wp:attachment":[{"href":"https:\/\/sinasefesm.com\/index.php\/wp-json\/wp\/v2\/media?parent=4894"}],"wp:term":[{"taxonomy":"category","embeddable":true,"href":"https:\/\/sinasefesm.com\/index.php\/wp-json\/wp\/v2\/categories?post=4894"},{"taxonomy":"post_tag","embeddable":true,"href":"https:\/\/sinasefesm.com\/index.php\/wp-json\/wp\/v2\/tags?post=4894"}],"curies":[{"name":"wp","href":"https:\/\/api.w.org\/{rel}","templated":true}]}}