{"id":4901,"date":"2022-06-28T18:26:46","date_gmt":"2022-06-28T18:26:46","guid":{"rendered":"https:\/\/sinasefesm.com\/?p=4901"},"modified":"2022-06-28T18:26:46","modified_gmt":"2022-06-28T18:26:46","slug":"ufsm-sedia-conferencia-sobre-democracia-nesta-quinta-feira-dia-30","status":"publish","type":"post","link":"https:\/\/sinasefesm.com\/index.php\/2022\/06\/28\/ufsm-sedia-conferencia-sobre-democracia-nesta-quinta-feira-dia-30\/","title":{"rendered":"UFSM sedia confer\u00eancia sobre democracia nesta quinta-feira, dia 30"},"content":{"rendered":"\n<p>A confer\u00eancia \u2018\u2019Que democracia?\u2019\u2019, promovida pelo Sinasefe em parceria com as demais entidades representativas da UFSM, acontecer\u00e1 nesta quinta-feira, 30 de junho, no Audit\u00f3rio Fl\u00e1vio Miguel Schneider (pr\u00e9dio 42, CCR, campus sede da UFSM) das 19h \u00e0s 22 horas.\u00a0O evento, que conta com a presen\u00e7a do professor de filosofia da Universidade Federal de Goi\u00e1s (UFG), Adriano Correia, deve discutir as amea\u00e7as \u00e0 democracia que as universidades federais t\u00eam sofrido recentemente, e as formas de resist\u00eancia que essas institui\u00e7\u00f5es v\u00eam adotando.\u00a0<\/p>\n\n\n\n<p>Durante a confer\u00eancia tamb\u00e9m haver\u00e1 uma apresenta\u00e7\u00e3o musical do professor do Departamento de Educa\u00e7\u00e3o Agr\u00edcola e Extens\u00e3o Rural da UFSM, Renato Souza. Posteriormente, as entidades sindicais e os movimentos estudantis da UFSM, como Sedufsm, Atens, Assufsm, DCE, APG, al\u00e9m do pr\u00f3prio Sinasefe, ter\u00e3o um espa\u00e7o de fala no debate.<\/p>\n\n\n<div class=\"wp-block-image\">\n<figure class=\"alignright size-full is-resized\"><img decoding=\"async\" src=\"https:\/\/sinasefesm.com\/wp-content\/uploads\/2022\/06\/289796366_3317672448511462_7486259283880888671_n-2.jpg\" alt=\"\" class=\"wp-image-4906\" width=\"-387\" height=\"-387\" srcset=\"https:\/\/sinasefesm.com\/wp-content\/uploads\/2022\/06\/289796366_3317672448511462_7486259283880888671_n-2.jpg 2000w, https:\/\/sinasefesm.com\/wp-content\/uploads\/2022\/06\/289796366_3317672448511462_7486259283880888671_n-2-300x300.jpg 300w, https:\/\/sinasefesm.com\/wp-content\/uploads\/2022\/06\/289796366_3317672448511462_7486259283880888671_n-2-1024x1024.jpg 1024w, https:\/\/sinasefesm.com\/wp-content\/uploads\/2022\/06\/289796366_3317672448511462_7486259283880888671_n-2-150x150.jpg 150w, https:\/\/sinasefesm.com\/wp-content\/uploads\/2022\/06\/289796366_3317672448511462_7486259283880888671_n-2-768x768.jpg 768w, https:\/\/sinasefesm.com\/wp-content\/uploads\/2022\/06\/289796366_3317672448511462_7486259283880888671_n-2-1536x1536.jpg 1536w, https:\/\/sinasefesm.com\/wp-content\/uploads\/2022\/06\/289796366_3317672448511462_7486259283880888671_n-2-450x450.jpg 450w, https:\/\/sinasefesm.com\/wp-content\/uploads\/2022\/06\/289796366_3317672448511462_7486259283880888671_n-2-1200x1200.jpg 1200w\" sizes=\"(max-width: 2000px) 100vw, 2000px\" \/><\/figure><\/div>\n\n\n<p>Ainda no dia 30, estendendo-se para dia 1\u00ba de julho, haver\u00e1 um minicurso, intitulado <em>\u201cHannah Arendt e a banalidade do mal e suas implica\u00e7\u00f5es para a educa\u00e7\u00e3o\u201d<\/em>, ministrado por Correia, das 9h \u00e0s 12 horas em ambos os dias, no audit\u00f3rio do Centro de Educa\u00e7\u00e3o (Audimax) na UFSM. Para participar do curso, \u00e9 preciso se inscrever atrav\u00e9s do e-mail da Unidade de Apoio Pedag\u00f3gico (UAP): <a href=\"mailto:uapeducacao@gmail.com\">uapeducacao@gmail.com<\/a>.<\/p>\n\n\n\n<p>Tanto a confer\u00eancia, quanto o curso fazem parte do \u2018\u2019Ocupa UFSM\u2019\u2019, movimento que vai de 27 de junho a 1\u00ba de julho, com atividades de mobiliza\u00e7\u00e3o da comunidade acad\u00eamica contra os cortes de recursos para educa\u00e7\u00e3o e as interven\u00e7\u00f5es autorit\u00e1rias do governo Bolsonaro no espa\u00e7o universit\u00e1rio.<\/p>\n\n\n\n<hr class=\"wp-block-separator has-alpha-channel-opacity\"\/>\n\n\n\n<p><em>Texto: Laurent Keller<\/em><\/p>\n\n\n\n<p><em>Revis\u00e3o: Bruna Homrich<\/em><\/p>\n","protected":false},"excerpt":{"rendered":"<p>A confer\u00eancia \u2018\u2019Que democracia?\u2019\u2019, promovida pelo Sinasefe em parceria com as demais entidades representativas da UFSM, acontecer\u00e1 nesta quinta-feira, 30 de junho, no Audit\u00f3rio Fl\u00e1vio Miguel Schneider (pr\u00e9dio 42, CCR, campus sede da UFSM) das 19h \u00e0s 22 horas.\u00a0O evento, que conta com a presen\u00e7a do professor de filosofia da Universidade Federal de Goi\u00e1s (UFG),<\/p>\n","protected":false},"author":5,"featured_media":4903,"comment_status":"closed","ping_status":"closed","sticky":false,"template":"","format":"standard","meta":{"footnotes":""},"categories":[39],"tags":[92,98,225],"class_list":{"0":"post-4901","1":"post","2":"type-post","3":"status-publish","4":"format-standard","5":"has-post-thumbnail","7":"category-eventos","8":"tag-cortes-orcamentarios","9":"tag-democracia","10":"tag-ufsm"},"_links":{"self":[{"href":"https:\/\/sinasefesm.com\/index.php\/wp-json\/wp\/v2\/posts\/4901","targetHints":{"allow":["GET"]}}],"collection":[{"href":"https:\/\/sinasefesm.com\/index.php\/wp-json\/wp\/v2\/posts"}],"about":[{"href":"https:\/\/sinasefesm.com\/index.php\/wp-json\/wp\/v2\/types\/post"}],"author":[{"embeddable":true,"href":"https:\/\/sinasefesm.com\/index.php\/wp-json\/wp\/v2\/users\/5"}],"replies":[{"embeddable":true,"href":"https:\/\/sinasefesm.com\/index.php\/wp-json\/wp\/v2\/comments?post=4901"}],"version-history":[{"count":0,"href":"https:\/\/sinasefesm.com\/index.php\/wp-json\/wp\/v2\/posts\/4901\/revisions"}],"wp:featuredmedia":[{"embeddable":true,"href":"https:\/\/sinasefesm.com\/index.php\/wp-json\/wp\/v2\/media\/4903"}],"wp:attachment":[{"href":"https:\/\/sinasefesm.com\/index.php\/wp-json\/wp\/v2\/media?parent=4901"}],"wp:term":[{"taxonomy":"category","embeddable":true,"href":"https:\/\/sinasefesm.com\/index.php\/wp-json\/wp\/v2\/categories?post=4901"},{"taxonomy":"post_tag","embeddable":true,"href":"https:\/\/sinasefesm.com\/index.php\/wp-json\/wp\/v2\/tags?post=4901"}],"curies":[{"name":"wp","href":"https:\/\/api.w.org\/{rel}","templated":true}]}}