{"id":4909,"date":"2022-07-02T00:55:21","date_gmt":"2022-07-02T00:55:21","guid":{"rendered":"https:\/\/sinasefesm.com\/?p=4909"},"modified":"2022-07-02T00:55:21","modified_gmt":"2022-07-02T00:55:21","slug":"conferencia-discute-a-conservacao-da-democracia-no-brasil-de-2022","status":"publish","type":"post","link":"https:\/\/sinasefesm.com\/index.php\/2022\/07\/02\/conferencia-discute-a-conservacao-da-democracia-no-brasil-de-2022\/","title":{"rendered":"Confer\u00eancia discute a conserva\u00e7\u00e3o da democracia no Brasil de 2022"},"content":{"rendered":"\n<p>Aconteceu na \u00faltima quinta-feira, 30 de junho, a Confer\u00eancia \u2018\u2019Que democracia?\u2019\u2019, a fim de debater sobre a import\u00e2ncia e o papel da democracia no cen\u00e1rio pol\u00edtico atual brasileiro. Realizado no Audit\u00f3rio Fl\u00e1vio Miguel Schneider da UFSM, o evento contou com a palestra do professor de filosofia da Universidade Federal de Goi\u00e1s (UFG), Adriano Correia, e com falas de alguns dos representantes sindicais que promoveram o evento.<\/p>\n\n\n\n<p>Inicialmente, Correia destacou o papel das mobiliza\u00e7\u00f5es sociais em uma sociedade democr\u00e1tica, com \u00eanfase na conjuntura pol\u00edtica atual, e refletiu: <em>\u201co que a gente tem direito a esperar quando nos mobilizamos e o que podemos perder quando deixamos de fazer isso?\u201d<\/em>. Em seguida, o fil\u00f3sofo fez uma explana\u00e7\u00e3o do conceito de democracia, com uma abordagem hist\u00f3rica de seu significado na antiguidade e hoje em dia.<\/p>\n\n\n<div class=\"wp-block-image\">\n<figure class=\"alignright size-full\"><img fetchpriority=\"high\" decoding=\"async\" width=\"512\" height=\"341\" src=\"https:\/\/sinasefesm.com\/wp-content\/uploads\/2022\/07\/unnamed-2.jpg\" alt=\"\" class=\"wp-image-4911\" srcset=\"https:\/\/sinasefesm.com\/wp-content\/uploads\/2022\/07\/unnamed-2.jpg 512w, https:\/\/sinasefesm.com\/wp-content\/uploads\/2022\/07\/unnamed-2-300x200.jpg 300w, https:\/\/sinasefesm.com\/wp-content\/uploads\/2022\/07\/unnamed-2-150x100.jpg 150w, https:\/\/sinasefesm.com\/wp-content\/uploads\/2022\/07\/unnamed-2-450x300.jpg 450w\" sizes=\"(max-width: 512px) 100vw, 512px\" \/><\/figure><\/div>\n\n\n<p>Em nome do Sinasefe, o Secret\u00e1rio Pessoal do sindicato, Alejandro Lezcano, explicou que, ao analisarmos a trajet\u00f3ria da democracia nos \u00faltimos 30 anos na Am\u00e9rica Latina e, em especial, o processo de redemocratiza\u00e7\u00e3o brasileiro, \u00e9 percept\u00edvel que uma s\u00e9rie de expectativas se criaram pela popula\u00e7\u00e3o, mas poucas foram cumpridas.<\/p>\n\n\n\n<p><em>\u201cAs pessoas ficaram um pouco c\u00e9ticas por causa desses valores e a forma de governo democr\u00e1tico. [Dados] indicam baix\u00edssima ades\u00e3o \u00e0 confian\u00e7a das institui\u00e7\u00f5es democr\u00e1ticas, sobretudo no Brasil que est\u00e1 nos \u00faltimos lugares dessa pesquisa\u201d<\/em>, complementa seu pensamento, Lezcano. <\/p>\n\n\n\n<p>Al\u00e9m do Sinasefe, Sedufsm, APG, Assufsm, DCE e Atens promoveram a atividade, que comp\u00f5e uma s\u00e9rie de eventos contra o projeto de desmonte das universidades e institutos federais feito pelo governo Bolsonaro. Segundo o vice-presidente da Sedufsm, Asc\u00edsio Pereira, devem ser realizadas outras a\u00e7\u00f5es com o mesmo prop\u00f3sito, ao menos, dos meses de julho a outubro deste ano.<\/p>\n\n\n<div class=\"wp-block-image\">\n<figure class=\"alignleft size-full is-resized\"><img decoding=\"async\" src=\"https:\/\/sinasefesm.com\/wp-content\/uploads\/2022\/07\/unnamed-3.jpg\" alt=\"\" class=\"wp-image-4910\" width=\"468\" height=\"351\" srcset=\"https:\/\/sinasefesm.com\/wp-content\/uploads\/2022\/07\/unnamed-3.jpg 512w, https:\/\/sinasefesm.com\/wp-content\/uploads\/2022\/07\/unnamed-3-300x225.jpg 300w, https:\/\/sinasefesm.com\/wp-content\/uploads\/2022\/07\/unnamed-3-150x113.jpg 150w, https:\/\/sinasefesm.com\/wp-content\/uploads\/2022\/07\/unnamed-3-450x338.jpg 450w\" sizes=\"(max-width: 468px) 100vw, 468px\" \/><\/figure><\/div>\n\n\n<p>A Confer\u00eancia contou tamb\u00e9m com uma apresenta\u00e7\u00e3o musical do professor do Departamento de Educa\u00e7\u00e3o Agr\u00edcola e Extens\u00e3o Rural da UFSM, Renato Souza. Alinhado \u00e0 tem\u00e1tica do evento, Souza comentou sobre o per\u00edodo ditatorial enfrentado pelo pa\u00eds, entre 1964 e 1985, que, mesmo sendo marcado por dura repress\u00e3o policial e censura, \u00e9 venerado pelo governo vigente.<\/p>\n\n\n\n<p><\/p>\n\n\n\n<p>Para aqueles que n\u00e3o conseguiram acompanhar a Confer\u00eancia presencialmente, basta acessar a <a href=\"https:\/\/www.youtube.com\/watch?v=FHW0CHYDs7I&amp;t=20s\">transmiss\u00e3o online<\/a> do evento, feita pelo Canal PaideiaTV: Forma\u00e7\u00e3o Integral Humana.<\/p>\n\n\n\n<hr class=\"wp-block-separator has-alpha-channel-opacity\"\/>\n\n\n\n<p><em>Texto: Laurent Keller<\/em><\/p>\n\n\n\n<p><em>Imagens: Bruna Homrich e Laurent Keller<\/em><\/p>\n\n\n\n<p><em>Revis\u00e3o: Bruna Homrich<\/em><\/p>\n","protected":false},"excerpt":{"rendered":"<p>Aconteceu na \u00faltima quinta-feira, 30 de junho, a Confer\u00eancia \u2018\u2019Que democracia?\u2019\u2019, a fim de debater sobre a import\u00e2ncia e o papel da democracia no cen\u00e1rio pol\u00edtico atual brasileiro. Realizado no Audit\u00f3rio Fl\u00e1vio Miguel Schneider da UFSM, o evento contou com a palestra do professor de filosofia da Universidade Federal de Goi\u00e1s (UFG), Adriano Correia, e<\/p>\n","protected":false},"author":5,"featured_media":4912,"comment_status":"closed","ping_status":"closed","sticky":false,"template":"","format":"standard","meta":{"footnotes":""},"categories":[37,39],"tags":[98,225],"class_list":{"0":"post-4909","1":"post","2":"type-post","3":"status-publish","4":"format-standard","5":"has-post-thumbnail","7":"category-destaque","8":"category-eventos","9":"tag-democracia","10":"tag-ufsm"},"_links":{"self":[{"href":"https:\/\/sinasefesm.com\/index.php\/wp-json\/wp\/v2\/posts\/4909","targetHints":{"allow":["GET"]}}],"collection":[{"href":"https:\/\/sinasefesm.com\/index.php\/wp-json\/wp\/v2\/posts"}],"about":[{"href":"https:\/\/sinasefesm.com\/index.php\/wp-json\/wp\/v2\/types\/post"}],"author":[{"embeddable":true,"href":"https:\/\/sinasefesm.com\/index.php\/wp-json\/wp\/v2\/users\/5"}],"replies":[{"embeddable":true,"href":"https:\/\/sinasefesm.com\/index.php\/wp-json\/wp\/v2\/comments?post=4909"}],"version-history":[{"count":0,"href":"https:\/\/sinasefesm.com\/index.php\/wp-json\/wp\/v2\/posts\/4909\/revisions"}],"wp:featuredmedia":[{"embeddable":true,"href":"https:\/\/sinasefesm.com\/index.php\/wp-json\/wp\/v2\/media\/4912"}],"wp:attachment":[{"href":"https:\/\/sinasefesm.com\/index.php\/wp-json\/wp\/v2\/media?parent=4909"}],"wp:term":[{"taxonomy":"category","embeddable":true,"href":"https:\/\/sinasefesm.com\/index.php\/wp-json\/wp\/v2\/categories?post=4909"},{"taxonomy":"post_tag","embeddable":true,"href":"https:\/\/sinasefesm.com\/index.php\/wp-json\/wp\/v2\/tags?post=4909"}],"curies":[{"name":"wp","href":"https:\/\/api.w.org\/{rel}","templated":true}]}}