{"id":4915,"date":"2022-07-03T00:35:24","date_gmt":"2022-07-03T00:35:24","guid":{"rendered":"https:\/\/sinasefesm.com\/?p=4915"},"modified":"2022-07-03T00:35:24","modified_gmt":"2022-07-03T00:35:24","slug":"sinasefe-suspende-greve-mas-reforca-importancia-da-mobilizacao-contra-desmandos-do-governo","status":"publish","type":"post","link":"https:\/\/sinasefesm.com\/index.php\/2022\/07\/03\/sinasefe-suspende-greve-mas-reforca-importancia-da-mobilizacao-contra-desmandos-do-governo\/","title":{"rendered":"Sinasefe suspende greve, mas refor\u00e7a mobiliza\u00e7\u00e3o contra desmandos do governo"},"content":{"rendered":"\n<p>Em sua 175\u00aa Plen\u00e1ria Nacional (Plena), ocorrida no dia 29 de junho, o Sinasefe deliberou pela suspens\u00e3o da greve por tempo indeterminado e pelo retorno ao estado de greve, com refor\u00e7o da mobiliza\u00e7\u00e3o nas bases e da press\u00e3o contra os desmandos do governo Bolsonaro \u2013 dos quais s\u00e3o exemplos os cortes or\u00e7ament\u00e1rios respons\u00e1veis por penalizarem o funcionamento das universidades e institutos federais, e a negativa do Executivo federal em negociar a pauta de reivindica\u00e7\u00f5es apresentada pelo conjunto das servidoras e servidores p\u00fablicos federais.<\/p>\n\n\n\n<p>A suspens\u00e3o da greve dever\u00e1 ser votada em assembleias de base a serem realizadas entre os pr\u00f3ximos dias 4 e 15 de julho, contudo, uma vez que a orienta\u00e7\u00e3o \u00e9 instituir um estado de greve, o movimento paredista pode retornar a qualquer momento, a depender de novas avalia\u00e7\u00f5es realizadas.<\/p>\n\n\n\n<p>A greve do Sinasefe chegou a contar com a ades\u00e3o de 11 se\u00e7\u00f5es sindicais. Cabe destacar que a se\u00e7\u00e3o de Santa Maria avaliou n\u00e3o aderir ao movimento neste momento, tendo em vista a necessidade de fortalecer a mobiliza\u00e7\u00e3o e ampliar o debate coletivo na base.<\/p>\n\n\n\n<h2 class=\"wp-block-heading\"><strong>7 de julho: Dia Nacional de Luta<\/strong><\/h2>\n\n\n\n<p>A decis\u00e3o de suspender a greve momentaneamente n\u00e3o significa, nem de longe, que o Sinasefe se ausentar\u00e1 da luta. Em sua 175\u00aa Plena, a entidade aprovou transformar a pr\u00f3xima quinta-feira, 7 de julho, em um Dia Nacional de Mobiliza\u00e7\u00e3o, Paralisa\u00e7\u00e3o e Luta Contra os Cortes de Verbas da Educa\u00e7\u00e3o Federal.<\/p>\n\n\n<div class=\"wp-block-image is-style-default\">\n<figure class=\"alignleft size-full\"><img fetchpriority=\"high\" decoding=\"async\" width=\"1860\" height=\"555\" src=\"https:\/\/sinasefesm.com\/wp-content\/uploads\/2022\/07\/7dejulhoBANNER.png\" alt=\"\" class=\"wp-image-4917\" srcset=\"https:\/\/sinasefesm.com\/wp-content\/uploads\/2022\/07\/7dejulhoBANNER.png 1860w, https:\/\/sinasefesm.com\/wp-content\/uploads\/2022\/07\/7dejulhoBANNER-300x90.png 300w, https:\/\/sinasefesm.com\/wp-content\/uploads\/2022\/07\/7dejulhoBANNER-1024x306.png 1024w, https:\/\/sinasefesm.com\/wp-content\/uploads\/2022\/07\/7dejulhoBANNER-768x229.png 768w, https:\/\/sinasefesm.com\/wp-content\/uploads\/2022\/07\/7dejulhoBANNER-1536x458.png 1536w, https:\/\/sinasefesm.com\/wp-content\/uploads\/2022\/07\/7dejulhoBANNER-150x45.png 150w, https:\/\/sinasefesm.com\/wp-content\/uploads\/2022\/07\/7dejulhoBANNER-450x134.png 450w, https:\/\/sinasefesm.com\/wp-content\/uploads\/2022\/07\/7dejulhoBANNER-1200x358.png 1200w\" sizes=\"(max-width: 1860px) 100vw, 1860px\" \/><\/figure><\/div>\n\n\n<p>A ideia \u00e9 que, em cada base do sindicato (e dentro da capacidade de mobiliza\u00e7\u00e3o de cada se\u00e7\u00e3o sindical), sejam promovidos debates, atos, paralisa\u00e7\u00f5es, panfletagens ou demais atividades que chamem aten\u00e7\u00e3o para as pol\u00edticas de desmonte orquestradas pelo governo Bolsonaro contra a educa\u00e7\u00e3o p\u00fablica.<\/p>\n\n\n\n<p>Os cortes (na casa dos 14,5%) anunciados em 27 de maio foram consolidados nessa \u00faltima semana (em 7,2%). Retirados das Universidades, Institutos Federais e Cefets, tais recursos v\u00eam sendo transferidos para o Programa de Garantia da Atividade Agropecu\u00e1ria (Proagro), conforme a portaria n\u00ba 5.649\/2022 do Minist\u00e9rio da Economia, publicada em 23 de junho no Di\u00e1rio Oficial da Uni\u00e3o (DOU).<\/p>\n\n\n\n<p>Com esse remanejamento, segundo levantamentos feitos pela Andifes e pelo Conif, as Institui\u00e7\u00f5es Federais de Ensino (IFEs) perderam, juntas, R$ 619 milh\u00f5es do or\u00e7amento discriminado s\u00f3 no m\u00eas de junho.<\/p>\n\n\n\n<h2 class=\"wp-block-heading\"><strong>Jornada de Lutas<\/strong><\/h2>\n\n\n\n<figure class=\"wp-block-image size-full is-style-default\"><img decoding=\"async\" src=\"https:\/\/sinasefesm.com\/wp-content\/uploads\/2022\/07\/JORNADA-DE-LUTAS-SINASEFE_FONA..png\" alt=\"\" class=\"wp-image-4918\"\/><\/figure>\n\n\n\n<p>O dia 7 de julho integrar\u00e1, na verdade, um calend\u00e1rio mais amplo. Trata-se da Jornada de Luta Pela Recomposi\u00e7\u00e3o dos Or\u00e7amentos, Pela Reposi\u00e7\u00e3o Salarial e Pela Negocia\u00e7\u00e3o Coletiva Contra as Privatiza\u00e7\u00f5es, marcada para acontecer do dia 4 ao dia 7 de julho (desta segunda at\u00e9 a quinta-feira).<\/p>\n\n\n\n<p>Convocada pelo Fonasefe (F\u00f3rum das Entidades Nacionais dos Servidores P\u00fablicos Federais), a jornada contar\u00e1 com caravanas saindo dos estados rumo a Bras\u00edlia (DF), com o objetivo de defender os servi\u00e7os p\u00fablicos e a recomposi\u00e7\u00e3o salarial dos servidores (da ordem de 19,99%); cobrar respostas do Governo Federal sobre a Campanha Salarial 2022 e lutar contra a privatiza\u00e7\u00e3o das estatais \u2013 em especial os Correios, a Petrobras, a Eletrobras e o Dataprev.<\/p>\n\n\n\n<p>Veja, abaixo, a programa\u00e7\u00e3o completa da Jornada de Lutas na capital federal:<\/p>\n\n\n\n<p><strong>Programa\u00e7\u00e3o<\/strong><\/p>\n\n\n\n<p><strong>04\/07<\/strong><\/p>\n\n\n\n<ul class=\"wp-block-list\"><li><strong>Dia todo<\/strong>&nbsp;\u2013 Recep\u00e7\u00e3o aos parlamentares \u2013 Aeroporto de Bras\u00edlia-DF<\/li><\/ul>\n\n\n\n<p><strong>05\/07<\/strong><\/p>\n\n\n\n<ul class=\"wp-block-list\"><li><strong>07:00 \u00e0s 10:00<\/strong>&nbsp;\u2013 Recep\u00e7\u00e3o aos parlamentares \u2013 Aeroporto de Bras\u00edlia-DF<\/li><li><strong>14:00 \u00e0s 18:00<\/strong>&nbsp;\u2013 Ato contra as privatiza\u00e7\u00f5es e pela recomposi\u00e7\u00e3o dos or\u00e7amentos \u2013 Anexo II da C\u00e2mara dos Deputados<\/li><\/ul>\n\n\n\n<p><strong>06\/07<\/strong><\/p>\n\n\n\n<ul class=\"wp-block-list\"><li><strong>08:00 \u00e0s 12:00<\/strong>&nbsp;\u2013 Reuni\u00e3o com os parlamentares sobre os or\u00e7amentos \u2013 Congresso Nacional<\/li><li><strong>14:00 \u00e0s 18:00<\/strong>&nbsp;\u2013 Vig\u00edlia pela recomposi\u00e7\u00e3o dos or\u00e7amentos \u2013 Anexo II da C\u00e2mara dos Deputados<\/li><li><strong>14:00 \u00e0s 18:00<\/strong>&nbsp;\u2013 Visitas aos gabinetes dos parlamentares pela recomposi\u00e7\u00e3o dos or\u00e7amentos \u2013 Anexo IV da C\u00e2mara dos Deputados<\/li><\/ul>\n\n\n\n<p><strong>07\/07<\/strong><\/p>\n\n\n\n<ul class=\"wp-block-list\"><li><strong>10:00 \u00e0s 12:00<\/strong>&nbsp;\u2013 Ato pela CPI do Minist\u00e9rio da Educa\u00e7\u00e3o \u2013 Anexo II do Senado Federal<\/li><\/ul>\n\n\n\n<p>Abaixo, v\u00eddeo de convoca\u00e7\u00e3o para a Jornada, elaborado pela Dire\u00e7\u00e3o Nacional do Sinasefe e pelo Comando Nacional de Greve (CNG):<\/p>\n\n\n\n<figure class=\"wp-block-embed is-type-video is-provider-youtube wp-block-embed-youtube wp-embed-aspect-16-9 wp-has-aspect-ratio\"><div class=\"wp-block-embed__wrapper\">\n<iframe title=\"DN e CNG convocam para Jornada de Lutas do Fonasefe em Bras\u00edlia\" width=\"768\" height=\"432\" src=\"https:\/\/www.youtube.com\/embed\/8MgWIpOkNGc?feature=oembed\" frameborder=\"0\" allow=\"accelerometer; autoplay; clipboard-write; encrypted-media; gyroscope; picture-in-picture; web-share\" referrerpolicy=\"strict-origin-when-cross-origin\" allowfullscreen><\/iframe>\n<\/div><\/figure>\n\n\n\n<h2 class=\"wp-block-heading\"><strong>A pot\u00eancia das Jornadas de Lutas<\/strong><\/h2>\n\n\n\n<p>Cabe lembrar que, em uma das \u00faltimas vezes em que as servidoras e servidores p\u00fablicos protagonizaram jornadas de luta em Bras\u00edlia e nos estados, foi suspensa a tramita\u00e7\u00e3o da Reforma Administrativa (PEC 32\/20).<\/p>\n\n\n\n<p>\u00c0 \u00e9poca em debate na C\u00e2mara de Deputados, a mat\u00e9ria era prioridade do governo Bolsonaro e s\u00f3 n\u00e3o foi votada porque, no final de 2021, o funcionalismo p\u00fablico encampou mobiliza\u00e7\u00f5es por semanas consecutivas, visitando gabinetes de parlamentares, recepcionando deputados nos aeroportos e tentando, por diversos meios, sensibiliz\u00e1-los e pression\u00e1-los a n\u00e3o votarem a Reforma que representaria um passo largo rumo \u00e0 destrui\u00e7\u00e3o dos servi\u00e7os p\u00fablicos no Brasil.<\/p>\n","protected":false},"excerpt":{"rendered":"<p>Em sua 175\u00aa Plen\u00e1ria Nacional (Plena), ocorrida no dia 29 de junho, o Sinasefe deliberou pela suspens\u00e3o da greve por tempo indeterminado e pelo retorno ao estado de greve, com refor\u00e7o da mobiliza\u00e7\u00e3o nas bases e da press\u00e3o contra os desmandos do governo Bolsonaro \u2013 dos quais s\u00e3o exemplos os cortes or\u00e7ament\u00e1rios respons\u00e1veis por penalizarem<\/p>\n","protected":false},"author":3,"featured_media":4921,"comment_status":"closed","ping_status":"closed","sticky":false,"template":"","format":"standard","meta":{"footnotes":""},"categories":[37,41,42,45],"tags":[],"class_list":{"0":"post-4915","1":"post","2":"type-post","3":"status-publish","4":"format-standard","5":"has-post-thumbnail","7":"category-destaque","8":"category-movimento","9":"category-noticia","10":"category-sindicato"},"_links":{"self":[{"href":"https:\/\/sinasefesm.com\/index.php\/wp-json\/wp\/v2\/posts\/4915","targetHints":{"allow":["GET"]}}],"collection":[{"href":"https:\/\/sinasefesm.com\/index.php\/wp-json\/wp\/v2\/posts"}],"about":[{"href":"https:\/\/sinasefesm.com\/index.php\/wp-json\/wp\/v2\/types\/post"}],"author":[{"embeddable":true,"href":"https:\/\/sinasefesm.com\/index.php\/wp-json\/wp\/v2\/users\/3"}],"replies":[{"embeddable":true,"href":"https:\/\/sinasefesm.com\/index.php\/wp-json\/wp\/v2\/comments?post=4915"}],"version-history":[{"count":0,"href":"https:\/\/sinasefesm.com\/index.php\/wp-json\/wp\/v2\/posts\/4915\/revisions"}],"wp:featuredmedia":[{"embeddable":true,"href":"https:\/\/sinasefesm.com\/index.php\/wp-json\/wp\/v2\/media\/4921"}],"wp:attachment":[{"href":"https:\/\/sinasefesm.com\/index.php\/wp-json\/wp\/v2\/media?parent=4915"}],"wp:term":[{"taxonomy":"category","embeddable":true,"href":"https:\/\/sinasefesm.com\/index.php\/wp-json\/wp\/v2\/categories?post=4915"},{"taxonomy":"post_tag","embeddable":true,"href":"https:\/\/sinasefesm.com\/index.php\/wp-json\/wp\/v2\/tags?post=4915"}],"curies":[{"name":"wp","href":"https:\/\/api.w.org\/{rel}","templated":true}]}}