{"id":4929,"date":"2022-07-08T23:33:18","date_gmt":"2022-07-08T23:33:18","guid":{"rendered":"https:\/\/sinasefesm.com\/?p=4929"},"modified":"2022-07-08T23:33:18","modified_gmt":"2022-07-08T23:33:18","slug":"ufsm-e-pioneira-na-construcao-de-uma-politica-de-genero-no-ambiente-universitario","status":"publish","type":"post","link":"https:\/\/sinasefesm.com\/index.php\/2022\/07\/08\/ufsm-e-pioneira-na-construcao-de-uma-politica-de-genero-no-ambiente-universitario\/","title":{"rendered":"UFSM \u00e9 pioneira na constru\u00e7\u00e3o de uma pol\u00edtica de g\u00eanero no ambiente universit\u00e1rio"},"content":{"rendered":"\n<p>Ao final de junho, a UFSM inaugurou dois espa\u00e7os voltados para promo\u00e7\u00e3o de acolhimento, orienta\u00e7\u00e3o e dignidade social para comunidade LBGTQIA+ e para mulheres: a Casa Ver\u00f4nica, que deve disponibilizar servi\u00e7os de Direito, Psicologia e Assist\u00eancia Social a v\u00edtimas de viol\u00eancia de g\u00eanero; e o primeiro banheiro inclusivo do Col\u00e9gio Polit\u00e9cnico, local destinado ao uso de todos e todas, independente de sua identidade de g\u00eanero.<\/p>\n\n\n\n<p>Ambos os lugares atendem \u00e0 <a href=\"https:\/\/www.ufsm.br\/pro-reitorias\/proplan\/resolucao-ufsm-n-064-2021\/#:~:text=Esta%20resolu%C3%A7%C3%A3o%20entra%20em%20vigor,Par%C3%A1grafo%20%C3%BAnico.\">Resolu\u00e7\u00e3o N. 064\/2021<\/a> da Universidade, relativa \u00e0 Pol\u00edtica de Igualdade de G\u00eanero que, por meio de iniciativas institucionais, busca atenuar preconceitos e desigualdades relacionadas a essa quest\u00e3o.<\/p>\n\n\n\n<p>A Casa Ver\u00f4nica recebe o nome de uma importante figura para a comunidade LBGTQIA+ de Santa Maria. Ver\u00f4nica Oliveira, tamb\u00e9m conhecida como M\u00e3e Loira, possu\u00eda uma casa de acolhimento para pessoas da comunidade v\u00edtimas de intoler\u00e2ncia e discrimina\u00e7\u00e3o, at\u00e9 12 de janeiro de 2019, quando foi assassinada a facadas no centro da cidade, por conta da LGBTQIA+fobia. Em homenagem a ela, o Observat\u00f3rio de Direitos Humanos (ODH), da Pr\u00f3-Reitoria de Extens\u00e3o (PRE), criou a Casa Ver\u00f4nica, localizada na Biblioteca Central da UFSM, sala 204.<\/p>\n\n\n\n<p>De acordo com a professora do Col\u00e9gio Polit\u00e9cnico da UFSM e Coordenadora do F\u00f3rum de Enfrentamento \u00e0 Viol\u00eancia contra as Mulheres de Santa Maria, Laura Cortes, a Casa seguir\u00e1 os passos da M\u00e3e Loira, recebendo essa popula\u00e7\u00e3o invisibilizada e culturalmente posta em condi\u00e7\u00e3o de subalternidade. Para ela, <em>\u2018\u2019a Casa Ver\u00f4nica representa um espa\u00e7o de acolhida, que d\u00e1 visibilidade para momentos de muita fragilidade, que s\u00e3o as situa\u00e7\u00f5es de viol\u00eancia. Representa uma conquista dessa popula\u00e7\u00e3o que est\u00e1 \u00e0 merc\u00ea de uma cultura patriarcal.\u2019\u2019<\/em><\/p>\n\n\n\n<p>O espa\u00e7o tem como objetivo se tornar um centro de refer\u00eancia articulado politicamente n\u00e3o somente para mulheres e comunidade LGBTQIA+, mas para todo p\u00fablico interessado, segundo a respons\u00e1vel pela administra\u00e7\u00e3o da Casa e da implanta\u00e7\u00e3o da Pol\u00edtica de G\u00eanero, Bruna Denkin. Em sua vis\u00e3o, a discuss\u00e3o de temas ligados a g\u00eanero, \u00e0 diversidade, \u00e0 sexualidade e aos direitos humanos precisa contemplar toda sociedade. Por isso, ser\u00e3o desenvolvidas rodas de conversa e leitura que permitam a discuss\u00e3o desses assuntos na Casa Ver\u00f4nica, promovendo assim atividades proativas, al\u00e9m das iniciativas de acolhimento. Tais a\u00e7\u00f5es seguem os tr\u00eas eixos de a\u00e7\u00e3o pensados pela pol\u00edtica de igualdade da UFSM: educa\u00e7\u00e3o, responsabiliza\u00e7\u00e3o e assist\u00eancia, que trabalharia mais especificamente com a quest\u00e3o da orienta\u00e7\u00e3o jur\u00eddica e psicossocial. Para isso, devem ser contratados psic\u00f3logos, advogados e assistentes sociais em at\u00e9 dois meses, para que o local comece a funcionar.<\/p>\n\n\n\n<p>Bruna reconhece a import\u00e2ncia de espa\u00e7os como esse dentro de uma universidade p\u00fablica: <em>\u2018\u2019a Casa e a pol\u00edtica de igualdade de g\u00eanero em uma universidade como a UFSM representam uma conquista para a comunidade acad\u00eamica, [especialmente] em um cen\u00e1rio em que a gente v\u00ea tantas viol\u00eancias. Pensar uma pol\u00edtica p\u00fablica para isso significa que a universidade est\u00e1 explicitando a import\u00e2ncia de olhar para essas quest\u00f5es e tentar promover mudan\u00e7as.\u2019\u2019<\/em><\/p>\n\n\n\n<p><\/p>\n\n\n<div class=\"wp-block-image\">\n<figure class=\"alignright size-full is-resized\"><img fetchpriority=\"high\" decoding=\"async\" src=\"https:\/\/sinasefesm.com\/wp-content\/uploads\/2022\/07\/02.jpg\" alt=\"\" class=\"wp-image-4931\" width=\"318\" height=\"584\" srcset=\"https:\/\/sinasefesm.com\/wp-content\/uploads\/2022\/07\/02.jpg 558w, https:\/\/sinasefesm.com\/wp-content\/uploads\/2022\/07\/02-163x300.jpg 163w, https:\/\/sinasefesm.com\/wp-content\/uploads\/2022\/07\/02-150x275.jpg 150w, https:\/\/sinasefesm.com\/wp-content\/uploads\/2022\/07\/02-450x826.jpg 450w\" sizes=\"(max-width: 318px) 100vw, 318px\" \/><figcaption>Banheiro inclusivo do Col\u00e9gio Polit\u00e9cnico.<\/figcaption><\/figure><\/div>\n\n\n<p class=\"has-medium-font-size\"><strong>Primeiro banheiro inclusivo do Col\u00e9gio Polit\u00e9cnico<\/strong><\/p>\n\n\n\n<p>No \u00faltimo dia 30 de junho, o Col\u00e9gio Polit\u00e9cnico adotou outra nova medida em prol da igualdade de g\u00eanero: implementou o primeiro banheiro inclusivo da institui\u00e7\u00e3o, situado no bloco E. O espa\u00e7o pode ser utilizado por qualquer pessoa, independente de sua identidade de g\u00eanero. A ideia segue o Artigo 29, presente na se\u00e7\u00e3o III, Eixo 3 da Resolu\u00e7\u00e3o citada anteriormente, e colabora para que todos se sintam respeitados e contemplados no seu ambiente de ensino, em especial, pessoas trans.<\/p>\n\n\n\n<p>A Secret\u00e1ria Geral do Sinasefe e docente do Polit\u00e9cnico, Cl\u00e1udia do Amaral, comenta estar contente com a iniciativa, apesar de ainda haver muito progresso a ser feito em rela\u00e7\u00e3o \u00e0s pautas de g\u00eanero e sexualidade no contexto das universidades federais: <em>\u2018\u2019o banheiro demonstra democracia e cidadania. Todos e todas dentro da universidade t\u00eam que ser respeitados dentro das suas particularidades. [&#8230;] Tem muita coisa [para resolver], mas acho que n\u00f3s estamos caminhando em busca de uma melhor inser\u00e7\u00e3o e inclus\u00e3o.\u2019\u2019<\/em><\/p>\n\n\n\n<p>Em conson\u00e2ncia \u00e0 fala da Secret\u00e1ria, Laura Cortes acredita que a comunidade acad\u00eamica ainda precisa prever avan\u00e7os no que tange \u00e0 equidade de acesso aos cargos de gest\u00e3o universit\u00e1ria, como as chefias de departamento que s\u00e3o, em maioria, ocupadas por homens cis. Contudo, refor\u00e7a que os avan\u00e7os da UFSM s\u00e3o significativos e d\u00e3o \u00e0 institui\u00e7\u00e3o o reconhecimento como uma das primeiras universidades do sul do Brasil, possivelmente do pa\u00eds como um todo, a concretizar uma pol\u00edtica de g\u00eanero.<\/p>\n\n\n\n<p>Para quem ficou interessado em obter mais informa\u00e7\u00f5es sobre a Casa Ver\u00f4nica, logo ser\u00e3o criados uma p\u00e1gina oficial do espa\u00e7o e um perfil no Instagram.<\/p>\n\n\n\n<hr class=\"wp-block-separator has-alpha-channel-opacity\"\/>\n\n\n\n<p><em>Texto: Laurent Keller<\/em><\/p>\n\n\n\n<p><em>Revis\u00e3o: Bruna Homrich<\/em><\/p>\n\n\n\n<p><em>Fotos: UFSM<\/em><\/p>\n","protected":false},"excerpt":{"rendered":"<p>Ao final de junho, a UFSM inaugurou dois espa\u00e7os voltados para promo\u00e7\u00e3o de acolhimento, orienta\u00e7\u00e3o e dignidade social para comunidade LBGTQIA+ e para mulheres: a Casa Ver\u00f4nica, que deve disponibilizar servi\u00e7os de Direito, Psicologia e Assist\u00eancia Social a v\u00edtimas de viol\u00eancia de g\u00eanero; e o primeiro banheiro inclusivo do Col\u00e9gio Polit\u00e9cnico, local destinado ao uso<\/p>\n","protected":false},"author":5,"featured_media":4930,"comment_status":"closed","ping_status":"closed","sticky":false,"template":"","format":"standard","meta":{"footnotes":""},"categories":[37,42],"tags":[84,86,190,225],"class_list":{"0":"post-4929","1":"post","2":"type-post","3":"status-publish","4":"format-standard","5":"has-post-thumbnail","7":"category-destaque","8":"category-noticia","9":"tag-colegio-politecnico","10":"tag-comunidade-lgbtqia","11":"tag-politica-de-genero","12":"tag-ufsm"},"_links":{"self":[{"href":"https:\/\/sinasefesm.com\/index.php\/wp-json\/wp\/v2\/posts\/4929","targetHints":{"allow":["GET"]}}],"collection":[{"href":"https:\/\/sinasefesm.com\/index.php\/wp-json\/wp\/v2\/posts"}],"about":[{"href":"https:\/\/sinasefesm.com\/index.php\/wp-json\/wp\/v2\/types\/post"}],"author":[{"embeddable":true,"href":"https:\/\/sinasefesm.com\/index.php\/wp-json\/wp\/v2\/users\/5"}],"replies":[{"embeddable":true,"href":"https:\/\/sinasefesm.com\/index.php\/wp-json\/wp\/v2\/comments?post=4929"}],"version-history":[{"count":0,"href":"https:\/\/sinasefesm.com\/index.php\/wp-json\/wp\/v2\/posts\/4929\/revisions"}],"wp:featuredmedia":[{"embeddable":true,"href":"https:\/\/sinasefesm.com\/index.php\/wp-json\/wp\/v2\/media\/4930"}],"wp:attachment":[{"href":"https:\/\/sinasefesm.com\/index.php\/wp-json\/wp\/v2\/media?parent=4929"}],"wp:term":[{"taxonomy":"category","embeddable":true,"href":"https:\/\/sinasefesm.com\/index.php\/wp-json\/wp\/v2\/categories?post=4929"},{"taxonomy":"post_tag","embeddable":true,"href":"https:\/\/sinasefesm.com\/index.php\/wp-json\/wp\/v2\/tags?post=4929"}],"curies":[{"name":"wp","href":"https:\/\/api.w.org\/{rel}","templated":true}]}}