{"id":4937,"date":"2022-07-12T02:34:57","date_gmt":"2022-07-12T02:34:57","guid":{"rendered":"https:\/\/sinasefesm.com\/?p=4937"},"modified":"2022-07-12T02:34:57","modified_gmt":"2022-07-12T02:34:57","slug":"sinasefe-santa-maria-tera-representacoes-no-3o-encontro-nacional-de-mulheres","status":"publish","type":"post","link":"https:\/\/sinasefesm.com\/index.php\/2022\/07\/12\/sinasefe-santa-maria-tera-representacoes-no-3o-encontro-nacional-de-mulheres\/","title":{"rendered":"Sinasefe Santa Maria ter\u00e1 representa\u00e7\u00f5es no 3\u00ba Encontro Nacional de Mulheres"},"content":{"rendered":"\n<p>Em assembleia ocorrida na tarde desta segunda-feira, 11 de julho, o Sinasefe Santa Maria escolheu duas diretoras para representarem a entidade no 3\u00ba Encontro Nacional de Mulheres do Sinasefe, marcado para ocorrer entre os dias 18 e 21 de agosto, no Praia Centro Hotel, em Fortaleza (CE).<\/p>\n\n\n\n<p>Quem representar\u00e1 a se\u00e7\u00e3o sindical no evento ser\u00e3o as professoras Miriane Fonseca, coordenadora geral, e Cl\u00e1udia do Amaral, secret\u00e1ria geral.<\/p>\n\n\n\n<p>O tema desta edi\u00e7\u00e3o do Encontro de Mulheres ser\u00e1: \u201cAs mulheres v\u00e3o derrotar o fascismo: pela vida de todas as mulheres e em defesa dos servi\u00e7os p\u00fablicos\u201d. <\/p>\n\n\n\n<figure class=\"wp-block-image size-full is-style-default\"><img fetchpriority=\"high\" decoding=\"async\" width=\"1860\" height=\"555\" src=\"https:\/\/sinasefesm.com\/wp-content\/uploads\/2022\/07\/20220523mulheresbanner-1.png\" alt=\"\" class=\"wp-image-4940\" srcset=\"https:\/\/sinasefesm.com\/wp-content\/uploads\/2022\/07\/20220523mulheresbanner-1.png 1860w, https:\/\/sinasefesm.com\/wp-content\/uploads\/2022\/07\/20220523mulheresbanner-1-300x90.png 300w, https:\/\/sinasefesm.com\/wp-content\/uploads\/2022\/07\/20220523mulheresbanner-1-1024x306.png 1024w, https:\/\/sinasefesm.com\/wp-content\/uploads\/2022\/07\/20220523mulheresbanner-1-768x229.png 768w, https:\/\/sinasefesm.com\/wp-content\/uploads\/2022\/07\/20220523mulheresbanner-1-1536x458.png 1536w, https:\/\/sinasefesm.com\/wp-content\/uploads\/2022\/07\/20220523mulheresbanner-1-150x45.png 150w, https:\/\/sinasefesm.com\/wp-content\/uploads\/2022\/07\/20220523mulheresbanner-1-450x134.png 450w, https:\/\/sinasefesm.com\/wp-content\/uploads\/2022\/07\/20220523mulheresbanner-1-1200x358.png 1200w\" sizes=\"(max-width: 1860px) 100vw, 1860px\" \/><\/figure>\n\n\n\n<h2 class=\"wp-block-heading\">Confira, abaixo, a programa\u00e7\u00e3o do evento na \u00edntegra:<\/h2>\n\n\n\n<p><strong>18\/08\/2022 (quinta-feira)<\/strong><\/p>\n\n\n\n<p>09h \u00e0s 19h: Credenciamento<br>10h \u00e0s 12h: Oficinas<br>12h \u00e0s 14h: Almo\u00e7o<br>14h: \u201cEsquenta do Encontro de Mulheres\u201d \u2013 Passeio tur\u00edstico<br>17h30 \u00e0s 18h30: Lanche<br>18h30 \u00e0s 19h: Abertura e Sauda\u00e7\u00f5es<br>19h \u00e0s 20h: Jantar<br>20h \u00e0s 21h30 \u2013 Confer\u00eancia de Abertura:&nbsp;<em>As mulheres v\u00e3o derrotar o fascismo: pela vida de todas as mulheres e em defesa dos servi\u00e7os p\u00fablicos<\/em>.<\/p>\n\n\n\n<p><strong>19\/08\/22 (sexta-feira)<\/strong><\/p>\n\n\n\n<p>08h30 \u00e0s 10h30: Mesa tem\u00e1tica:&nbsp;<em>Por um sindicato feminista, antirracista, anticapacitista, anticapitalista e socialista: as mulheres como vanguarda da constru\u00e7\u00e3o de um SINASEFE combativo<\/em>.<br>10h30 \u00e0s 12h30: Mesa tem\u00e1tica:&nbsp;<em>Mulheres na Rede Federal de Ensino: Condi\u00e7\u00f5es de trabalho, carreiras, maternagem e os ass\u00e9dios como pol\u00edtica de gest\u00e3o.<\/em><br>12h30 \u00e0s 14h: Almo\u00e7o<br>14h \u00e0s 16h: Mesa tem\u00e1tica:&nbsp;<em>Da margem ao centro: Pol\u00edticas Afirmativas, mulheres negras, ind\u00edgenas e quilombolas no protagonismo das lutas sociais.<\/em><br>16h \u00e0s 17h: Lanche<br>17h \u00e0s 18h30 \u2013 Cine Debate \u2013 Aborto<br>19h \u00e0s 20h30 \u2013 Jantar<\/p>\n\n\n\n<p><strong>20\/08\/2022 (s\u00e1bado)<\/strong><\/p>\n\n\n\n<p>8h30 \u00e0s 10h30: Mesa tem\u00e1tica:&nbsp;<em>LBTQIA+ e cultura sindical: o (n\u00e3o) lugar na pol\u00edtica<\/em><br>10h30 \u00e0s 12h30: Mesa tem\u00e1tica:&nbsp;<em>Viol\u00eancias contra as Mulheres: do Luto \u00e0 Luta<\/em><br>12h30 \u00e0s 14h: Almo\u00e7o<br>14h30 \u00e0s 17h: GTs:<\/p>\n\n\n\n<ul class=\"wp-block-list\"><li>Atua\u00e7\u00e3o pol\u00edtica e sindical das mulheres; por um sindicato feminista, antirracista, anticapacitista, anticapitalista e socialista: as mulheres como vanguarda da constru\u00e7\u00e3o de um SINASEFE combativo.<\/li><li>Mulheres na Rede Federal de Ensino: Condi\u00e7\u00f5es de trabalho e aposentadoria, carreiras, maternagem e os ass\u00e9dios como pol\u00edtica de gest\u00e3o;<\/li><li>Mulher, Ra\u00e7a e Classe: mulheres negras, ind\u00edgenas e Quilombolas.<\/li><li>Mulheres LBTQIA+: g\u00eanero, sexualidade e invisibilidade.<\/li><li>Viol\u00eancias: do ass\u00e9dio ao feminic\u00eddio.<\/li><\/ul>\n\n\n\n<p>17h00 \u00e0s 18h30: Lanche<br>18h30: Atividade Cultural: Espet\u00e1culo Teatral \u201cTempo tempor\u00e3o\u201d \u2013&nbsp;<em>Theatro Jos\u00e9 de Alencar<\/em><br>20h: Arrai\u00e1 da \u201cCumade SINA\u201d: Festa e interven\u00e7\u00f5es politico-art\u00edsticas de Movimentos de Mulheres \u2013<em>&nbsp;Jardins do Theatro Jos\u00e9 de Alencar<\/em><\/p>\n\n\n\n<p><strong>21\/08\/2022 (domingo)<\/strong><\/p>\n\n\n\n<p>9h \u00e0s 12h: Encaminhamentos e Plen\u00e1ria Final<br>12h \u00e0s 14h: Almo\u00e7o<\/p>\n","protected":false},"excerpt":{"rendered":"<p>Em assembleia ocorrida na tarde desta segunda-feira, 11 de julho, o Sinasefe Santa Maria escolheu duas diretoras para representarem a entidade no 3\u00ba Encontro Nacional de Mulheres do Sinasefe, marcado para ocorrer entre os dias 18 e 21 de agosto, no Praia Centro Hotel, em Fortaleza (CE). Quem representar\u00e1 a se\u00e7\u00e3o sindical no evento ser\u00e3o<\/p>\n","protected":false},"author":3,"featured_media":4942,"comment_status":"closed","ping_status":"closed","sticky":false,"template":"","format":"standard","meta":{"footnotes":""},"categories":[37,39,42,45],"tags":[],"class_list":{"0":"post-4937","1":"post","2":"type-post","3":"status-publish","4":"format-standard","5":"has-post-thumbnail","7":"category-destaque","8":"category-eventos","9":"category-noticia","10":"category-sindicato"},"_links":{"self":[{"href":"https:\/\/sinasefesm.com\/index.php\/wp-json\/wp\/v2\/posts\/4937","targetHints":{"allow":["GET"]}}],"collection":[{"href":"https:\/\/sinasefesm.com\/index.php\/wp-json\/wp\/v2\/posts"}],"about":[{"href":"https:\/\/sinasefesm.com\/index.php\/wp-json\/wp\/v2\/types\/post"}],"author":[{"embeddable":true,"href":"https:\/\/sinasefesm.com\/index.php\/wp-json\/wp\/v2\/users\/3"}],"replies":[{"embeddable":true,"href":"https:\/\/sinasefesm.com\/index.php\/wp-json\/wp\/v2\/comments?post=4937"}],"version-history":[{"count":0,"href":"https:\/\/sinasefesm.com\/index.php\/wp-json\/wp\/v2\/posts\/4937\/revisions"}],"wp:featuredmedia":[{"embeddable":true,"href":"https:\/\/sinasefesm.com\/index.php\/wp-json\/wp\/v2\/media\/4942"}],"wp:attachment":[{"href":"https:\/\/sinasefesm.com\/index.php\/wp-json\/wp\/v2\/media?parent=4937"}],"wp:term":[{"taxonomy":"category","embeddable":true,"href":"https:\/\/sinasefesm.com\/index.php\/wp-json\/wp\/v2\/categories?post=4937"},{"taxonomy":"post_tag","embeddable":true,"href":"https:\/\/sinasefesm.com\/index.php\/wp-json\/wp\/v2\/tags?post=4937"}],"curies":[{"name":"wp","href":"https:\/\/api.w.org\/{rel}","templated":true}]}}