{"id":4966,"date":"2022-07-27T18:52:57","date_gmt":"2022-07-27T18:52:57","guid":{"rendered":"https:\/\/sinasefesm.com\/?p=4966"},"modified":"2022-07-27T18:52:57","modified_gmt":"2022-07-27T18:52:57","slug":"palestra-sobre-neoliberalismo-no-cone-sul-acontece-dia-2-de-agosto-na-ufsm","status":"publish","type":"post","link":"https:\/\/sinasefesm.com\/index.php\/2022\/07\/27\/palestra-sobre-neoliberalismo-no-cone-sul-acontece-dia-2-de-agosto-na-ufsm\/","title":{"rendered":"Palestra sobre neoliberalismo no Cone Sul acontece dia 2 de agosto na UFSM"},"content":{"rendered":"\n<p>Na pr\u00f3xima ter\u00e7a-feira, dia 2 de agosto, ocorrer\u00e1 um debate sobre neoliberalismo, por meio de uma perspectiva latino-americana, no audit\u00f3rio S\u00e9rgio Pires (anexo ao pr\u00e9dio 17) no <em>campus<\/em> sede da UFSM, a partir das 19h. Promovida por entidades da UFSM, a atividade contar\u00e1 com a palestra de Hern\u00e1n Ram\u00edrez, professor de gradua\u00e7\u00e3o e p\u00f3s-gradua\u00e7\u00e3o <em>stricto <\/em>e <em>latu senso <\/em>da Unisinos, atuante na \u00e1rea de Hist\u00f3ria da Am\u00e9rica, e criador da Especializa\u00e7\u00e3o Am\u00e9rica Latina e Sul Global.&nbsp;<\/p>\n\n\n\n<p>Ram\u00edrez, que tamb\u00e9m \u00e9 Professor Externo Permanente da Maestria em Partidos Pol\u00edticos da Universidad Nacional de C\u00f3rdoba e membro de Grupo de Trabajo de CLACSO, ministrar\u00e1 a segunda a\u00e7\u00e3o de uma s\u00e9rie de eventos que v\u00eam sendo promovidos pelo Grupo Pr\u00e1xis. O primeiro evento foi realizado em 30 de junho, quando o professor da Universidade Federal de Goi\u00e1s (UFG), Adriano Correia, fez uma <a href=\"https:\/\/sinasefesm.com\/conferencia-discute-a-conservacao-da-democracia-no-brasil-de-2022\/\">palestra sobre democracia<\/a>.&nbsp;<\/p>\n\n\n\n<p>O coletivo Pr\u00e1xis, agrupamento nacional de estudantes, docentes e t\u00e9cnico-administrativos ligados \u00e0s universidades p\u00fablicas, \u00e9 composto, em Santa Maria, pelas entidades sindicais e estudantis: Sinasefe, Sedufsm, Assufsm, Atens, DCE (Diret\u00f3rio Central dos Estudantes) e APG (Associa\u00e7\u00e3o de P\u00f3s-Gradua\u00e7\u00e3o), tendo o apoio da UAP (Unidade de Apoio Pedag\u00f3gico) e do \u2018Paid\u00e9ia\u2019, canal no <em>YouTube<\/em> do professor do departamento de Ci\u00eancias Sociais da UFSM, Dejalma Cremonose.<\/p>\n\n\n\n<p>A palestra \u00e9 gratuita e n\u00e3o \u00e9 necess\u00e1rio fazer inscri\u00e7\u00e3o pr\u00e9via. Para aqueles que n\u00e3o conseguirem acompanhar o debate presencialmente, \u00e9 poss\u00edvel assistir a atividade ao vivo, atrav\u00e9s do <a href=\"https:\/\/www.youtube.com\/c\/CanalPaideiaTVFIHdoProfDejalmaCremonese\">canal Paid\u00e9ia<\/a>.<\/p>\n\n\n\n<hr class=\"wp-block-separator has-alpha-channel-opacity\"\/>\n\n\n\n<p><em>Texto: Laurent Keller<\/em><\/p>\n\n\n\n<p><em>Imagem: Divulga\u00e7\u00e3o<\/em><\/p>\n\n\n\n<p><em>Edi\u00e7\u00e3o: Bruna Homrich<\/em><\/p>\n","protected":false},"excerpt":{"rendered":"<p>Na pr\u00f3xima ter\u00e7a-feira, dia 2 de agosto, ocorrer\u00e1 um debate sobre neoliberalismo, por meio de uma perspectiva latino-americana, no audit\u00f3rio S\u00e9rgio Pires (anexo ao pr\u00e9dio 17) no campus sede da UFSM, a partir das 19h. Promovida por entidades da UFSM, a atividade contar\u00e1 com a palestra de Hern\u00e1n Ram\u00edrez, professor de gradua\u00e7\u00e3o e p\u00f3s-gradua\u00e7\u00e3o stricto<\/p>\n","protected":false},"author":5,"featured_media":4967,"comment_status":"closed","ping_status":"closed","sticky":false,"template":"","format":"standard","meta":{"footnotes":""},"categories":[39,42],"tags":[176,180,225],"class_list":{"0":"post-4966","1":"post","2":"type-post","3":"status-publish","4":"format-standard","5":"has-post-thumbnail","7":"category-eventos","8":"category-noticia","9":"tag-neoliberalismo","10":"tag-palestra","11":"tag-ufsm"},"_links":{"self":[{"href":"https:\/\/sinasefesm.com\/index.php\/wp-json\/wp\/v2\/posts\/4966","targetHints":{"allow":["GET"]}}],"collection":[{"href":"https:\/\/sinasefesm.com\/index.php\/wp-json\/wp\/v2\/posts"}],"about":[{"href":"https:\/\/sinasefesm.com\/index.php\/wp-json\/wp\/v2\/types\/post"}],"author":[{"embeddable":true,"href":"https:\/\/sinasefesm.com\/index.php\/wp-json\/wp\/v2\/users\/5"}],"replies":[{"embeddable":true,"href":"https:\/\/sinasefesm.com\/index.php\/wp-json\/wp\/v2\/comments?post=4966"}],"version-history":[{"count":0,"href":"https:\/\/sinasefesm.com\/index.php\/wp-json\/wp\/v2\/posts\/4966\/revisions"}],"wp:featuredmedia":[{"embeddable":true,"href":"https:\/\/sinasefesm.com\/index.php\/wp-json\/wp\/v2\/media\/4967"}],"wp:attachment":[{"href":"https:\/\/sinasefesm.com\/index.php\/wp-json\/wp\/v2\/media?parent=4966"}],"wp:term":[{"taxonomy":"category","embeddable":true,"href":"https:\/\/sinasefesm.com\/index.php\/wp-json\/wp\/v2\/categories?post=4966"},{"taxonomy":"post_tag","embeddable":true,"href":"https:\/\/sinasefesm.com\/index.php\/wp-json\/wp\/v2\/tags?post=4966"}],"curies":[{"name":"wp","href":"https:\/\/api.w.org\/{rel}","templated":true}]}}