{"id":4971,"date":"2022-07-28T14:34:13","date_gmt":"2022-07-28T14:34:13","guid":{"rendered":"https:\/\/sinasefesm.com\/?p=4971"},"modified":"2022-07-28T14:34:13","modified_gmt":"2022-07-28T14:34:13","slug":"sinasefe-assina-manifesto-em-defesa-das-urnas-eletronicas-e-da-democracia","status":"publish","type":"post","link":"https:\/\/sinasefesm.com\/index.php\/2022\/07\/28\/sinasefe-assina-manifesto-em-defesa-das-urnas-eletronicas-e-da-democracia\/","title":{"rendered":"Sinasefe assina Manifesto em defesa das urnas eletr\u00f4nicas e da democracia"},"content":{"rendered":"\n<p>Com a proximidade das elei\u00e7\u00f5es de outubro, a Sociedade Brasileira para o Progresso da Ci\u00eancia (SBPC) criou um abaixo-assinado, tamb\u00e9m intitulado como \u201cManifesto pelas Elei\u00e7\u00f5es e pelas Urnas Eletr\u00f4nicas\u201d. Junto a diversas outras entidades, o Sinasefe Nacional convida sua base a assinar o Manifesto e fortalecer a mobiliza\u00e7\u00e3o em defesa da democracia e contra poss\u00edveis arroubos autorit\u00e1rios. <a href=\"https:\/\/www.change.org\/p\/manifesto-pelas-elei%C3%A7%C3%B5es-e-pelas-urnas-eletronicas\" data-type=\"URL\" data-id=\"https:\/\/www.change.org\/p\/manifesto-pelas-elei%C3%A7%C3%B5es-e-pelas-urnas-eletronicas\" target=\"_blank\" rel=\"noreferrer noopener\">Para assinar, basta clicar aqui e colocar seu nome, sobrenome e email<\/a>.<\/p>\n\n\n\n<blockquote class=\"wp-block-quote is-layout-flow wp-block-quote-is-layout-flow\"><p>\u201c[&#8230;] repudiamos qualquer tentativa no sentido de violar a democracia ou de tumultuar o processo eleitoral, que deve ter continuidade no absoluto respeito \u00e0 Constitui\u00e7\u00e3o, \u00e0s leis e \u00e0 democracia, que tanto custou em vidas e esfor\u00e7os, ao povo brasileiro, para ser institu\u00edda\u201d, atesta o Manifesto.<\/p><\/blockquote>\n\n\n\n<p>No dia 25 de julho, a coordenadora geral do Sinasefe, Elenira Vilela, concedeu entrevista ao programa \u2018Giro das Onze\u2019, da TV 247, na qual salientou alguns aspectos relevantes da urna eletr\u00f4nica brasileira, como o fato de ter sido desenvolvida a partir de uma s\u00e9rie de princ\u00edpios fundamentais e com a participa\u00e7\u00e3o de especialistas e t\u00e9cnicos do Tribunal Superior Eleitoral (TSE) e do Poder Executivo \u2013 a exemplo de servidores p\u00fablicos das carreiras de ci\u00eancia e tecnologia, lotados no Instituto Nacional de Pesquisas Espaciais (INPE) e no Departamento de Ci\u00eancia e Tecnologia Aeroespacial (DCTA). Assista a \u00edntegra da entrevista abaixo:<\/p>\n\n\n\n<figure class=\"wp-block-embed is-type-video is-provider-youtube wp-block-embed-youtube wp-embed-aspect-16-9 wp-has-aspect-ratio\"><div class=\"wp-block-embed__wrapper\">\n<iframe title=\"Giro das Onze (TV 247) - entrevista com Elenira Vilela e Fernanda Soares Andrade\" width=\"768\" height=\"432\" src=\"https:\/\/www.youtube.com\/embed\/pmiXA6-lEg4?feature=oembed\" frameborder=\"0\" allow=\"accelerometer; autoplay; clipboard-write; encrypted-media; gyroscope; picture-in-picture; web-share\" referrerpolicy=\"strict-origin-when-cross-origin\" allowfullscreen><\/iframe>\n<\/div><\/figure>\n\n\n\n<p>Cabe destacar que a d\u00favida com rela\u00e7\u00e3o \u00e0 confiabilidade das urnas eletr\u00f4nicas e do sistema eleitoral brasileiro \u00e9 um elemento constante no discurso de Jair Bolsonaro e seus apoiadores, muito embora o presidente tenha sido eleito atrav\u00e9s de tais meios.<\/p>\n","protected":false},"excerpt":{"rendered":"<p>Com a proximidade das elei\u00e7\u00f5es de outubro, a Sociedade Brasileira para o Progresso da Ci\u00eancia (SBPC) criou um abaixo-assinado, tamb\u00e9m intitulado como \u201cManifesto pelas Elei\u00e7\u00f5es e pelas Urnas Eletr\u00f4nicas\u201d. Junto a diversas outras entidades, o Sinasefe Nacional convida sua base a assinar o Manifesto e fortalecer a mobiliza\u00e7\u00e3o em defesa da democracia e contra poss\u00edveis<\/p>\n","protected":false},"author":3,"featured_media":4972,"comment_status":"closed","ping_status":"closed","sticky":false,"template":"","format":"standard","meta":{"footnotes":""},"categories":[37,42,45],"tags":[],"class_list":{"0":"post-4971","1":"post","2":"type-post","3":"status-publish","4":"format-standard","5":"has-post-thumbnail","7":"category-destaque","8":"category-noticia","9":"category-sindicato"},"_links":{"self":[{"href":"https:\/\/sinasefesm.com\/index.php\/wp-json\/wp\/v2\/posts\/4971","targetHints":{"allow":["GET"]}}],"collection":[{"href":"https:\/\/sinasefesm.com\/index.php\/wp-json\/wp\/v2\/posts"}],"about":[{"href":"https:\/\/sinasefesm.com\/index.php\/wp-json\/wp\/v2\/types\/post"}],"author":[{"embeddable":true,"href":"https:\/\/sinasefesm.com\/index.php\/wp-json\/wp\/v2\/users\/3"}],"replies":[{"embeddable":true,"href":"https:\/\/sinasefesm.com\/index.php\/wp-json\/wp\/v2\/comments?post=4971"}],"version-history":[{"count":0,"href":"https:\/\/sinasefesm.com\/index.php\/wp-json\/wp\/v2\/posts\/4971\/revisions"}],"wp:featuredmedia":[{"embeddable":true,"href":"https:\/\/sinasefesm.com\/index.php\/wp-json\/wp\/v2\/media\/4972"}],"wp:attachment":[{"href":"https:\/\/sinasefesm.com\/index.php\/wp-json\/wp\/v2\/media?parent=4971"}],"wp:term":[{"taxonomy":"category","embeddable":true,"href":"https:\/\/sinasefesm.com\/index.php\/wp-json\/wp\/v2\/categories?post=4971"},{"taxonomy":"post_tag","embeddable":true,"href":"https:\/\/sinasefesm.com\/index.php\/wp-json\/wp\/v2\/tags?post=4971"}],"curies":[{"name":"wp","href":"https:\/\/api.w.org\/{rel}","templated":true}]}}