{"id":4974,"date":"2022-07-29T00:54:15","date_gmt":"2022-07-29T00:54:15","guid":{"rendered":"https:\/\/sinasefesm.com\/?p=4974"},"modified":"2022-07-29T00:54:15","modified_gmt":"2022-07-29T00:54:15","slug":"dicadosinasefe-concerto-de-encerramento-do-37o-festival-internacional-de-inverno-da-ufsm","status":"publish","type":"post","link":"https:\/\/sinasefesm.com\/index.php\/2022\/07\/29\/dicadosinasefe-concerto-de-encerramento-do-37o-festival-internacional-de-inverno-da-ufsm\/","title":{"rendered":"#DicadoSinasefe: Concerto de encerramento do 37\u00ba Festival Internacional de Inverno da UFSM"},"content":{"rendered":"\n<p>No pr\u00f3ximo domingo, 31 de julho, ocorrer\u00e1 o concerto de encerramento do 37\u00ba Festival Internacional de Inverno da UFSM (FIIUFSM), no Theatro Treze de Maio, a partir das 20h. O evento, que busca estimular o contato entre a comunidade local e a m\u00fasica, contar\u00e1 com a participa\u00e7\u00e3o de professores estrangeiros e brasileiros ligados ao festival e possui entrada gratuita para o p\u00fablico em geral.&nbsp;<\/p>\n\n\n\n<p>Promovido pela Universidade, em parceria com a comunidade da Quarta Col\u00f4nia e a Universidade da Ge\u00f3rgia (EUA), a atividade faz parte de uma <a href=\"https:\/\/www.ufsm.br\/unidades-universitarias\/cal\/eventos\/37fiiufsm\/\">s\u00e9rie de a\u00e7\u00f5es<\/a> que v\u00eam sendo feitas ao longo desta semana, desde o dia 24, em Vale V\u00eaneto, distrito de S\u00e3o Jo\u00e3o do Pol\u00easine.&nbsp;<\/p>\n\n\n\n<figure class=\"wp-block-image size-full\"><img decoding=\"async\" src=\"https:\/\/sinasefesm.com\/wp-content\/uploads\/2022\/07\/IMG-9178-scaled.jpg\" alt=\"\" class=\"wp-image-4976\"\/><figcaption>Frente da Igreja Matriz de Corpus Christi, em Vale V\u00eaneto, distrito de S\u00e3o Jo\u00e3o do Pol\u00easine<\/figcaption><\/figure>\n\n\n\n<p>Depois de dois anos de eventos virtuais, decorrentes da pandemia de Covid-19, o Festival voltou a ser totalmente presencial e conta com oficinas de m\u00fasica e cursos de forma\u00e7\u00e3o continuada para professores de educa\u00e7\u00e3o infantil, para al\u00e9m dos concertos musicais que est\u00e3o ocorrendo diariamente.<\/p>\n\n\n\n<p>No s\u00e1bado, dia 30, \u00e0s 20h30,&nbsp; tamb\u00e9m deve acontecer um concerto no Theatro, com a presen\u00e7a da Orquestra Sinf\u00f4nica de Santa Maria, junto a dois professores convidados. Somado a isso, em Vale V\u00eaneto, ainda devem ocorrer concertos nos dias 29 e 30, al\u00e9m dos jantares tipicamente italianos, que comp\u00f5em a 37\u00ba Semana Cultural Italiana.<\/p>\n\n\n\n<p>Para mais informa\u00e7\u00f5es sobre os ingressos dos concertos, entre em contato com Theatro Treze de Maio, atrav\u00e9s dos n\u00fameros (55) 3028-6245 e (55) 3028-0909, ou por meio do e-mail theatro13maio@gmail.com.<\/p>\n\n\n\n<hr class=\"wp-block-separator has-alpha-channel-opacity\"\/>\n\n\n\n<p><em>Texto e imagens: Laurent Keller<\/em><\/p>\n\n\n\n<p><em>Edi\u00e7\u00e3o: Bruna Homrich<\/em><\/p>\n","protected":false},"excerpt":{"rendered":"<p>No pr\u00f3ximo domingo, 31 de julho, ocorrer\u00e1 o concerto de encerramento do 37\u00ba Festival Internacional de Inverno da UFSM (FIIUFSM), no Theatro Treze de Maio, a partir das 20h. O evento, que busca estimular o contato entre a comunidade local e a m\u00fasica, contar\u00e1 com a participa\u00e7\u00e3o de professores estrangeiros e brasileiros ligados ao festival<\/p>\n","protected":false},"author":5,"featured_media":4975,"comment_status":"closed","ping_status":"closed","sticky":false,"template":"","format":"standard","meta":{"footnotes":""},"categories":[35,39],"tags":[49,87,131,225],"class_list":{"0":"post-4974","1":"post","2":"type-post","3":"status-publish","4":"format-standard","5":"has-post-thumbnail","7":"category-dicadosinasefe","8":"category-eventos","9":"tag-dicadosinasefe","10":"tag-concerto","11":"tag-festival-de-inverno","12":"tag-ufsm"},"_links":{"self":[{"href":"https:\/\/sinasefesm.com\/index.php\/wp-json\/wp\/v2\/posts\/4974","targetHints":{"allow":["GET"]}}],"collection":[{"href":"https:\/\/sinasefesm.com\/index.php\/wp-json\/wp\/v2\/posts"}],"about":[{"href":"https:\/\/sinasefesm.com\/index.php\/wp-json\/wp\/v2\/types\/post"}],"author":[{"embeddable":true,"href":"https:\/\/sinasefesm.com\/index.php\/wp-json\/wp\/v2\/users\/5"}],"replies":[{"embeddable":true,"href":"https:\/\/sinasefesm.com\/index.php\/wp-json\/wp\/v2\/comments?post=4974"}],"version-history":[{"count":0,"href":"https:\/\/sinasefesm.com\/index.php\/wp-json\/wp\/v2\/posts\/4974\/revisions"}],"wp:featuredmedia":[{"embeddable":true,"href":"https:\/\/sinasefesm.com\/index.php\/wp-json\/wp\/v2\/media\/4975"}],"wp:attachment":[{"href":"https:\/\/sinasefesm.com\/index.php\/wp-json\/wp\/v2\/media?parent=4974"}],"wp:term":[{"taxonomy":"category","embeddable":true,"href":"https:\/\/sinasefesm.com\/index.php\/wp-json\/wp\/v2\/categories?post=4974"},{"taxonomy":"post_tag","embeddable":true,"href":"https:\/\/sinasefesm.com\/index.php\/wp-json\/wp\/v2\/tags?post=4974"}],"curies":[{"name":"wp","href":"https:\/\/api.w.org\/{rel}","templated":true}]}}