{"id":4979,"date":"2022-08-02T12:02:23","date_gmt":"2022-08-02T12:02:23","guid":{"rendered":"https:\/\/sinasefesm.com\/?p=4979"},"modified":"2022-08-02T12:02:23","modified_gmt":"2022-08-02T12:02:23","slug":"sinasefe-promove-palestra-sobre-como-manter-o-equilibrio-ocupacional-frente-ao-retorno-presencial","status":"publish","type":"post","link":"https:\/\/sinasefesm.com\/index.php\/2022\/08\/02\/sinasefe-promove-palestra-sobre-como-manter-o-equilibrio-ocupacional-frente-ao-retorno-presencial\/","title":{"rendered":"Sinasefe promove palestra sobre como manter o equil\u00edbrio ocupacional frente ao retorno presencial"},"content":{"rendered":"\n<figure class=\"wp-block-image size-full\"><img fetchpriority=\"high\" decoding=\"async\" width=\"2000\" height=\"910\" src=\"https:\/\/sinasefesm.com\/wp-content\/uploads\/2022\/08\/toeventosite-1.png\" alt=\"\" class=\"wp-image-4986\" srcset=\"https:\/\/sinasefesm.com\/wp-content\/uploads\/2022\/08\/toeventosite-1.png 2000w, https:\/\/sinasefesm.com\/wp-content\/uploads\/2022\/08\/toeventosite-1-300x137.png 300w, https:\/\/sinasefesm.com\/wp-content\/uploads\/2022\/08\/toeventosite-1-1024x466.png 1024w, https:\/\/sinasefesm.com\/wp-content\/uploads\/2022\/08\/toeventosite-1-768x349.png 768w, https:\/\/sinasefesm.com\/wp-content\/uploads\/2022\/08\/toeventosite-1-1536x699.png 1536w, https:\/\/sinasefesm.com\/wp-content\/uploads\/2022\/08\/toeventosite-1-150x68.png 150w, https:\/\/sinasefesm.com\/wp-content\/uploads\/2022\/08\/toeventosite-1-450x205.png 450w, https:\/\/sinasefesm.com\/wp-content\/uploads\/2022\/08\/toeventosite-1-1200x546.png 1200w\" sizes=\"(max-width: 2000px) 100vw, 2000px\" \/><\/figure>\n\n\n\n<p>Voltar \u00e0s atividades presenciais depois de dois anos de trabalho e ensino remotos n\u00e3o vem sendo, por certo, uma tarefa t\u00e3o f\u00e1cil. Mesmo porque ningu\u00e9m passa por uma pandemia ileso psiquicamente, de forma que voltar a circular, lecionar para turmas cheias, usar o transporte coletivo (para quem o utiliza) ou mesmo estar presente em demais espa\u00e7os do \u00e2mbito acad\u00eamico e escolar assume, agora, outra perspectiva.<\/p>\n\n\n\n<p>\u00c9 pensando nessas inquietudes e ang\u00fastias ainda presentes na categoria que o Sinasefe Santa Maria promove, nesta sexta-feira, 5 de agosto, a palestra \u201cEquil\u00edbrio ocupacional e o retorno das atividades presenciais\u201d.<\/p>\n\n\n\n<p>Ministrada pela terapeuta ocupacional da UFSM, Priscilla Alencastro, a atividade ocorre \u00e0s 14h30, no Anfiteatro do Col\u00e9gio Polit\u00e9cnico.<\/p>\n\n\n\n<p>Priscilla \u00e9 mestre em Gerontologia e especialista em ergonomia, atuando h\u00e1 6 anos na \u00e1rea de sa\u00fade do trabalhador e processo de envelhecimento no trabalho. Participa de projetos institucionais como: CQVS com voc\u00ea; Curso de qualidade de vida do servidor; e Em tempos de distanciamento social qualidade de vida \u00e9 essencial.<\/p>\n\n\n\n<p>Esperamos por voc\u00ea!<\/p>\n","protected":false},"excerpt":{"rendered":"<p>Voltar \u00e0s atividades presenciais depois de dois anos de trabalho e ensino remotos n\u00e3o vem sendo, por certo, uma tarefa t\u00e3o f\u00e1cil. Mesmo porque ningu\u00e9m passa por uma pandemia ileso psiquicamente, de forma que voltar a circular, lecionar para turmas cheias, usar o transporte coletivo (para quem o utiliza) ou mesmo estar presente em demais<\/p>\n","protected":false},"author":3,"featured_media":4983,"comment_status":"closed","ping_status":"closed","sticky":false,"template":"","format":"standard","meta":{"footnotes":""},"categories":[37,39,42,45],"tags":[],"class_list":{"0":"post-4979","1":"post","2":"type-post","3":"status-publish","4":"format-standard","5":"has-post-thumbnail","7":"category-destaque","8":"category-eventos","9":"category-noticia","10":"category-sindicato"},"_links":{"self":[{"href":"https:\/\/sinasefesm.com\/index.php\/wp-json\/wp\/v2\/posts\/4979","targetHints":{"allow":["GET"]}}],"collection":[{"href":"https:\/\/sinasefesm.com\/index.php\/wp-json\/wp\/v2\/posts"}],"about":[{"href":"https:\/\/sinasefesm.com\/index.php\/wp-json\/wp\/v2\/types\/post"}],"author":[{"embeddable":true,"href":"https:\/\/sinasefesm.com\/index.php\/wp-json\/wp\/v2\/users\/3"}],"replies":[{"embeddable":true,"href":"https:\/\/sinasefesm.com\/index.php\/wp-json\/wp\/v2\/comments?post=4979"}],"version-history":[{"count":0,"href":"https:\/\/sinasefesm.com\/index.php\/wp-json\/wp\/v2\/posts\/4979\/revisions"}],"wp:featuredmedia":[{"embeddable":true,"href":"https:\/\/sinasefesm.com\/index.php\/wp-json\/wp\/v2\/media\/4983"}],"wp:attachment":[{"href":"https:\/\/sinasefesm.com\/index.php\/wp-json\/wp\/v2\/media?parent=4979"}],"wp:term":[{"taxonomy":"category","embeddable":true,"href":"https:\/\/sinasefesm.com\/index.php\/wp-json\/wp\/v2\/categories?post=4979"},{"taxonomy":"post_tag","embeddable":true,"href":"https:\/\/sinasefesm.com\/index.php\/wp-json\/wp\/v2\/tags?post=4979"}],"curies":[{"name":"wp","href":"https:\/\/api.w.org\/{rel}","templated":true}]}}