{"id":4991,"date":"2022-08-03T23:23:47","date_gmt":"2022-08-03T23:23:47","guid":{"rendered":"https:\/\/sinasefesm.com\/?p=4991"},"modified":"2022-08-03T23:23:47","modified_gmt":"2022-08-03T23:23:47","slug":"em-reuniao-com-governo-fonasefe-debate-a-recomposicao-salarial-dos-servidores-publicos-federais","status":"publish","type":"post","link":"https:\/\/sinasefesm.com\/index.php\/2022\/08\/03\/em-reuniao-com-governo-fonasefe-debate-a-recomposicao-salarial-dos-servidores-publicos-federais\/","title":{"rendered":"Em reuni\u00e3o com Governo, Fonasefe debate a recomposi\u00e7\u00e3o salarial dos servidores p\u00fablicos federais"},"content":{"rendered":"\n<p>Na \u00faltima ter\u00e7a-feira, 2 de agosto, representantes de sindicatos de servidoras e servidores p\u00fablicos federais participaram de uma reuni\u00e3o com o diretor do Departamento de Rela\u00e7\u00f5es de Trabalho no Servi\u00e7o P\u00fablico, Cleber Izzo, e o coordenador geral de Negocia\u00e7\u00e3o Sindical no Servi\u00e7o P\u00fablico, Jos\u00e9 Borges de Carvalho Filho, para discutir o reajuste salarial dos funcion\u00e1rios p\u00fablicos federais.&nbsp;<\/p>\n\n\n\n<p>O di\u00e1logo com o Minist\u00e9rio da Economia faz parte do cronograma de a\u00e7\u00f5es da Jornada de Lutas em Defesa dos Servi\u00e7os P\u00fablicos e da Democracia em Bras\u00edlia (DF), que iniciou na segunda, 1\u00b0 de agosto, e seguir\u00e1 promovendo atividades at\u00e9 sexta, dia 5. A ideia defendida pelos servidores na reuni\u00e3o \u00e9 de que as verbas para a reestrutura\u00e7\u00e3o dos sal\u00e1rios sejam inclu\u00eddas na Lei Or\u00e7ament\u00e1ria Anual (LOA) de 2023, haja vista que tal medida est\u00e1 amparada na lei, como explicou David Lob\u00e3o, coordenador geral do Sinasefe presente no encontro:&nbsp;<\/p>\n\n\n\n<blockquote class=\"wp-block-quote is-layout-flow wp-block-quote-is-layout-flow\"><p>[Nessa reuni\u00e3o], o pr\u00f3prio Governo reconheceu que a Lei das diretrizes or\u00e7ament\u00e1rias garante espa\u00e7o para que na LOA estejam consolidadas verbas para registrar o trabalho dos servidores.&#8221;<\/p><cite>David Lob\u00e3o<\/cite><\/blockquote>\n\n\n\n<p>Em um <a href=\"https:\/\/sinasefe.org.br\/site\/informe-do-fonasefe-reuniao-de-02-08-com-o-ministerio-da-economia\/\">v\u00eddeo <\/a>publicado na p\u00e1gina nacional do Sinasefe, representantes do Fonasefe (F\u00f3rum das Entidades Nacionais de Servidores P\u00fablicos Federais) consideram ser um absurdo o Governo Bolsonaro estar terminando seu mandato sem reajuste da infla\u00e7\u00e3o, ou algum tipo de negocia\u00e7\u00e3o com servidores em quatro anos de vig\u00eancia. Para al\u00e9m da recomposi\u00e7\u00e3o dos sal\u00e1rios, os manifestantes reivindicam a defesa da democracia, das urnas eletr\u00f4nicas e do funcionalismo p\u00fablico, e ainda refor\u00e7am:<em>\u2018\u2019vamos continuar nessa batalha em defesa do servi\u00e7o p\u00fablico dos servidores.\u2019\u2019<\/em><\/p>\n\n\n\n<figure class=\"wp-block-image size-full\"><img fetchpriority=\"high\" decoding=\"async\" width=\"1024\" height=\"768\" src=\"https:\/\/sinasefesm.com\/wp-content\/uploads\/2022\/08\/08_02_reuniao_ministerio_economia01.jpeg\" alt=\"\" class=\"wp-image-4993\" srcset=\"https:\/\/sinasefesm.com\/wp-content\/uploads\/2022\/08\/08_02_reuniao_ministerio_economia01.jpeg 1024w, https:\/\/sinasefesm.com\/wp-content\/uploads\/2022\/08\/08_02_reuniao_ministerio_economia01-300x225.jpeg 300w, https:\/\/sinasefesm.com\/wp-content\/uploads\/2022\/08\/08_02_reuniao_ministerio_economia01-768x576.jpeg 768w, https:\/\/sinasefesm.com\/wp-content\/uploads\/2022\/08\/08_02_reuniao_ministerio_economia01-150x113.jpeg 150w, https:\/\/sinasefesm.com\/wp-content\/uploads\/2022\/08\/08_02_reuniao_ministerio_economia01-450x338.jpeg 450w\" sizes=\"(max-width: 1024px) 100vw, 1024px\" \/><figcaption>&#8211; Representantes do Fonasefe em ato realizado nesta ter\u00e7a-feira (02\/08)<\/figcaption><\/figure>\n\n\n\n<p>Quanto aos pr\u00f3ximos passos da luta pela recomposi\u00e7\u00e3o salarial, um dos representantes do Fonasefe em Bras\u00edlia exp\u00f5e que: <em>\u2018\u2019as entidades do Fonasefe aguardam agora o retorno da mesa de di\u00e1logo, referente a recomposi\u00e7\u00e3o. [Est\u00e1 previsto] que o Secret\u00e1rio receba as entidades a partir do dia 24, para debater a an\u00e1lise da proposta que a gente apresentou sobre a recomposi\u00e7\u00e3o dos servidores, para entrar no or\u00e7amento do Governo.\u2019\u2019<\/em><\/p>\n\n\n\n<p>A Jornada de Lutas segue acontecendo at\u00e9 sexta-feira, dia 5, na capital brasileira. Para obter mais informa\u00e7\u00f5es a respeito das atividades da semana, clique <a href=\"https:\/\/sinasefe.org.br\/site\/01-a-05-08-jornada-de-luta-do-fonasefe-em-brasilia-df\/\">aqui<\/a>.<\/p>\n\n\n\n<hr class=\"wp-block-separator has-alpha-channel-opacity\"\/>\n\n\n\n<p><em>Texto: Laurent Keller<\/em><\/p>\n\n\n\n<p><em>Imagens: Sinasefe Nacional<\/em><\/p>\n\n\n\n<p><em>Edi\u00e7\u00e3o: Bruna Homrich<\/em><\/p>\n","protected":false},"excerpt":{"rendered":"<p>Na \u00faltima ter\u00e7a-feira, 2 de agosto, representantes de sindicatos de servidoras e servidores p\u00fablicos federais participaram de uma reuni\u00e3o com o diretor do Departamento de Rela\u00e7\u00f5es de Trabalho no Servi\u00e7o P\u00fablico, Cleber Izzo, e o coordenador geral de Negocia\u00e7\u00e3o Sindical no Servi\u00e7o P\u00fablico, Jos\u00e9 Borges de Carvalho Filho, para discutir o reajuste salarial dos funcion\u00e1rios<\/p>\n","protected":false},"author":5,"featured_media":4992,"comment_status":"closed","ping_status":"closed","sticky":false,"template":"","format":"standard","meta":{"footnotes":""},"categories":[37,42],"tags":[92,158,201,213],"class_list":{"0":"post-4991","1":"post","2":"type-post","3":"status-publish","4":"format-standard","5":"has-post-thumbnail","7":"category-destaque","8":"category-noticia","9":"tag-cortes-orcamentarios","10":"tag-jornada-de-lutas","11":"tag-reajuste-salarial","12":"tag-servico-publico"},"_links":{"self":[{"href":"https:\/\/sinasefesm.com\/index.php\/wp-json\/wp\/v2\/posts\/4991","targetHints":{"allow":["GET"]}}],"collection":[{"href":"https:\/\/sinasefesm.com\/index.php\/wp-json\/wp\/v2\/posts"}],"about":[{"href":"https:\/\/sinasefesm.com\/index.php\/wp-json\/wp\/v2\/types\/post"}],"author":[{"embeddable":true,"href":"https:\/\/sinasefesm.com\/index.php\/wp-json\/wp\/v2\/users\/5"}],"replies":[{"embeddable":true,"href":"https:\/\/sinasefesm.com\/index.php\/wp-json\/wp\/v2\/comments?post=4991"}],"version-history":[{"count":0,"href":"https:\/\/sinasefesm.com\/index.php\/wp-json\/wp\/v2\/posts\/4991\/revisions"}],"wp:featuredmedia":[{"embeddable":true,"href":"https:\/\/sinasefesm.com\/index.php\/wp-json\/wp\/v2\/media\/4992"}],"wp:attachment":[{"href":"https:\/\/sinasefesm.com\/index.php\/wp-json\/wp\/v2\/media?parent=4991"}],"wp:term":[{"taxonomy":"category","embeddable":true,"href":"https:\/\/sinasefesm.com\/index.php\/wp-json\/wp\/v2\/categories?post=4991"},{"taxonomy":"post_tag","embeddable":true,"href":"https:\/\/sinasefesm.com\/index.php\/wp-json\/wp\/v2\/tags?post=4991"}],"curies":[{"name":"wp","href":"https:\/\/api.w.org\/{rel}","templated":true}]}}