{"id":5024,"date":"2022-08-09T19:04:19","date_gmt":"2022-08-09T19:04:19","guid":{"rendered":"https:\/\/sinasefesm.com\/?p=5024"},"modified":"2022-08-09T19:04:19","modified_gmt":"2022-08-09T19:04:19","slug":"11-de-agosto-mobilizacoes-em-defesa-da-educacao-e-da-democracia-tomam-as-ruas-do-pais","status":"publish","type":"post","link":"https:\/\/sinasefesm.com\/index.php\/2022\/08\/09\/11-de-agosto-mobilizacoes-em-defesa-da-educacao-e-da-democracia-tomam-as-ruas-do-pais\/","title":{"rendered":"11 de agosto: mobiliza\u00e7\u00f5es em defesa da educa\u00e7\u00e3o e da democracia tomam as ruas do pa\u00eds"},"content":{"rendered":"\n<p>Na pr\u00f3xima quinta-feira, dia 11, Santa Maria receber\u00e1 mais um ato Fora Bolsonaro, na pra\u00e7a Saldanha Marinho, a partir das 16 horas. Em defesa de elei\u00e7\u00f5es livres, da democracia e da educa\u00e7\u00e3o p\u00fablica, o DCE da UFSM, junto a entidades sindicais e movimentos sociais, promove o ato, que tamb\u00e9m deve ocorrer nas demais cidades brasileiras. A data escolhida para o protesto marca o Dia da(o) Estudante, al\u00e9m de ser o anivers\u00e1rio da Uni\u00e3o Nacional das (os) Estudantes (UNE).<\/p>\n\n\n\n<p>A UNE atua h\u00e1 85 anos como representante pol\u00edtica dos cerca de seis milh\u00f5es de universit\u00e1rios brasileiros, estimulando a organiza\u00e7\u00e3o dos movimentos sociais ligados \u00e0s Federais. Ao longo do per\u00edodo ditatorial (1964-1985), a Uni\u00e3o se destacou como linha de frente na luta contra a ditadura e, atualmente, age no combate aos desmontes educacionais estimulados pelo governo vigente. Em defesa da educa\u00e7\u00e3o p\u00fablica de qualidade, o Sinasefe se junta aos estudantes na luta contra os constantes cortes or\u00e7ament\u00e1rios feitos pelo governo Bolsonaro, acrescentando, a essa pauta, a demanda por elei\u00e7\u00f5es democr\u00e1ticas.<\/p>\n\n\n\n<p><strong>Chamada para mobiliza\u00e7\u00e3o<\/strong><\/p>\n\n\n\n<p>Convocadas pelo Fonasefe, se\u00e7\u00f5es sindicais de todo pa\u00eds devem realizar atividades no dia 11. Abaixo, acompanhe os atos confirmados no restante do Brasil:&nbsp;<\/p>\n\n\n\n<p><strong>Norte<\/strong><\/p>\n\n\n\n<p>Manaus-AM \u2013 15h00 \u2013 Pra\u00e7a da Saudade<\/p>\n\n\n\n<p><strong>Nordeste<\/strong><\/p>\n\n\n\n<p>Fortaleza-CE \u2013 09:00 \u2013 Pra\u00e7a da Bandeira<\/p>\n\n\n\n<p>Jo\u00e3o Pessoa-PB \u2013 14:00 \u2013 Lyceu Paraibano<\/p>\n\n\n\n<p>Natal-RN \u2013 14:30 \u2013 Midway<\/p>\n\n\n\n<p>Recife-PE \u2013 15:00 \u2013 Rua da Aurora<\/p>\n\n\n\n<p>Salvador-BA \u2013 09 -00 \u2013 Pra\u00e7a do Campo Grande<\/p>\n\n\n\n<p>S\u00e3o Lu\u00eds-MA \u2013 16:00 \u2013 Pra\u00e7a Deodoro<\/p>\n\n\n\n<p><strong>Centro-Oeste<\/strong><\/p>\n\n\n\n<p>Bras\u00edlia-DF \u2013 15:00 \u2013 Congresso Nacional<\/p>\n\n\n\n<p>Campo Grande-MS \u2013 10:00 \u2013 C\u00e2mara Municipal<\/p>\n\n\n\n<p>Goi\u00e2nia-GO \u2013 17 -00 \u2013 Pra\u00e7a Universit\u00e1ria<\/p>\n\n\n\n<p><strong>Sudeste<\/strong><\/p>\n\n\n\n<p>Belo Horizonte-MG \u2013 17:00 \u2013 Pra\u00e7a Afonso Arinos<\/p>\n\n\n\n<p>Rio de Janeiro-RJ \u2013 16:00 \u2013 Candel\u00e1ria<\/p>\n\n\n\n<p>S\u00e3o Paulo-SP \u2013 09 -00 \u2013 MASP<\/p>\n\n\n\n<p>S\u00e3o Paulo-SP \u2013 17 -00 \u2013 MASP<\/p>\n\n\n\n<p>Vit\u00f3ria-ES \u2013 10:00 Pra\u00e7a Costa Pereira<\/p>\n\n\n\n<p><strong>Sul<\/strong><\/p>\n\n\n\n<p>Curitiba-PR \u2013 18:30 \u2013 Pra\u00e7a Santos Andrade<\/p>\n\n\n\n<p>Florian\u00f3polis-SC \u2013 17:00 \u2013 Largo da Alf\u00e2ndega<\/p>\n\n\n\n<p><\/p>\n\n\n\n<p>Em v\u00eddeo, exposto abaixo, a Coordenadora Geral do Sinasefe, Elenira Vilela, convoca as bases e as se\u00e7\u00f5es sindicais a irem \u00e0s ruas no dia 11 protestar pela educa\u00e7\u00e3o brasileira.<\/p>\n\n\n\n<figure class=\"wp-block-embed is-type-video is-provider-youtube wp-block-embed-youtube wp-embed-aspect-16-9 wp-has-aspect-ratio\"><div class=\"wp-block-embed__wrapper\">\n<iframe title=\"11\/08: Dia Nacional de Mobiliza\u00e7\u00e3o pela Democracia e por Elei\u00e7\u00f5es Livres\" width=\"768\" height=\"432\" src=\"https:\/\/www.youtube.com\/embed\/ySMoJsHI0wI?feature=oembed\" frameborder=\"0\" allow=\"accelerometer; autoplay; clipboard-write; encrypted-media; gyroscope; picture-in-picture; web-share\" referrerpolicy=\"strict-origin-when-cross-origin\" allowfullscreen><\/iframe>\n<\/div><\/figure>\n\n\n\n<hr class=\"wp-block-separator has-alpha-channel-opacity\"\/>\n\n\n\n<p><em>Texto: Laurent Keller<\/em><\/p>\n\n\n\n<p><em>Imagem: DCE UFSM<\/em><\/p>\n\n\n\n<p><em>Edi\u00e7\u00e3o: Bruna Homrich<\/em><\/p>\n","protected":false},"excerpt":{"rendered":"<p>Na pr\u00f3xima quinta-feira, dia 11, Santa Maria receber\u00e1 mais um ato Fora Bolsonaro, na pra\u00e7a Saldanha Marinho, a partir das 16 horas. Em defesa de elei\u00e7\u00f5es livres, da democracia e da educa\u00e7\u00e3o p\u00fablica, o DCE da UFSM, junto a entidades sindicais e movimentos sociais, promove o ato, que tamb\u00e9m deve ocorrer nas demais cidades brasileiras.<\/p>\n","protected":false},"author":5,"featured_media":5025,"comment_status":"closed","ping_status":"closed","sticky":false,"template":"","format":"standard","meta":{"footnotes":""},"categories":[37,39],"tags":[61,92,101,136],"class_list":{"0":"post-5024","1":"post","2":"type-post","3":"status-publish","4":"format-standard","5":"has-post-thumbnail","7":"category-destaque","8":"category-eventos","9":"tag-ato","10":"tag-cortes-orcamentarios","11":"tag-dia-do-estudante","12":"tag-fora-bolsonaro"},"_links":{"self":[{"href":"https:\/\/sinasefesm.com\/index.php\/wp-json\/wp\/v2\/posts\/5024","targetHints":{"allow":["GET"]}}],"collection":[{"href":"https:\/\/sinasefesm.com\/index.php\/wp-json\/wp\/v2\/posts"}],"about":[{"href":"https:\/\/sinasefesm.com\/index.php\/wp-json\/wp\/v2\/types\/post"}],"author":[{"embeddable":true,"href":"https:\/\/sinasefesm.com\/index.php\/wp-json\/wp\/v2\/users\/5"}],"replies":[{"embeddable":true,"href":"https:\/\/sinasefesm.com\/index.php\/wp-json\/wp\/v2\/comments?post=5024"}],"version-history":[{"count":0,"href":"https:\/\/sinasefesm.com\/index.php\/wp-json\/wp\/v2\/posts\/5024\/revisions"}],"wp:featuredmedia":[{"embeddable":true,"href":"https:\/\/sinasefesm.com\/index.php\/wp-json\/wp\/v2\/media\/5025"}],"wp:attachment":[{"href":"https:\/\/sinasefesm.com\/index.php\/wp-json\/wp\/v2\/media?parent=5024"}],"wp:term":[{"taxonomy":"category","embeddable":true,"href":"https:\/\/sinasefesm.com\/index.php\/wp-json\/wp\/v2\/categories?post=5024"},{"taxonomy":"post_tag","embeddable":true,"href":"https:\/\/sinasefesm.com\/index.php\/wp-json\/wp\/v2\/tags?post=5024"}],"curies":[{"name":"wp","href":"https:\/\/api.w.org\/{rel}","templated":true}]}}