{"id":5072,"date":"2022-08-19T23:07:40","date_gmt":"2022-08-19T23:07:40","guid":{"rendered":"https:\/\/sinasefesm.com\/?p=5072"},"modified":"2022-08-19T23:07:40","modified_gmt":"2022-08-19T23:07:40","slug":"3o-encontro-nacional-de-mulheres-primeira-mesa-tematica-aborda-o-papel-das-mulheres-na-construcao-de-um-sinasefe-combativo","status":"publish","type":"post","link":"https:\/\/sinasefesm.com\/index.php\/2022\/08\/19\/3o-encontro-nacional-de-mulheres-primeira-mesa-tematica-aborda-o-papel-das-mulheres-na-construcao-de-um-sinasefe-combativo\/","title":{"rendered":"3\u00ba Encontro Nacional de Mulheres: primeira mesa tem\u00e1tica aborda o papel das mulheres na constru\u00e7\u00e3o de um Sinasefe combativo"},"content":{"rendered":"\n<p>Na manh\u00e3 desta sexta-feira, 19, ocorreu a primeira mesa tem\u00e1tica da terceira edi\u00e7\u00e3o do Encontro Nacional de Mulheres do Sinasefe. Com o tema \u2018\u2019Por um sindicato feminista, antirracista, anticapacitista, anticapitalista e socialista: as mulheres como vanguarda da constru\u00e7\u00e3o de um SINASEFE combativo\u2019\u2019, o debate aconteceu no Praia Centro Hotel, em Fortaleza-CE, e contou com a presen\u00e7a das palestrantes Rivania Moura (presidenta do ANDES-SN), Lucr\u00e9cia Lacovino (Sinasefe), S\u00f4nia Ad\u00e3o (Sinasefe) e Ros\u00e2ngela Costa (dire\u00e7\u00e3o nacional da Fasubra).<\/p>\n\n\n<div class=\"wp-block-image\">\n<figure class=\"aligncenter size-full is-resized\"><img decoding=\"async\" src=\"https:\/\/sinasefesm.com\/wp-content\/uploads\/2022\/08\/WhatsApp-Image-2022-08-19-at-11.01.20.jpeg\" alt=\"\" class=\"wp-image-5073\" width=\"-109\" height=\"-145\" srcset=\"https:\/\/sinasefesm.com\/wp-content\/uploads\/2022\/08\/WhatsApp-Image-2022-08-19-at-11.01.20.jpeg 1200w, https:\/\/sinasefesm.com\/wp-content\/uploads\/2022\/08\/WhatsApp-Image-2022-08-19-at-11.01.20-225x300.jpeg 225w, https:\/\/sinasefesm.com\/wp-content\/uploads\/2022\/08\/WhatsApp-Image-2022-08-19-at-11.01.20-768x1024.jpeg 768w, https:\/\/sinasefesm.com\/wp-content\/uploads\/2022\/08\/WhatsApp-Image-2022-08-19-at-11.01.20-1152x1536.jpeg 1152w, https:\/\/sinasefesm.com\/wp-content\/uploads\/2022\/08\/WhatsApp-Image-2022-08-19-at-11.01.20-150x200.jpeg 150w, https:\/\/sinasefesm.com\/wp-content\/uploads\/2022\/08\/WhatsApp-Image-2022-08-19-at-11.01.20-450x600.jpeg 450w\" sizes=\"(max-width: 1200px) 100vw, 1200px\" \/><figcaption>Palestrantes da Mesa Tem\u00e1tica (Lucr\u00e9cia Lacovino, Ros\u00e2ngela Costa, S\u00f4nia Ad\u00e3o e Rivania Moura).<\/figcaption><\/figure><\/div>\n\n\n<p>Ros\u00e2ngela, atualmente integrante da Dire\u00e7\u00e3o Nacional da Fasubra, atuante na Coordena\u00e7\u00e3o da Mulher Trabalhadora, destacou a import\u00e2ncia de as mulheres se manterem unidas, porque tal unidade possibilita a promo\u00e7\u00e3o do crescimento e do avan\u00e7o da coletividade como um todo. No mesmo sentido, a can\u00e7\u00e3o feminista ecoada no evento refor\u00e7ou: <em>\u201ccompanheira me ajude que eu n\u00e3o posso andar s\u00f3, eu sozinha ando bem, mas com voc\u00ea ando melhor!\u201d.<\/em><\/p>\n\n\n\n<p>Al\u00e9m de discutir a import\u00e2ncia da sororidade para a luta sindical, a mesa tem\u00e1tica abriu espa\u00e7o para di\u00e1logos sobre temas como racismo, capacitismo e a invisibilidade sofrida por mulheres idosas. A Coordenadora do Pessoal T\u00e9cnico-Administrativo da DN do Sinasefe, Lucr\u00e9cia Lacovino, trouxe \u00eanfase ao assunto conversando diretamente com as mulheres aposentadas a respeito do desprezo e desmerecimento sofridos por elas. Ademais, Lucr\u00e9cia comentou acerca do ass\u00e9dio em ambientes institucionais e sindicais.<\/p>\n\n\n<div class=\"wp-block-image\">\n<figure class=\"aligncenter size-full is-resized\"><img fetchpriority=\"high\" decoding=\"async\" src=\"https:\/\/sinasefesm.com\/wp-content\/uploads\/2022\/08\/photo16609140491.jpeg\" alt=\"\" class=\"wp-image-5074\" width=\"711\" height=\"533\" srcset=\"https:\/\/sinasefesm.com\/wp-content\/uploads\/2022\/08\/photo16609140491.jpeg 1280w, https:\/\/sinasefesm.com\/wp-content\/uploads\/2022\/08\/photo16609140491-300x225.jpeg 300w, https:\/\/sinasefesm.com\/wp-content\/uploads\/2022\/08\/photo16609140491-1024x768.jpeg 1024w, https:\/\/sinasefesm.com\/wp-content\/uploads\/2022\/08\/photo16609140491-768x576.jpeg 768w, https:\/\/sinasefesm.com\/wp-content\/uploads\/2022\/08\/photo16609140491-150x113.jpeg 150w, https:\/\/sinasefesm.com\/wp-content\/uploads\/2022\/08\/photo16609140491-450x338.jpeg 450w, https:\/\/sinasefesm.com\/wp-content\/uploads\/2022\/08\/photo16609140491-1200x900.jpeg 1200w\" sizes=\"(max-width: 711px) 100vw, 711px\" \/><figcaption>Fala ocorrida durante a primeira Mesa Tem\u00e1tica.<\/figcaption><\/figure><\/div>\n\n\n<p class=\"has-medium-font-size\" style=\"font-style:normal;font-weight:700\"><strong>Interven\u00e7\u00f5es culturais<\/strong><\/p>\n\n\n\n<p>Agregando \u00e0 atividade, houveram tamb\u00e9m cita\u00e7\u00f5es culturais na primeira mesa tem\u00e1tica desta manh\u00e3. A Presidenta do Andes-SN, Rivania Moura, exp\u00f4s um trecho escrito por <a href=\"https:\/\/sinasefesm.com\/dicadosinasefe-quarto-de-despejo\/\">Carolina Maria de Jesus<\/a>:&nbsp;<\/p>\n\n\n\n<blockquote class=\"wp-block-quote is-layout-flow wp-block-quote-is-layout-flow\"><p>Quando eu era menina o meu sonho era ser homem para defender o Brasil, porque eu lia a hist\u00f3ria do Brasil e ficava sabendo que existia guerra, s\u00f3 lia os nomes masculinos como defensores da p\u00e1tria ent\u00e3o eu dizia para minha m\u00e3e:<\/p><p>\u2013 Porque a senhora n\u00e3o faz eu virar homem?<\/p><p>Ela dizia:<\/p><p>\u2013 Se voc\u00ea passar por debaixo do arco-\u00edris voc\u00ea vira homem.<\/p><p>Quando o arco-\u00edris surgia eu ia correndo na sua dire\u00e7\u00e3o mas o arco-\u00edris estava sempre distanciando. Igual os pol\u00edticos distante de povo. Eu cansava e sentava, depois come\u00e7a a chorar. Mas o povo n\u00e3o deve cansar, n\u00e3o deve chorar, deve lutar para melhorar o Brasil para nossos filhos n\u00e3o sofrer o que estamos sofrendo. Eu voltava e dizia para minha m\u00e3e:<\/p><p>\u2013 O arco-\u00edris foge de mim.\u2019\u2019<\/p><cite>Carolina Maria de Jesus<\/cite><\/blockquote>\n\n\n\n<p><\/p>\n\n\n\n<p>Outra interven\u00e7\u00e3o cultural foi feita pela Secret\u00e1ria Adjunta da Coordena\u00e7\u00e3o de Inclus\u00e3o e Acessibilidade do Sinasefe Nacional, S\u00f4nia Ad\u00e3o. A servidora convidou as participantes do Encontro a cantarem a m\u00fasica \u2018\u2019F\u00e9\u2019\u2019, da cantora Iza, como forma simb\u00f3lica de combate ao racismo:<\/p>\n\n\n\n<blockquote class=\"wp-block-quote is-layout-flow wp-block-quote-is-layout-flow\"><p>F\u00e9 pra quem \u00e9 forte<\/p><p>F\u00e9 pra quem \u00e9 foda<\/p><p>F\u00e9 pra quem n\u00e3o foge a luta<\/p><p>F\u00e9 pra quem n\u00e3o perde o foco<\/p><p>F\u00e9 pra enfrentar esses filha da puta<\/p><p>F\u00e9 no proceder, na luta e na lida<\/p><p>Enquanto a gente n\u00e3o conquista<\/p><p>Segue em frente firme<\/p><p>Que a nossa firma \u00e9 forte\u2019\u2019<\/p><cite>Iza<\/cite><\/blockquote>\n\n\n\n<p>Como representantes da se\u00e7\u00e3o sindical de Santa Maria, foram \u00e0 capital cearense participar do evento a Coordenadora Geral, Miriane Fonseca, e a Secret\u00e1ria Geral, Cl\u00e1udia do Amaral. Elas permanecer\u00e3o em Fortaleza at\u00e9 domingo, dia 21, quando o 3\u00ba Encontro Nacional de Mulheres do Sinasefe ser\u00e1 encerrado.<\/p>\n\n\n<div class=\"wp-block-image\">\n<figure class=\"aligncenter size-full is-resized\"><img decoding=\"async\" src=\"https:\/\/sinasefesm.com\/wp-content\/uploads\/2022\/08\/WhatsApp-Image-2022-08-19-at-12.59.59-edited.jpeg\" alt=\"\" class=\"wp-image-5076\" width=\"-114\" height=\"-85\" srcset=\"https:\/\/sinasefesm.com\/wp-content\/uploads\/2022\/08\/WhatsApp-Image-2022-08-19-at-12.59.59-edited.jpeg 1066w, https:\/\/sinasefesm.com\/wp-content\/uploads\/2022\/08\/WhatsApp-Image-2022-08-19-at-12.59.59-edited-300x225.jpeg 300w, https:\/\/sinasefesm.com\/wp-content\/uploads\/2022\/08\/WhatsApp-Image-2022-08-19-at-12.59.59-edited-1024x768.jpeg 1024w, https:\/\/sinasefesm.com\/wp-content\/uploads\/2022\/08\/WhatsApp-Image-2022-08-19-at-12.59.59-edited-768x576.jpeg 768w, https:\/\/sinasefesm.com\/wp-content\/uploads\/2022\/08\/WhatsApp-Image-2022-08-19-at-12.59.59-edited-150x113.jpeg 150w, https:\/\/sinasefesm.com\/wp-content\/uploads\/2022\/08\/WhatsApp-Image-2022-08-19-at-12.59.59-edited-450x338.jpeg 450w\" sizes=\"(max-width: 1066px) 100vw, 1066px\" \/><figcaption>Miriane Fonseca e Cl\u00e1udia do Amaral.<\/figcaption><\/figure><\/div>\n\n\n<p>Para permanecer informado(a) sobre as pr\u00f3ximas a\u00e7\u00f5es do Encontro, siga acompanhando nosso site e redes sociais.<\/p>\n\n\n\n<hr class=\"wp-block-separator has-alpha-channel-opacity\"\/>\n\n\n\n<p><em>Texto: Laurent Keller<\/em><\/p>\n\n\n\n<p><em>Imagens: Sinasefe DN e Cl\u00e1udia do Amaral<\/em><\/p>\n\n\n\n<p><em>Edi\u00e7\u00e3o: Bruna Homrich<\/em><\/p>\n\n\n\n<p><\/p>\n","protected":false},"excerpt":{"rendered":"<p>Na manh\u00e3 desta sexta-feira, 19, ocorreu a primeira mesa tem\u00e1tica da terceira edi\u00e7\u00e3o do Encontro Nacional de Mulheres do Sinasefe. Com o tema \u2018\u2019Por um sindicato feminista, antirracista, anticapacitista, anticapitalista e socialista: as mulheres como vanguarda da constru\u00e7\u00e3o de um SINASEFE combativo\u2019\u2019, o debate aconteceu no Praia Centro Hotel, em Fortaleza-CE, e contou com a<\/p>\n","protected":false},"author":5,"featured_media":5078,"comment_status":"closed","ping_status":"closed","sticky":false,"template":"","format":"standard","meta":{"footnotes":""},"categories":[37,39],"tags":[55,174],"class_list":{"0":"post-5072","1":"post","2":"type-post","3":"status-publish","4":"format-standard","5":"has-post-thumbnail","7":"category-destaque","8":"category-eventos","9":"tag-3o-encontro-nacional-de-mulheres","10":"tag-mulheres"},"_links":{"self":[{"href":"https:\/\/sinasefesm.com\/index.php\/wp-json\/wp\/v2\/posts\/5072","targetHints":{"allow":["GET"]}}],"collection":[{"href":"https:\/\/sinasefesm.com\/index.php\/wp-json\/wp\/v2\/posts"}],"about":[{"href":"https:\/\/sinasefesm.com\/index.php\/wp-json\/wp\/v2\/types\/post"}],"author":[{"embeddable":true,"href":"https:\/\/sinasefesm.com\/index.php\/wp-json\/wp\/v2\/users\/5"}],"replies":[{"embeddable":true,"href":"https:\/\/sinasefesm.com\/index.php\/wp-json\/wp\/v2\/comments?post=5072"}],"version-history":[{"count":0,"href":"https:\/\/sinasefesm.com\/index.php\/wp-json\/wp\/v2\/posts\/5072\/revisions"}],"wp:featuredmedia":[{"embeddable":true,"href":"https:\/\/sinasefesm.com\/index.php\/wp-json\/wp\/v2\/media\/5078"}],"wp:attachment":[{"href":"https:\/\/sinasefesm.com\/index.php\/wp-json\/wp\/v2\/media?parent=5072"}],"wp:term":[{"taxonomy":"category","embeddable":true,"href":"https:\/\/sinasefesm.com\/index.php\/wp-json\/wp\/v2\/categories?post=5072"},{"taxonomy":"post_tag","embeddable":true,"href":"https:\/\/sinasefesm.com\/index.php\/wp-json\/wp\/v2\/tags?post=5072"}],"curies":[{"name":"wp","href":"https:\/\/api.w.org\/{rel}","templated":true}]}}