{"id":5082,"date":"2022-08-20T19:04:32","date_gmt":"2022-08-20T19:04:32","guid":{"rendered":"https:\/\/sinasefesm.com\/?p=5082"},"modified":"2022-08-20T19:04:32","modified_gmt":"2022-08-20T19:04:32","slug":"violencia-contra-as-mulheres-e-comunidade-lgbtqia-em-debate-no-3o-encontro-de-mulheres","status":"publish","type":"post","link":"https:\/\/sinasefesm.com\/index.php\/2022\/08\/20\/violencia-contra-as-mulheres-e-comunidade-lgbtqia-em-debate-no-3o-encontro-de-mulheres\/","title":{"rendered":"Viol\u00eancia contra as mulheres e comunidade LGBTQIA+ em debate no Sinasefe"},"content":{"rendered":"\n<p>Na manh\u00e3 deste s\u00e1bado, 20 de agosto, as participantes do 3\u00ba Encontro de Mulheres do Sinasefe acompanharam a mesa tem\u00e1tica \u201cLBTQIA+ e cultura sindical: o (n\u00e3o) lugar na pol\u00edtica\u201d, cujas palestrantes foram a militante LGBTQIA+, professora de Sociologia do IFCE (campus Canind\u00e9) e integrante da diretoria colegiada do Sindsifce, Jennifer Karolinny Ara\u00fajo Dantas (Jenni Dantas); e a doutoranda em Educa\u00e7\u00e3o na UERJ e membro da Associa\u00e7\u00e3o Nacional de Pessoas Trans e Travestis (Antra) e da Rede Campanha Pelo Direito \u00e0 Educa\u00e7\u00e3o, Sara Wagner Pimenta Gon\u00e7alves J\u00fanior (Sara Wagner York).<\/p>\n\n\n\n<p>De in\u00edcio, Sara Wagner contou brevemente sua hist\u00f3ria, destacando a import\u00e2ncia da ADI 4275 (mudan\u00e7a de nome e g\u00eanero). \u201cMinha fun\u00e7\u00e3o aqui \u00e9 mesmo essa, trazer inc\u00f4modos e provocar debates\u201d, comentou.<\/p>\n\n\n\n<p>J\u00e1 Jenni Dantas ressaltou a import\u00e2ncia de uma mesa tem\u00e1tica como essa estar sendo realizada no Sinasefe. \u201cIsso aqui \u00e9 parte da constru\u00e7\u00e3o de um novo paradigma sindical, e somos n\u00f3s quem estamos fazendo isso\u201d, disse, rememorando a realiza\u00e7\u00e3o do 1\u00ba Encontro de Mulheres do SINASEFE em 2018, quase 30 anos ap\u00f3s a funda\u00e7\u00e3o do sindicato nacional.<\/p>\n\n\n\n<p>Durante a atividade, Sara entregou simbolicamente para o SINASEFE, por meio da coordenadora geral Elenira Vilela, o Dossi\u00ea &#8220;Assassinatos e Viol\u00eancias Contra Travestis e Transexuais Brasileiras em 2021&#8221;, do qual ela mesma \u00e9 uma das organizadoras. A publica\u00e7\u00e3o traz dados assustadores acerca da viol\u00eancia de g\u00eanero, em especial aquela que acomete a popula\u00e7\u00e3o LGBTQIA+.<\/p>\n\n\n\n<p>\u201c\u00c9 urgente tra\u00e7ar estrat\u00e9gias de fortalecimento das institui\u00e7\u00f5es de luta pelos direitos das pessoas LGBTQIA+, a prote\u00e7\u00e3o de defensores de direitos humanos, e pela garantia da sobreviv\u00eancia de nossa comunidade em governos patriarcais, machistas e contr\u00e1rios aos direitos das mulheres e das pessoas LGBTQIA+. Sobretudo quando o pa\u00eds vive o maior \u00eaxodo populacional de sua hist\u00f3ria, com \u00edndices alarmantes de empobrecimento, desemprego, infla\u00e7\u00e3o e instabilidade econ\u00f4mica e pol\u00edtica. Pois se torna muito dif\u00edcil a luta contra a viol\u00eancia e \u00e0s viola\u00e7\u00f5es de direitos humanos quando estes v\u00eam sendo impactados por fatores sociais\u201d, destaca trecho do Dossi\u00ea, que est\u00e1 <a href=\"https:\/\/antrabrasil.files.wordpress.com\/2022\/01\/dossieantra2022-web.pdf\" data-type=\"URL\" data-id=\"https:\/\/antrabrasil.files.wordpress.com\/2022\/01\/dossieantra2022-web.pdf\" target=\"_blank\" rel=\"noreferrer noopener\">dispon\u00edvel para download aqui<\/a>.<\/p>\n\n\n\n<h2 class=\"wp-block-heading\"><strong>Do Luto \u00e0 Luta<\/strong><\/h2>\n\n\n\n<p>A outra mesa tem\u00e1tica ocorrida na manh\u00e3 deste s\u00e1bado, durante o 3\u00ba Encontro de Mulheres, abordou os diversos tipos de viol\u00eancias \u00e0s quais as mulheres s\u00e3o cotidianamente expostas.<\/p>\n\n\n\n<p>\u201cViol\u00eancias contra as Mulheres \u2013 do Luto \u00e0 Luta\u201d trouxe, como debatedoras, a professora associada do Centro de Educa\u00e7\u00e3o da Universidade Estadual do Cear\u00e1, Raquel Dias Ara\u00fajo; a professora, cofundadora e vice-presidente do Instituto Maria da Penha, Regina Barbosa; e a professora do departamento de Psicologia Cl\u00ednica da UnB e autora de artigos e livros no campo da Sa\u00fade Mental, G\u00eanero e Interseccionalidades com ra\u00e7a e etnia, Valeska Zanello.<\/p>\n\n\n\n<blockquote class=\"wp-block-quote is-layout-flow wp-block-quote-is-layout-flow\"><p>\u201cCom exce\u00e7\u00e3o das zonas de guerra, a Am\u00e9rica Latina \u00e9 considerada o local mais perigoso do mundo para mulheres\u201d, lamentou a secret\u00e1ria geral do SINASEE, Rita Gil.<\/p><\/blockquote>\n\n\n\n<p>\u201cTudo que passamos e enfrentamos foi muito orquestrado para nos eliminar, mas n\u00e3o funcionou, pois estamos aqui!\u201d, defendeu\u00a0<a href=\"https:\/\/sinasefe.org.br\/mulheres\/2022\/07\/22\/regina-celia-estara-no-3o-encontro-de-mulheres\/\">Regina<\/a>. Ela fez a leitura da descri\u00e7\u00e3o do atendimento de emerg\u00eancia ap\u00f3s a tentativa de feminic\u00eddio que Maria da Penha sofreu, em 29 de maio de 1983. \u201cA Lei Maria da Penha \u00e9 uma lei para todas as mulheres e \u00e9 muito importante que saibamos como lidar com as amea\u00e7as que chegam at\u00e9 nosso conhecimento\u201d, destacou a palestrante. Cabe lembrar que, recentemente, tal Lei completou 16 anos de exist\u00eancia.<\/p>\n\n\n<div class=\"wp-block-image is-style-default\">\n<figure class=\"alignleft size-full\"><img fetchpriority=\"high\" decoding=\"async\" width=\"1600\" height=\"1200\" src=\"https:\/\/sinasefesm.com\/wp-content\/uploads\/2022\/08\/WhatsApp-Image-2022-08-20-at-11.54.44.jpeg\" alt=\"\" class=\"wp-image-5086\" srcset=\"https:\/\/sinasefesm.com\/wp-content\/uploads\/2022\/08\/WhatsApp-Image-2022-08-20-at-11.54.44.jpeg 1600w, https:\/\/sinasefesm.com\/wp-content\/uploads\/2022\/08\/WhatsApp-Image-2022-08-20-at-11.54.44-300x225.jpeg 300w, https:\/\/sinasefesm.com\/wp-content\/uploads\/2022\/08\/WhatsApp-Image-2022-08-20-at-11.54.44-1024x768.jpeg 1024w, https:\/\/sinasefesm.com\/wp-content\/uploads\/2022\/08\/WhatsApp-Image-2022-08-20-at-11.54.44-768x576.jpeg 768w, https:\/\/sinasefesm.com\/wp-content\/uploads\/2022\/08\/WhatsApp-Image-2022-08-20-at-11.54.44-1536x1152.jpeg 1536w, https:\/\/sinasefesm.com\/wp-content\/uploads\/2022\/08\/WhatsApp-Image-2022-08-20-at-11.54.44-150x113.jpeg 150w, https:\/\/sinasefesm.com\/wp-content\/uploads\/2022\/08\/WhatsApp-Image-2022-08-20-at-11.54.44-450x338.jpeg 450w, https:\/\/sinasefesm.com\/wp-content\/uploads\/2022\/08\/WhatsApp-Image-2022-08-20-at-11.54.44-1200x900.jpeg 1200w\" sizes=\"(max-width: 1600px) 100vw, 1600px\" \/><\/figure><\/div>\n\n\n<p>Ao saudar as mulheres que tornaram poss\u00edvel a realiza\u00e7\u00e3o do Encontro, Raquel disse saber o que \u00e9 vivenciar a pol\u00edtica machista e racial no interior dos sindicatos e partidos, algo que dificulta a participa\u00e7\u00e3o das mulheres \u2013 e especialmente das mulheres negras \u2013 nestes espa\u00e7os.<\/p>\n\n\n\n<p>\u201cNossa hist\u00f3ria no \u00e2mbito do movimento sindical \u00e9 contada muitas vezes pelo homens, e pelos homens brancos\u201d, lamentou a palestrante. Raquel tamb\u00e9m lembrou a pr\u00e1tica ruim de restringirem as tem\u00e1ticas das falas de mulheres nos eventos sindicais. \u201cSabemos falar sobre todos os temas, n\u00e3o apenas sobre n\u00f3s mesmas!\u201d, destacou.<\/p>\n\n\n\n<p>Abordando as chamadas tecnologias de g\u00eanero, Valeska comentou as hist\u00f3rias da \u201cBela e a Fera\u201d e da \u201cPequena Sereia\u201d, usadas para objetifica\u00e7\u00e3o das mulheres, e a pornografia para os homens. \u201cAprendemos que precisamos ser desejadas e nos objetificamos na prateleira do amor, terceirizamos a nossa autoestima\u201d, explicou a palestrante. Ela indicou a leitura de v\u00e1rios materiais reunidos na p\u00e1gina de seu grupo de pesquisa.<\/p>\n\n\n\n<p>Em sua interven\u00e7\u00e3o, ela comentou sobre como o dispositivo amoroso e rom\u00e2ntico demanda a despersonaliza\u00e7\u00e3o de mulheres. <\/p>\n\n\n\n<blockquote class=\"wp-block-quote is-layout-flow wp-block-quote-is-layout-flow\"><p>&#8220;Para que voz se voc\u00ea tem quadris? O homem abomina tagarela, garota caladinha ele adora&#8221;, diz uma personagem de filme usado pela psic\u00f3loga para exemplificar o tema.<\/p><\/blockquote>\n\n\n\n<p>\u201cVivemos numa cultura que desresponsabiliza os homens e hiperresponsabiliza as mulheres e isso tem s\u00e9rias consequ\u00eancias\u201d, destacou Valeska. Comentando as masculinidades, ela contou a hist\u00f3ria do quadro que ilustra a capa de seu livro, quando sua av\u00f3 pintou uma arauc\u00e1ria para disfar\u00e7ar um buraco e evitar problemas com o marido. \u201cPrecisamos parar de tapar os buracos dos homens e querer transformar os \u2018perabados\u2019, como se fosse tarefa das mulheres fazer os homens mudarem\u201d, defendeu.<\/p>\n\n\n\n<p>O 3\u00ba Encontro de Mulheres do Sinasefe teve in\u00edcio na \u00faltima quinta-feira, 18, e se estende at\u00e9 este domingo, 21, em Fortaleza (CE). Representando o Sinasefe Santa Maria participam do evento a coordenadora geral, Miriane Fonseca, e a secret\u00e1ria geral, Cl\u00e1udia do Amaral. <\/p>\n\n\n\n<figure class=\"wp-block-image size-full is-style-default\"><img decoding=\"async\" width=\"1600\" height=\"1200\" src=\"https:\/\/sinasefesm.com\/wp-content\/uploads\/2022\/08\/WhatsApp-Image-2022-08-20-at-12.14.56.jpeg\" alt=\"\" class=\"wp-image-5088\" srcset=\"https:\/\/sinasefesm.com\/wp-content\/uploads\/2022\/08\/WhatsApp-Image-2022-08-20-at-12.14.56.jpeg 1600w, https:\/\/sinasefesm.com\/wp-content\/uploads\/2022\/08\/WhatsApp-Image-2022-08-20-at-12.14.56-300x225.jpeg 300w, https:\/\/sinasefesm.com\/wp-content\/uploads\/2022\/08\/WhatsApp-Image-2022-08-20-at-12.14.56-1024x768.jpeg 1024w, https:\/\/sinasefesm.com\/wp-content\/uploads\/2022\/08\/WhatsApp-Image-2022-08-20-at-12.14.56-768x576.jpeg 768w, https:\/\/sinasefesm.com\/wp-content\/uploads\/2022\/08\/WhatsApp-Image-2022-08-20-at-12.14.56-1536x1152.jpeg 1536w, https:\/\/sinasefesm.com\/wp-content\/uploads\/2022\/08\/WhatsApp-Image-2022-08-20-at-12.14.56-150x113.jpeg 150w, https:\/\/sinasefesm.com\/wp-content\/uploads\/2022\/08\/WhatsApp-Image-2022-08-20-at-12.14.56-450x338.jpeg 450w, https:\/\/sinasefesm.com\/wp-content\/uploads\/2022\/08\/WhatsApp-Image-2022-08-20-at-12.14.56-1200x900.jpeg 1200w\" sizes=\"(max-width: 1600px) 100vw, 1600px\" \/><\/figure>\n\n\n\n<p><em>Cr\u00e9ditos das imagens: Sinasefe<\/em><\/p>\n","protected":false},"excerpt":{"rendered":"<p>Na manh\u00e3 deste s\u00e1bado, 20 de agosto, as participantes do 3\u00ba Encontro de Mulheres do Sinasefe acompanharam a mesa tem\u00e1tica \u201cLBTQIA+ e cultura sindical: o (n\u00e3o) lugar na pol\u00edtica\u201d, cujas palestrantes foram a militante LGBTQIA+, professora de Sociologia do IFCE (campus Canind\u00e9) e integrante da diretoria colegiada do Sindsifce, Jennifer Karolinny Ara\u00fajo Dantas (Jenni Dantas);<\/p>\n","protected":false},"author":3,"featured_media":5085,"comment_status":"closed","ping_status":"closed","sticky":false,"template":"","format":"standard","meta":{"footnotes":""},"categories":[37,39,42,45],"tags":[],"class_list":{"0":"post-5082","1":"post","2":"type-post","3":"status-publish","4":"format-standard","5":"has-post-thumbnail","7":"category-destaque","8":"category-eventos","9":"category-noticia","10":"category-sindicato"},"_links":{"self":[{"href":"https:\/\/sinasefesm.com\/index.php\/wp-json\/wp\/v2\/posts\/5082","targetHints":{"allow":["GET"]}}],"collection":[{"href":"https:\/\/sinasefesm.com\/index.php\/wp-json\/wp\/v2\/posts"}],"about":[{"href":"https:\/\/sinasefesm.com\/index.php\/wp-json\/wp\/v2\/types\/post"}],"author":[{"embeddable":true,"href":"https:\/\/sinasefesm.com\/index.php\/wp-json\/wp\/v2\/users\/3"}],"replies":[{"embeddable":true,"href":"https:\/\/sinasefesm.com\/index.php\/wp-json\/wp\/v2\/comments?post=5082"}],"version-history":[{"count":0,"href":"https:\/\/sinasefesm.com\/index.php\/wp-json\/wp\/v2\/posts\/5082\/revisions"}],"wp:featuredmedia":[{"embeddable":true,"href":"https:\/\/sinasefesm.com\/index.php\/wp-json\/wp\/v2\/media\/5085"}],"wp:attachment":[{"href":"https:\/\/sinasefesm.com\/index.php\/wp-json\/wp\/v2\/media?parent=5082"}],"wp:term":[{"taxonomy":"category","embeddable":true,"href":"https:\/\/sinasefesm.com\/index.php\/wp-json\/wp\/v2\/categories?post=5082"},{"taxonomy":"post_tag","embeddable":true,"href":"https:\/\/sinasefesm.com\/index.php\/wp-json\/wp\/v2\/tags?post=5082"}],"curies":[{"name":"wp","href":"https:\/\/api.w.org\/{rel}","templated":true}]}}