{"id":5096,"date":"2022-08-26T21:29:37","date_gmt":"2022-08-26T21:29:37","guid":{"rendered":"https:\/\/sinasefesm.com\/?p=5096"},"modified":"2022-08-26T21:29:37","modified_gmt":"2022-08-26T21:29:37","slug":"ufsm-e-entidades-representativas-dao-inicio-a-campanha-contra-a-fome","status":"publish","type":"post","link":"https:\/\/sinasefesm.com\/index.php\/2022\/08\/26\/ufsm-e-entidades-representativas-dao-inicio-a-campanha-contra-a-fome\/","title":{"rendered":"UFSM e entidades representativas d\u00e3o in\u00edcio \u00e0 campanha contra a fome"},"content":{"rendered":"\n<p>A partir da pr\u00f3xima segunda-feira, dia 29, a a\u00e7\u00e3o \u201cUFSM Contra a Fome\u201d come\u00e7ar\u00e1 a arrecadar alimentos n\u00e3o perec\u00edveis nos centros da Universidade. O projeto, que se estende at\u00e9 janeiro de 2023, pretende doar o que for arrecadado a fam\u00edlias em situa\u00e7\u00e3o de pobreza e fome, a fim de minimizar, ao menos momentaneamente, a ang\u00fastia daqueles em vulnerabilidade social, que sofrem com a falta de aten\u00e7\u00e3o do governo.&nbsp;<\/p>\n\n\n\n<p>A iniciativa surge no momento em que a quantidade de pessoas sem ter o que comer no Brasil quase dobra em dois anos. De 2020 para c\u00e1, o n\u00famero subiu de 19 para 33,1 milh\u00f5es de brasileiros com fome, de acordo com o 2\u00ba Inqu\u00e9rito Nacional sobre Inseguran\u00e7a Alimentar no Contexto da Pandemia da Covid-19 no Brasil, feito pela Rede Brasileira de Pesquisa em Soberania e Seguran\u00e7a Alimentar e Nutricional (Rede PENSSAN). Ao particularizar o caso para Santa Maria, as circunst\u00e2ncias n\u00e3o s\u00e3o diferentes: dados do Cad\u00danico revelam que, de 2021 para 2022, houve um aumento de 14,4% na popula\u00e7\u00e3o que aderiu ao Cadastro, resultando em mais de 66 mil santa-marienses. Esse instrumento de coleta de dados tem como objetivo identificar fam\u00edlias de baixa renda e as incluir em programas de assist\u00eancia social e de redistribui\u00e7\u00e3o de renda, servindo, assim, como um meio de analisar o crescimento da pobreza localmente.<\/p>\n\n\n\n<p>Em decorr\u00eancia disso, o Sinasefe aderiu ao projeto \u201cUFSM contra a fome\u201d, junto \u00e0s seguintes entidades: Sedufsm, Assufsm, Atens, DCE, APG, Observat\u00f3rio de Direitos Humanos da UFSM (ODH), Programa de Extens\u00e3o N\u00facleo Interdisciplinar de Intera\u00e7\u00e3o Jur\u00eddica Comunit\u00e1ria \u2013 Resid\u00eancia (NIJuC-R), Conselho de Seguran\u00e7a Alimentar e Nutricional (COMSEA-SM), Comit\u00ea de Emerg\u00eancia Ruas (CER- SM) e projeto de extens\u00e3o \u201cUfsm nas ruas\u201d, al\u00e9m da gest\u00e3o da UFSM.<\/p>\n\n\n\n<p>Como j\u00e1 dito, a campanha contar\u00e1 com mais de um ponto de coleta, vari\u00e1vel de acordo com o per\u00edodo. Confira abaixo as datas e os locais de arrecada\u00e7\u00e3o:&nbsp;<\/p>\n\n\n\n<p style=\"font-style:normal;font-weight:700\">29\/08 a 09\/09: Pr\u00e9dios da Reitoria e do Ip\u00ea Amarelo<\/p>\n\n\n\n<p style=\"font-style:normal;font-weight:700\">12\/09 a 16\/09: Col\u00e9gio Polit\u00e9cnico<\/p>\n\n\n\n<p style=\"font-style:normal;font-weight:700\">19\/09 a 30\/09: Centro de Tecnologia (CT)<\/p>\n\n\n\n<p style=\"font-style:normal;font-weight:700\">03\/10 a 14\/10: Centro de Ci\u00eancias Naturais e Exatas (CCNE)<\/p>\n\n\n\n<p style=\"font-style:normal;font-weight:700\">17\/10 a 28\/10: Centro de Educa\u00e7\u00e3o (CE)<\/p>\n\n\n\n<p style=\"font-style:normal;font-weight:700\">31\/10 a 11\/11: Centro de Ci\u00eancias da Sa\u00fade (CCS)<\/p>\n\n\n\n<p style=\"font-style:normal;font-weight:700\">14\/11 a 25\/11: Centro de Educa\u00e7\u00e3o F\u00edsica e Desportos (CEFD)<\/p>\n\n\n\n<p style=\"font-style:normal;font-weight:700\">28\/11 a 09\/12: Centro de Ci\u00eancias Sociais e Humanas (CCSH)<\/p>\n\n\n\n<p style=\"font-style:normal;font-weight:700\">12\/12 a 23\/12: Centro de Ci\u00eancias Rurais (CCR)<\/p>\n\n\n\n<p style=\"font-style:normal;font-weight:700\">02\/01 a 13\/01: Centro de Artes e Letras (CAL)<\/p>\n\n\n\n<p style=\"font-style:normal;font-weight:700\">16\/01 a 27\/01: Col\u00e9gio T\u00e9cnico Industrial (CTISM)<\/p>\n\n\n\n<p>Depois de serem arrecadados nos diversos pontos de coleta do <em>campus<\/em> sede, os alimentos ser\u00e3o agrupados pelo \u201cUFSM nas ruas\u201d que, posteriormente, os enviar\u00e1 ao COMSEA para ser feita a distribui\u00e7\u00e3o aos grupos componentes do Comit\u00ea de Emerg\u00eancia Ruas.<\/p>\n\n\n\n<p>Esta n\u00e3o \u00e9 a primeira a\u00e7\u00e3o do Sinasefe para combater a inseguran\u00e7a alimentar na cidade. Desde o in\u00edcio da pandemia, em 2020, a se\u00e7\u00e3o sindical j\u00e1 realiza uma parceria com o <a href=\"https:\/\/sinasefesm.com\/sinasefe-colabora-com-projeto-social-maos-unidas\/\">projeto M\u00e3os Unidas<\/a>, voltado \u00e0 entrega de marmitas a fam\u00edlias carentes do bairro Camobi.&nbsp;<\/p>\n\n\n\n<p>Contudo, o sindicato acredita que somente pol\u00edticas p\u00fablicas consistentes de combate \u00e0 pobreza e \u00e0s desigualdades sociais s\u00e3o capazes de erradicar a fome por completo. Por isso, seguimos na luta pela defesa dos direitos dos cidad\u00e3os!&nbsp;<\/p>\n\n\n\n<hr class=\"wp-block-separator has-alpha-channel-opacity\"\/>\n\n\n\n<p><em>Texto: Laurent Keller<\/em><\/p>\n\n\n\n<p><em>Imagem: Sedufsm<\/em><\/p>\n\n\n\n<p><em>Edi\u00e7\u00e3o: Bruna Homrich<\/em>&nbsp;<\/p>\n","protected":false},"excerpt":{"rendered":"<p>A partir da pr\u00f3xima segunda-feira, dia 29, a a\u00e7\u00e3o \u201cUFSM Contra a Fome\u201d come\u00e7ar\u00e1 a arrecadar alimentos n\u00e3o perec\u00edveis nos centros da Universidade. O projeto, que se estende at\u00e9 janeiro de 2023, pretende doar o que for arrecadado a fam\u00edlias em situa\u00e7\u00e3o de pobreza e fome, a fim de minimizar, ao menos momentaneamente, a ang\u00fastia<\/p>\n","protected":false},"author":5,"featured_media":5097,"comment_status":"closed","ping_status":"closed","sticky":false,"template":"","format":"standard","meta":{"footnotes":""},"categories":[41,42],"tags":[69,132,225],"class_list":{"0":"post-5096","1":"post","2":"type-post","3":"status-publish","4":"format-standard","5":"has-post-thumbnail","7":"category-movimento","8":"category-noticia","9":"tag-campanha-contra-a-fome","10":"tag-fome","11":"tag-ufsm"},"_links":{"self":[{"href":"https:\/\/sinasefesm.com\/index.php\/wp-json\/wp\/v2\/posts\/5096","targetHints":{"allow":["GET"]}}],"collection":[{"href":"https:\/\/sinasefesm.com\/index.php\/wp-json\/wp\/v2\/posts"}],"about":[{"href":"https:\/\/sinasefesm.com\/index.php\/wp-json\/wp\/v2\/types\/post"}],"author":[{"embeddable":true,"href":"https:\/\/sinasefesm.com\/index.php\/wp-json\/wp\/v2\/users\/5"}],"replies":[{"embeddable":true,"href":"https:\/\/sinasefesm.com\/index.php\/wp-json\/wp\/v2\/comments?post=5096"}],"version-history":[{"count":0,"href":"https:\/\/sinasefesm.com\/index.php\/wp-json\/wp\/v2\/posts\/5096\/revisions"}],"wp:featuredmedia":[{"embeddable":true,"href":"https:\/\/sinasefesm.com\/index.php\/wp-json\/wp\/v2\/media\/5097"}],"wp:attachment":[{"href":"https:\/\/sinasefesm.com\/index.php\/wp-json\/wp\/v2\/media?parent=5096"}],"wp:term":[{"taxonomy":"category","embeddable":true,"href":"https:\/\/sinasefesm.com\/index.php\/wp-json\/wp\/v2\/categories?post=5096"},{"taxonomy":"post_tag","embeddable":true,"href":"https:\/\/sinasefesm.com\/index.php\/wp-json\/wp\/v2\/tags?post=5096"}],"curies":[{"name":"wp","href":"https:\/\/api.w.org\/{rel}","templated":true}]}}