{"id":5101,"date":"2022-08-27T16:41:47","date_gmt":"2022-08-27T16:41:47","guid":{"rendered":"https:\/\/sinasefesm.com\/?p=5101"},"modified":"2022-08-27T16:41:47","modified_gmt":"2022-08-27T16:41:47","slug":"semana-encerrou-com-serie-de-reunioes-juridicas-promovidas-pelo-sinasefe-santa-maria","status":"publish","type":"post","link":"https:\/\/sinasefesm.com\/index.php\/2022\/08\/27\/semana-encerrou-com-serie-de-reunioes-juridicas-promovidas-pelo-sinasefe-santa-maria\/","title":{"rendered":"Semana encerrou com s\u00e9rie de reuni\u00f5es jur\u00eddicas promovidas pelo Sinasefe Santa Maria"},"content":{"rendered":"\n<p> No decorrer desta semana, o Sinasefe Santa Maria promoveu reuni\u00f5es de orienta\u00e7\u00e3o jur\u00eddica com as e os servidores do CTISM, Polit\u00e9cnico e Col\u00e9gio Militar de Santa Maria. Nos encontros, que tiveram a presen\u00e7a da assessoria jur\u00eddica da entidade, foram fornecidos esclarecimentos sobre tr\u00eas a\u00e7\u00f5es judiciais com decis\u00f5es favor\u00e1veis \u00e0 categoria.<\/p>\n\n\n\n<p>Na quarta-feira, 24, a reuni\u00e3o ocorreu com docentes e t\u00e9cnico-administrativos(as) em educa\u00e7\u00e3o do CTISM; na quinta, 25, com a base do Polit\u00e9cnico; e na sexta, 26, com as e os servidores do Col\u00e9gio Militar.<\/p>\n\n\n<div class=\"wp-block-image is-style-default\">\n<figure class=\"alignleft size-full\"><img fetchpriority=\"high\" decoding=\"async\" width=\"960\" height=\"1280\" src=\"https:\/\/sinasefesm.com\/wp-content\/uploads\/2022\/08\/WhatsApp-Image-2022-08-25-at-14.09.18.jpeg\" alt=\"\" class=\"wp-image-5103\" srcset=\"https:\/\/sinasefesm.com\/wp-content\/uploads\/2022\/08\/WhatsApp-Image-2022-08-25-at-14.09.18.jpeg 960w, https:\/\/sinasefesm.com\/wp-content\/uploads\/2022\/08\/WhatsApp-Image-2022-08-25-at-14.09.18-225x300.jpeg 225w, https:\/\/sinasefesm.com\/wp-content\/uploads\/2022\/08\/WhatsApp-Image-2022-08-25-at-14.09.18-768x1024.jpeg 768w, https:\/\/sinasefesm.com\/wp-content\/uploads\/2022\/08\/WhatsApp-Image-2022-08-25-at-14.09.18-150x200.jpeg 150w, https:\/\/sinasefesm.com\/wp-content\/uploads\/2022\/08\/WhatsApp-Image-2022-08-25-at-14.09.18-450x600.jpeg 450w\" sizes=\"(max-width: 960px) 100vw, 960px\" \/><figcaption>Reuni\u00e3o no Col\u00e9gio Polit\u00e9cnico<\/figcaption><\/figure><\/div>\n\n\n<p>Durante as atividades, foram dadas orienta\u00e7\u00f5es para aqueles e aquelas que se enquadrem como benefici\u00e1rios das a\u00e7\u00f5es vitoriosas e que devem juntar os documentos necess\u00e1rios ao in\u00edcio da execu\u00e7\u00e3o dos pagamentos. Se voc\u00ea n\u00e3o conseguiu comparecer \u00e0s reuni\u00f5es, pode contatar o sindicato atrav\u00e9s do telefone (55) 3222-8991 ou do email <a href=\"mailto:sinasefesm@gmail.com\">sinasefesm@gmail.com<\/a>, e agendar um hor\u00e1rio no plant\u00e3o jur\u00eddico para esclarecimentos.<\/p>\n\n\n\n<p>As a\u00e7\u00f5es que obtiveram decis\u00f5es judiciais favor\u00e1veis dizem respeito \u00e0 devolu\u00e7\u00e3o de imposto de renda e de contribui\u00e7\u00e3o previdenci\u00e1ria cobrados indevidamente. Ser\u00e3o beneficiados(as) servidores(as) ativos(as), aposentados(as) e pensionistas da Rede Federal de Educa\u00e7\u00e3o B\u00e1sica, Profissional e Tecnol\u00f3gica que:<\/p>\n\n\n\n<ol class=\"wp-block-list\" type=\"a\"><li><strong><em>Receberam aux\u00edlio pr\u00e9-escolar no per\u00edodo de mar\u00e7o de 2004 at\u00e9 mar\u00e7o de 2015.<\/em><\/strong><strong><em><br><\/em><\/strong><br>A referida a\u00e7\u00e3o coletiva trata da cobran\u00e7a indevida de IRPF sobre o aux\u00edlio pr\u00e9-escolar, para os servidores que receberam a referida rubrica entre os anos de 2004 at\u00e9 mar\u00e7o de 2015. Tais servidores t\u00eam direito \u00e0 devolu\u00e7\u00e3o do imposto de renda incidente sobre o aux\u00edlio. A a\u00e7\u00e3o beneficia servidores ativos, aposentados e pensionistas, desde que se enquadrem no direito.<br><br>b) <strong><em>Receberam pagamentos decorrentes de processos judiciais no per\u00edodo de junho de 2005 at\u00e9 atualmente, tendo ocorrido reten\u00e7\u00e3o de imposto de renda na fonte ou cobran\u00e7a de imposto de renda na declara\u00e7\u00e3o de ajuste anual.<\/em><\/strong><strong><em><br><br><\/em><\/strong>A a\u00e7\u00e3o coletiva trata da cobran\u00e7a indevida de Imposto de Renda sobre as a\u00e7\u00f5es judiciais desde 2005 at\u00e9 o presente momento. Essa an\u00e1lise demanda uma avalia\u00e7\u00e3o subjetiva das demandas recebidas e dos respectivos IR retidos, seja na fonte ou no ajuste anual. A demanda beneficia servidores ativos, aposentados ou pensionistas.<br><br><strong><em>c) Ingressaram no servi\u00e7o p\u00fablico at\u00e9 31 de dezembro de 2003 e recolheram contribui\u00e7\u00f5es previdenci\u00e1rias, a partir de mar\u00e7o de 2004, sobre parcelas que n\u00e3o s\u00e3o recebidas na aposentadoria desde mar\u00e7o de 2004 at\u00e9 atualmente.<br><br><\/em><\/strong><\/li><\/ol>\n\n\n\n<p>Trata de devolu\u00e7\u00e3o de contribui\u00e7\u00e3o previdenci\u00e1ria cobrada indevidamente, sobre parcelas n\u00e3o incorpor\u00e1veis ou n\u00e3o incorporadas aos proventos de aposentadoria, ou seja, exa\u00e7\u00e3o indevida sobre parcelas que n\u00e3o s\u00e3o recebidas na composi\u00e7\u00e3o dos proventos de aposentadoria, tais como: horas extras, adicional noturno, adicional de insalubridade, aux\u00edlio funeral, natalidade e de sobreaviso, ter\u00e7o de f\u00e9rias, dentre outras&#8230;<br>Est\u00e3o inclu\u00eddos servidores ativos, aposentados ou pensionistas que ingressaram no servi\u00e7o p\u00fablico at\u00e9 31 de dezembro de 2003.<\/p>\n","protected":false},"excerpt":{"rendered":"<p>No decorrer desta semana, o Sinasefe Santa Maria promoveu reuni\u00f5es de orienta\u00e7\u00e3o jur\u00eddica com as e os servidores do CTISM, Polit\u00e9cnico e Col\u00e9gio Militar de Santa Maria. Nos encontros, que tiveram a presen\u00e7a da assessoria jur\u00eddica da entidade, foram fornecidos esclarecimentos sobre tr\u00eas a\u00e7\u00f5es judiciais com decis\u00f5es favor\u00e1veis \u00e0 categoria. Na quarta-feira, 24, a reuni\u00e3o<\/p>\n","protected":false},"author":3,"featured_media":5106,"comment_status":"closed","ping_status":"closed","sticky":false,"template":"","format":"standard","meta":{"footnotes":""},"categories":[37,42,45],"tags":[],"class_list":{"0":"post-5101","1":"post","2":"type-post","3":"status-publish","4":"format-standard","5":"has-post-thumbnail","7":"category-destaque","8":"category-noticia","9":"category-sindicato"},"_links":{"self":[{"href":"https:\/\/sinasefesm.com\/index.php\/wp-json\/wp\/v2\/posts\/5101","targetHints":{"allow":["GET"]}}],"collection":[{"href":"https:\/\/sinasefesm.com\/index.php\/wp-json\/wp\/v2\/posts"}],"about":[{"href":"https:\/\/sinasefesm.com\/index.php\/wp-json\/wp\/v2\/types\/post"}],"author":[{"embeddable":true,"href":"https:\/\/sinasefesm.com\/index.php\/wp-json\/wp\/v2\/users\/3"}],"replies":[{"embeddable":true,"href":"https:\/\/sinasefesm.com\/index.php\/wp-json\/wp\/v2\/comments?post=5101"}],"version-history":[{"count":0,"href":"https:\/\/sinasefesm.com\/index.php\/wp-json\/wp\/v2\/posts\/5101\/revisions"}],"wp:featuredmedia":[{"embeddable":true,"href":"https:\/\/sinasefesm.com\/index.php\/wp-json\/wp\/v2\/media\/5106"}],"wp:attachment":[{"href":"https:\/\/sinasefesm.com\/index.php\/wp-json\/wp\/v2\/media?parent=5101"}],"wp:term":[{"taxonomy":"category","embeddable":true,"href":"https:\/\/sinasefesm.com\/index.php\/wp-json\/wp\/v2\/categories?post=5101"},{"taxonomy":"post_tag","embeddable":true,"href":"https:\/\/sinasefesm.com\/index.php\/wp-json\/wp\/v2\/tags?post=5101"}],"curies":[{"name":"wp","href":"https:\/\/api.w.org\/{rel}","templated":true}]}}