{"id":5108,"date":"2022-09-02T01:00:24","date_gmt":"2022-09-02T01:00:24","guid":{"rendered":"https:\/\/sinasefesm.com\/?p=5108"},"modified":"2022-09-02T01:00:24","modified_gmt":"2022-09-02T01:00:24","slug":"assembleia-geral-extraordinaria-define-delegados-a-176a-plenaria-nacional-do-sinasefe","status":"publish","type":"post","link":"https:\/\/sinasefesm.com\/index.php\/2022\/09\/02\/assembleia-geral-extraordinaria-define-delegados-a-176a-plenaria-nacional-do-sinasefe\/","title":{"rendered":"Assembleia Geral define delegados \u00e0 176\u00aa Plen\u00e1ria Nacional do Sinasefe"},"content":{"rendered":"\n<p>Na \u00faltima ter\u00e7a-feira, 30 de agosto, o Sinasefe de Santa Maria escolheu os delegados e seus respectivos suplentes que representar\u00e3o a se\u00e7\u00e3o sindical na pr\u00f3xima Plen\u00e1ria Nacional, marcada para acontecer dia 3 de setembro, virtualmente. Como titulares, foram escolhidos os seguintes nomes: Ad\u00e3o Damasceno, Secret\u00e1rio de Carreira e de Rela\u00e7\u00e3o de Trabalho, e Eduardo Oliveira, filiado ao sindicato e docente do Col\u00e9gio Militar de Santa Maria (CMSM).<\/p>\n\n\n\n<p>Para substituir os delegados, caso seja necess\u00e1rio, foram elencadas: Miriane Fonseca, Coordenadora Geral, como suplente de Damasceno; e Deise Mack, filiada ao Sinasefe e docente do CMSM, como suplente de Oliveira.<\/p>\n\n\n\n<p><strong>176\u00aa Plen\u00e1ria Nacional<\/strong><strong>&nbsp;<\/strong><\/p>\n\n\n\n<p>A Plen\u00e1ria do pr\u00f3ximo s\u00e1bado ter\u00e1 como foco principal discutir a conjuntura pol\u00edtica nacional, perpassando por temas como a Campanha Salarial de 2022 do Fonasefe, a luta para que a Lei Or\u00e7ament\u00e1ria Anual (LOA) de 2023 inclua a recomposi\u00e7\u00e3o salarial, a implementa\u00e7\u00e3o do teletrabalho na educa\u00e7\u00e3o federal, e a defesa da candidatura de Lula e do Fora Bolsonaro nas elei\u00e7\u00f5es, que ocorrer\u00e3o em outubro.<\/p>\n\n\n\n<p><strong>Programa\u00e7\u00e3o do evento<\/strong><\/p>\n\n\n\n<p>08:00 \u00e0s 12:00: Credenciamento<\/p>\n\n\n\n<p>08:00 \u00e0s 09:00: Informes da DN<\/p>\n\n\n\n<p>09:00 \u00e0s 10:30: Informes das se\u00e7\u00f5es sindicais<\/p>\n\n\n\n<p>10:30 \u00e0s 11:00: Medida Provis\u00f3ria n\u00ba 1122\/2022<\/p>\n\n\n\n<p>11:00 \u00e0s 12:30: Eleger Lula para derrotar Bolsonaro<\/p>\n\n\n\n<p>12:30 \u00e0s 13:30: Almo\u00e7o<\/p>\n\n\n\n<p>13:30 \u00e0s 16:00: Teletrabalho e Defesa da Educa\u00e7\u00e3o P\u00fablica Federal<\/p>\n\n\n\n<p>16:00 \u00e0s 17:30: Encontro Regionais<\/p>\n\n\n\n<p>17:30 \u00e0s 18:30: Encaminhamentos<\/p>\n\n\n\n<p>18:30 \u00e0s 19:00: Encerramento<\/p>\n\n\n\n<p>Para conferir demais informa\u00e7\u00f5es a respeito da Plen\u00e1ria, acesse o <a href=\"https:\/\/sinasefe.org.br\/site\/176a-plena-sera-realizada-em-03-09-de-modo-virtual\/\">site Nacional do Sinasefe<\/a>.<\/p>\n\n\n\n<p><em>Texto: Laurent Keller&nbsp;<\/em><\/p>\n\n\n\n<p><em>Edi\u00e7\u00e3o: Bruna Homrich<\/em><\/p>\n","protected":false},"excerpt":{"rendered":"<p>Na \u00faltima ter\u00e7a-feira, 30 de agosto, o Sinasefe de Santa Maria escolheu os delegados e seus respectivos suplentes que representar\u00e3o a se\u00e7\u00e3o sindical na pr\u00f3xima Plen\u00e1ria Nacional, marcada para acontecer dia 3 de setembro, virtualmente. Como titulares, foram escolhidos os seguintes nomes: Ad\u00e3o Damasceno, Secret\u00e1rio de Carreira e de Rela\u00e7\u00e3o de Trabalho, e Eduardo Oliveira,<\/p>\n","protected":false},"author":3,"featured_media":5109,"comment_status":"closed","ping_status":"closed","sticky":false,"template":"","format":"standard","meta":{"footnotes":""},"categories":[37,42,45],"tags":[],"class_list":{"0":"post-5108","1":"post","2":"type-post","3":"status-publish","4":"format-standard","5":"has-post-thumbnail","7":"category-destaque","8":"category-noticia","9":"category-sindicato"},"_links":{"self":[{"href":"https:\/\/sinasefesm.com\/index.php\/wp-json\/wp\/v2\/posts\/5108","targetHints":{"allow":["GET"]}}],"collection":[{"href":"https:\/\/sinasefesm.com\/index.php\/wp-json\/wp\/v2\/posts"}],"about":[{"href":"https:\/\/sinasefesm.com\/index.php\/wp-json\/wp\/v2\/types\/post"}],"author":[{"embeddable":true,"href":"https:\/\/sinasefesm.com\/index.php\/wp-json\/wp\/v2\/users\/3"}],"replies":[{"embeddable":true,"href":"https:\/\/sinasefesm.com\/index.php\/wp-json\/wp\/v2\/comments?post=5108"}],"version-history":[{"count":0,"href":"https:\/\/sinasefesm.com\/index.php\/wp-json\/wp\/v2\/posts\/5108\/revisions"}],"wp:featuredmedia":[{"embeddable":true,"href":"https:\/\/sinasefesm.com\/index.php\/wp-json\/wp\/v2\/media\/5109"}],"wp:attachment":[{"href":"https:\/\/sinasefesm.com\/index.php\/wp-json\/wp\/v2\/media?parent=5108"}],"wp:term":[{"taxonomy":"category","embeddable":true,"href":"https:\/\/sinasefesm.com\/index.php\/wp-json\/wp\/v2\/categories?post=5108"},{"taxonomy":"post_tag","embeddable":true,"href":"https:\/\/sinasefesm.com\/index.php\/wp-json\/wp\/v2\/tags?post=5108"}],"curies":[{"name":"wp","href":"https:\/\/api.w.org\/{rel}","templated":true}]}}