{"id":5119,"date":"2022-09-10T17:14:38","date_gmt":"2022-09-10T17:14:38","guid":{"rendered":"https:\/\/sinasefesm.com\/?p=5119"},"modified":"2022-09-10T17:14:38","modified_gmt":"2022-09-10T17:14:38","slug":"assine-aqui-a-carta-as-brasileiras-e-aos-brasileiros-em-defesa-do-servico-das-servidoras-e-servidores-publicos","status":"publish","type":"post","link":"https:\/\/sinasefesm.com\/index.php\/2022\/09\/10\/assine-aqui-a-carta-as-brasileiras-e-aos-brasileiros-em-defesa-do-servico-das-servidoras-e-servidores-publicos\/","title":{"rendered":"Assine aqui a carta \u00e0s brasileiras e aos brasileiros em defesa do servi\u00e7o, das servidoras e servidores p\u00fablicos"},"content":{"rendered":"\n<p>Lan\u00e7ada ao final de agosto pelo Fonasefe, a carta em defesa do funcionalismo p\u00fablico brasileiro ressalta a import\u00e2ncia das funcion\u00e1rias e dos funcion\u00e1rios federais na garantia de direitos sociais para a sociedade, os quais o governo vigente insiste constantemente em degradar. Com o intuito de ampliar a divulga\u00e7\u00e3o do documento, ele deve ser lido nas unidades de trabalho do servi\u00e7o federal de todo pa\u00eds, dia 14 de setembro.<\/p>\n\n\n\n<p>O Sinasefe de Santa Maria convoca seus(as) sindicalizados(as), bem como os demais cidad\u00e3os(\u00e3s) que queiram contribuir com a luta sindical, a assinarem a carta, que pode ser acessada <a href=\"https:\/\/fonasefe.org\/carta-as-brasileiras-e-aos-brasileiros-em-defesa-do-servico-das-servidoras-e-servidores-publicos\">aqui<\/a>. Afinal, \u00e9 somente por meio do empenho popular que conseguiremos manter nossos direitos!&nbsp;<\/p>\n\n\n\n<p>E \u00e9 fundamental que toda sociedade brasileira defenda o servi\u00e7o p\u00fablico, haja vista que, como dito na pr\u00f3pria carta, \u00e9 por meio dele<em> \u2018\u2019que sa\u00fade, educa\u00e7\u00e3o, previd\u00eancia, assist\u00eancia social, moradia, seguran\u00e7a e tantas outras necessidades da classe trabalhadora e do povo pobre se tornam direitos conquistados\u2019\u2019.<\/em><\/p>\n\n\n\n<p>Abaixo, confira a \u00edntegra da Carta, ou ent\u00e3o assista ao v\u00eddeo da leitura do documento, em que o Sinasefe est\u00e1 representado por Elenira Vilela e David Lob\u00e3o, ambos Coordenadores Gerais do sindicato.<\/p>\n\n\n\n<figure class=\"wp-block-image size-full\"><img fetchpriority=\"high\" decoding=\"async\" width=\"1183\" height=\"1657\" src=\"https:\/\/sinasefesm.com\/wp-content\/uploads\/2022\/09\/98539.jpg\" alt=\"\" class=\"wp-image-5120\" srcset=\"https:\/\/sinasefesm.com\/wp-content\/uploads\/2022\/09\/98539.jpg 1183w, https:\/\/sinasefesm.com\/wp-content\/uploads\/2022\/09\/98539-214x300.jpg 214w, https:\/\/sinasefesm.com\/wp-content\/uploads\/2022\/09\/98539-731x1024.jpg 731w, https:\/\/sinasefesm.com\/wp-content\/uploads\/2022\/09\/98539-768x1076.jpg 768w, https:\/\/sinasefesm.com\/wp-content\/uploads\/2022\/09\/98539-1097x1536.jpg 1097w, https:\/\/sinasefesm.com\/wp-content\/uploads\/2022\/09\/98539-150x210.jpg 150w, https:\/\/sinasefesm.com\/wp-content\/uploads\/2022\/09\/98539-450x630.jpg 450w\" sizes=\"(max-width: 1183px) 100vw, 1183px\" \/><\/figure>\n\n\n\n<p><\/p>\n\n\n\n<p>Assista ao v\u00eddeo produzido pelo Fonasefe:<\/p>\n\n\n\n<figure class=\"wp-block-embed is-type-video is-provider-youtube wp-block-embed-youtube wp-embed-aspect-16-9 wp-has-aspect-ratio\"><div class=\"wp-block-embed__wrapper\">\n<iframe title=\"Carta \u00e0s Brasileiras e aos Brasileiros em defesa do Servi\u00e7o, das Servidoras e Servidores P\u00fablicos\" width=\"768\" height=\"432\" src=\"https:\/\/www.youtube.com\/embed\/U6K6a47NfDc?feature=oembed\" frameborder=\"0\" allow=\"accelerometer; autoplay; clipboard-write; encrypted-media; gyroscope; picture-in-picture; web-share\" referrerpolicy=\"strict-origin-when-cross-origin\" allowfullscreen><\/iframe>\n<\/div><\/figure>\n\n\n\n<hr class=\"wp-block-separator has-alpha-channel-opacity\"\/>\n\n\n\n<p><em>Texto: Laurent Keller<\/em><\/p>\n\n\n\n<p><em>Imagens: Sinasefe Nacional&nbsp;<\/em><\/p>\n\n\n\n<p><em>V\u00eddeo: Fonasefe<\/em><\/p>\n\n\n\n<p><em>Edi\u00e7\u00e3o: Bruna Homrich<\/em><\/p>\n","protected":false},"excerpt":{"rendered":"<p>Lan\u00e7ada ao final de agosto pelo Fonasefe, a carta em defesa do funcionalismo p\u00fablico brasileiro ressalta a import\u00e2ncia das funcion\u00e1rias e dos funcion\u00e1rios federais na garantia de direitos sociais para a sociedade, os quais o governo vigente insiste constantemente em degradar. Com o intuito de ampliar a divulga\u00e7\u00e3o do documento, ele deve ser lido nas<\/p>\n","protected":false},"author":5,"featured_media":5121,"comment_status":"closed","ping_status":"closed","sticky":false,"template":"","format":"standard","meta":{"footnotes":""},"categories":[41,42],"tags":[78,213],"class_list":{"0":"post-5119","1":"post","2":"type-post","3":"status-publish","4":"format-standard","5":"has-post-thumbnail","7":"category-movimento","8":"category-noticia","9":"tag-carta-em-defesa-do-servico-publico","10":"tag-servico-publico"},"_links":{"self":[{"href":"https:\/\/sinasefesm.com\/index.php\/wp-json\/wp\/v2\/posts\/5119","targetHints":{"allow":["GET"]}}],"collection":[{"href":"https:\/\/sinasefesm.com\/index.php\/wp-json\/wp\/v2\/posts"}],"about":[{"href":"https:\/\/sinasefesm.com\/index.php\/wp-json\/wp\/v2\/types\/post"}],"author":[{"embeddable":true,"href":"https:\/\/sinasefesm.com\/index.php\/wp-json\/wp\/v2\/users\/5"}],"replies":[{"embeddable":true,"href":"https:\/\/sinasefesm.com\/index.php\/wp-json\/wp\/v2\/comments?post=5119"}],"version-history":[{"count":0,"href":"https:\/\/sinasefesm.com\/index.php\/wp-json\/wp\/v2\/posts\/5119\/revisions"}],"wp:featuredmedia":[{"embeddable":true,"href":"https:\/\/sinasefesm.com\/index.php\/wp-json\/wp\/v2\/media\/5121"}],"wp:attachment":[{"href":"https:\/\/sinasefesm.com\/index.php\/wp-json\/wp\/v2\/media?parent=5119"}],"wp:term":[{"taxonomy":"category","embeddable":true,"href":"https:\/\/sinasefesm.com\/index.php\/wp-json\/wp\/v2\/categories?post=5119"},{"taxonomy":"post_tag","embeddable":true,"href":"https:\/\/sinasefesm.com\/index.php\/wp-json\/wp\/v2\/tags?post=5119"}],"curies":[{"name":"wp","href":"https:\/\/api.w.org\/{rel}","templated":true}]}}