{"id":5138,"date":"2022-09-19T15:22:44","date_gmt":"2022-09-19T15:22:44","guid":{"rendered":"https:\/\/sinasefesm.com\/?p=5138"},"modified":"2022-09-19T15:22:44","modified_gmt":"2022-09-19T15:22:44","slug":"sinasefe-santa-maria-lanca-documentario-que-resgata-historia-da-entidade","status":"publish","type":"post","link":"https:\/\/sinasefesm.com\/index.php\/2022\/09\/19\/sinasefe-santa-maria-lanca-documentario-que-resgata-historia-da-entidade\/","title":{"rendered":"Sinasefe Santa Maria lan\u00e7a document\u00e1rio que resgata hist\u00f3ria da entidade"},"content":{"rendered":"\n<p>A partir desta segunda-feira, 19 de setembro, est\u00e1 no ar o document\u00e1rio <strong>\u201cSinasefe Santa Maria: uma hist\u00f3ria de luta em defesa da educa\u00e7\u00e3o e dos direitos da categoria\u201d<\/strong>. Composto por quase 20 minutos de relatos, o material reconstr\u00f3i, na voz de figuras fundacionais e atuais dirigentes, a trajet\u00f3ria da se\u00e7\u00e3o sindical, que se confunde, em diversos momentos, com a hist\u00f3ria do pr\u00f3prio funcionalismo p\u00fablico e das lutas pelo direito de sindicaliza\u00e7\u00e3o e de greve.<\/p>\n\n\n\n<p>As tr\u00eas vozes que funcionam como fio condutor do document\u00e1rio s\u00e3o as de Milton Ferrari e Miriane Fonseca, atuais coordenadores gerais do Sinasefe Santa Maria, e de Claudio do Nascimento, atual Secret\u00e1rio dos Aposentados.<\/p>\n\n\n\n<p>A parte I do material leva o t\u00edtulo de <strong>\u201cSinasefe: Do direito de greve \u00e0 constitui\u00e7\u00e3o do sindicato\u201d<\/strong> e rememora a articula\u00e7\u00e3o das servidoras e servidores do antigo Col\u00e9gio Agr\u00edcola (hoje Polit\u00e9cnico) e do Col\u00e9gio T\u00e9cnico Industrial (Ctism) para organizarem a primeira dire\u00e7\u00e3o sindical, ainda no ano de 1990.<\/p>\n\n\n\n<p>Ferrari lembra que, antes da aprova\u00e7\u00e3o da Constitui\u00e7\u00e3o de 1988, s\u00f3 era permitido que as e os servidores se organizassem em entidades de car\u00e1ter beneficente e associativo, sendo vedada a organiza\u00e7\u00e3o do funcionalismo p\u00fablico em entidades sindicais.<\/p>\n\n\n\n<p>\u201cQuando a Constitui\u00e7\u00e3o foi promulgada, em 5 de outubro de 1988, foi uma corrida para organizar os sindicatos. Em dezembro de 1990, os professores do antigo Col\u00e9gio Agr\u00edcola da UFSM e do Col\u00e9gio T\u00e9cnico Industrial organizaram-se e criaram uma dire\u00e7\u00e3o provis\u00f3ria, em 6 de dezembro de 1990. Foi uma hist\u00f3ria rica em luta e dedica\u00e7\u00e3o. Uma hist\u00f3ria que vale a pena ser contada\u201d, diz Ferrari.<\/p>\n\n\n\n<p>Tendo assumido, naquela primeira diretoria, a fun\u00e7\u00e3o de secret\u00e1rio \u2013 ao lado de outros nomes fundacionais do Sinasefe Santa Maria, como os professores Ivo Bolzan, Cl\u00e1udio C\u00edrio e Jo\u00e3o Manoel Rorato -, Cl\u00e1udio do Nascimento tamb\u00e9m refor\u00e7a a centralidade das mobiliza\u00e7\u00f5es da d\u00e9cada de 1980, marcada pela redemocratiza\u00e7\u00e3o e pela Constitui\u00e7\u00e3o, e do descortinar dos anos 90.<\/p>\n\n\n\n<blockquote class=\"wp-block-quote is-layout-flow wp-block-quote-is-layout-flow\"><p>\u201cCada vez que n\u00f3s avan\u00e7amos enquanto sindicato, transformando a realidade das pessoas, n\u00f3s avan\u00e7amos no sentido de que a sociedade esteja melhor informada, formada e recebendo uma educa\u00e7\u00e3o p\u00fablica e de qualidade\u201d, comenta o dirigente do Sinasefe Santa Maria.<\/p><\/blockquote>\n\n\n\n<p>J\u00e1 a parte II do document\u00e1rio, intitulada <strong>\u201cFortalecer o sindicato \u00e9 um exerc\u00edcio de cidadania\u201d<\/strong>, pontua algumas das principais bandeiras defendidas pelo Sinasefe e destaca a import\u00e2ncia da sindicaliza\u00e7\u00e3o para a defesa dos direitos dos docentes e t\u00e9cnico-administrativos da Rede Federal de Educa\u00e7\u00e3o.<\/p>\n\n\n\n<p>\u201cPasso conversando com os colegas sobre a import\u00e2ncia de pertencer a um sindicato. O sindicato \u00e9 agregador e nos representa como entidade. H\u00e1 muitos anos n\u00e3o temos reposi\u00e7\u00e3o salarial e essa \u00e9 uma bandeira muito forte nossa. Mas tamb\u00e9m estamos junto com os colegas nas quest\u00f5es que afetam o mundo do trabalho. Ent\u00e3o o sindicato \u00e9 muito mais que defender as quest\u00f5es salariais. Acredito que pertencer a uma categoria e defende-la \u00e9 uma forma de exerc\u00edcio da cidadania\u201d, partilha Miriane Foneca.<\/p>\n\n\n\n<p>Assista o document\u00e1rio na \u00edntegra abaixo ou no <a href=\"https:\/\/www.youtube.com\/channel\/UCK_f_BROB-ZwDDyg8H3VTRA\" data-type=\"URL\" data-id=\"https:\/\/www.youtube.com\/channel\/UCK_f_BROB-ZwDDyg8H3VTRA\" target=\"_blank\" rel=\"noreferrer noopener\">canal de Youtube do Sinasefe Santa Maria<\/a>.<\/p>\n\n\n\n<figure class=\"wp-block-embed is-type-video is-provider-youtube wp-block-embed-youtube wp-embed-aspect-16-9 wp-has-aspect-ratio\"><div class=\"wp-block-embed__wrapper\">\n<iframe title=\"Sinasefe Santa Maria: uma trajet\u00f3ria de luta em defesa da educa\u00e7\u00e3o e dos direitos da categoria\" width=\"768\" height=\"432\" src=\"https:\/\/www.youtube.com\/embed\/cJMPKicxLSU?feature=oembed\" frameborder=\"0\" allow=\"accelerometer; autoplay; clipboard-write; encrypted-media; gyroscope; picture-in-picture; web-share\" referrerpolicy=\"strict-origin-when-cross-origin\" allowfullscreen><\/iframe>\n<\/div><\/figure>\n","protected":false},"excerpt":{"rendered":"<p>A partir desta segunda-feira, 19 de setembro, est\u00e1 no ar o document\u00e1rio \u201cSinasefe Santa Maria: uma hist\u00f3ria de luta em defesa da educa\u00e7\u00e3o e dos direitos da categoria\u201d. Composto por quase 20 minutos de relatos, o material reconstr\u00f3i, na voz de figuras fundacionais e atuais dirigentes, a trajet\u00f3ria da se\u00e7\u00e3o sindical, que se confunde, em<\/p>\n","protected":false},"author":3,"featured_media":5147,"comment_status":"closed","ping_status":"closed","sticky":false,"template":"","format":"standard","meta":{"footnotes":""},"categories":[37,42,45],"tags":[],"class_list":{"0":"post-5138","1":"post","2":"type-post","3":"status-publish","4":"format-standard","5":"has-post-thumbnail","7":"category-destaque","8":"category-noticia","9":"category-sindicato"},"_links":{"self":[{"href":"https:\/\/sinasefesm.com\/index.php\/wp-json\/wp\/v2\/posts\/5138","targetHints":{"allow":["GET"]}}],"collection":[{"href":"https:\/\/sinasefesm.com\/index.php\/wp-json\/wp\/v2\/posts"}],"about":[{"href":"https:\/\/sinasefesm.com\/index.php\/wp-json\/wp\/v2\/types\/post"}],"author":[{"embeddable":true,"href":"https:\/\/sinasefesm.com\/index.php\/wp-json\/wp\/v2\/users\/3"}],"replies":[{"embeddable":true,"href":"https:\/\/sinasefesm.com\/index.php\/wp-json\/wp\/v2\/comments?post=5138"}],"version-history":[{"count":0,"href":"https:\/\/sinasefesm.com\/index.php\/wp-json\/wp\/v2\/posts\/5138\/revisions"}],"wp:featuredmedia":[{"embeddable":true,"href":"https:\/\/sinasefesm.com\/index.php\/wp-json\/wp\/v2\/media\/5147"}],"wp:attachment":[{"href":"https:\/\/sinasefesm.com\/index.php\/wp-json\/wp\/v2\/media?parent=5138"}],"wp:term":[{"taxonomy":"category","embeddable":true,"href":"https:\/\/sinasefesm.com\/index.php\/wp-json\/wp\/v2\/categories?post=5138"},{"taxonomy":"post_tag","embeddable":true,"href":"https:\/\/sinasefesm.com\/index.php\/wp-json\/wp\/v2\/tags?post=5138"}],"curies":[{"name":"wp","href":"https:\/\/api.w.org\/{rel}","templated":true}]}}