{"id":5149,"date":"2022-09-21T12:08:59","date_gmt":"2022-09-21T12:08:59","guid":{"rendered":"https:\/\/sinasefesm.com\/?p=5149"},"modified":"2022-09-21T12:08:59","modified_gmt":"2022-09-21T12:08:59","slug":"assembleia-geral-extraordinaria-definira-representantes-do-sinasefe-que-participarao-do-14-escime","status":"publish","type":"post","link":"https:\/\/sinasefesm.com\/index.php\/2022\/09\/21\/assembleia-geral-extraordinaria-definira-representantes-do-sinasefe-que-participarao-do-14-escime\/","title":{"rendered":"Assembleia Geral Extraordin\u00e1ria definir\u00e1 representantes do Sinasefe que participar\u00e3o do 14\u00b0 ESCIME"},"content":{"rendered":"\n<p>Nesta sexta-feira, dia 23, o Sinasefe de Santa Maria realizar\u00e1 uma Assembleia Geral Extraordin\u00e1ria na sede do sindicato com o intuito de escolher representantes da se\u00e7\u00e3o sindical que participar\u00e3o do 14\u00b0 Encontro dos Servidores Civis das Institui\u00e7\u00f5es de Ensino Vinculadas ao Minist\u00e9rio da Defesa (ESCIME). O Encontro est\u00e1 marcado para ocorrer em Fortaleza-CE no m\u00eas de novembro.<\/p>\n\n\n\n<p>A Assembleia acontecer\u00e1 de modo presencial no centro da cidade, na Avenida Rio Branco 601, sala 01\/02, com primeira chamada \u00e0s 14h30 e segunda \u00e0s 14h45. A atividade \u00e9 aberta a todos(as) filiados e filiadas do sindicato, e n\u00e3o \u00e9 necess\u00e1rio realizar inscri\u00e7\u00e3o pr\u00e9via.<\/p>\n\n\n\n<p><strong>14\u00b0 ESCIME<\/strong><\/p>\n\n\n\n<p>O Encontro, que acontecer\u00e1 do dia 25 a 27 de novembro deste ano na capital cearense, \u00e9 um dos eventos mais tradicionais do Sinasefe, e n\u00e3o promove nova edi\u00e7\u00e3o desde 2019, em decorr\u00eancia da pandemia de Covid-19, propagada no in\u00edcio de 2020.&nbsp;<\/p>\n\n\n\n<p>Com o intuito de fortalecer a organiza\u00e7\u00e3o sindical, o ESCIME \u00e9 voltado para servidores e servidoras civis das escolas militares da Rede Federal de Educa\u00e7\u00e3o, que pertencem \u00e0 base do sindicato.&nbsp;<\/p>\n\n\n\n<p>Outras informa\u00e7\u00f5es a respeito do 14\u00b0 ESCIME, como programa\u00e7\u00e3o e local, ser\u00e3o divulgadas futuramente no<a href=\"https:\/\/sinasefe.org.br\/site\/\"> site nacional <\/a>do Sinasefe.<\/p>\n\n\n\n<hr class=\"wp-block-separator has-alpha-channel-opacity\"\/>\n\n\n\n<p><em>Texto: Laurent Keller<\/em><\/p>\n\n\n\n<p><em>Imagem: Xain\u00e3 Pitaguary<\/em><\/p>\n\n\n\n<p><em>Edi\u00e7\u00e3o: Bruna Homrich&nbsp;<\/em><\/p>\n\n\n\n<p><\/p>\n","protected":false},"excerpt":{"rendered":"<p>Nesta sexta-feira, dia 23, o Sinasefe de Santa Maria realizar\u00e1 uma Assembleia Geral Extraordin\u00e1ria na sede do sindicato com o intuito de escolher representantes da se\u00e7\u00e3o sindical que participar\u00e3o do 14\u00b0 Encontro dos Servidores Civis das Institui\u00e7\u00f5es de Ensino Vinculadas ao Minist\u00e9rio da Defesa (ESCIME). O Encontro est\u00e1 marcado para ocorrer em Fortaleza-CE no m\u00eas<\/p>\n","protected":false},"author":5,"featured_media":5150,"comment_status":"closed","ping_status":"closed","sticky":false,"template":"","format":"standard","meta":{"footnotes":""},"categories":[39],"tags":[59,126],"class_list":{"0":"post-5149","1":"post","2":"type-post","3":"status-publish","4":"format-standard","5":"has-post-thumbnail","7":"category-eventos","8":"tag-assembleia","9":"tag-escime"},"_links":{"self":[{"href":"https:\/\/sinasefesm.com\/index.php\/wp-json\/wp\/v2\/posts\/5149","targetHints":{"allow":["GET"]}}],"collection":[{"href":"https:\/\/sinasefesm.com\/index.php\/wp-json\/wp\/v2\/posts"}],"about":[{"href":"https:\/\/sinasefesm.com\/index.php\/wp-json\/wp\/v2\/types\/post"}],"author":[{"embeddable":true,"href":"https:\/\/sinasefesm.com\/index.php\/wp-json\/wp\/v2\/users\/5"}],"replies":[{"embeddable":true,"href":"https:\/\/sinasefesm.com\/index.php\/wp-json\/wp\/v2\/comments?post=5149"}],"version-history":[{"count":0,"href":"https:\/\/sinasefesm.com\/index.php\/wp-json\/wp\/v2\/posts\/5149\/revisions"}],"wp:featuredmedia":[{"embeddable":true,"href":"https:\/\/sinasefesm.com\/index.php\/wp-json\/wp\/v2\/media\/5150"}],"wp:attachment":[{"href":"https:\/\/sinasefesm.com\/index.php\/wp-json\/wp\/v2\/media?parent=5149"}],"wp:term":[{"taxonomy":"category","embeddable":true,"href":"https:\/\/sinasefesm.com\/index.php\/wp-json\/wp\/v2\/categories?post=5149"},{"taxonomy":"post_tag","embeddable":true,"href":"https:\/\/sinasefesm.com\/index.php\/wp-json\/wp\/v2\/tags?post=5149"}],"curies":[{"name":"wp","href":"https:\/\/api.w.org\/{rel}","templated":true}]}}