{"id":5152,"date":"2022-09-24T18:42:46","date_gmt":"2022-09-24T18:42:46","guid":{"rendered":"https:\/\/sinasefesm.com\/?p=5152"},"modified":"2022-09-24T18:42:46","modified_gmt":"2022-09-24T18:42:46","slug":"o-respeito-ao-voto-popular-e-tema-de-palestra-promovida-por-entidades-representativas","status":"publish","type":"post","link":"https:\/\/sinasefesm.com\/index.php\/2022\/09\/24\/o-respeito-ao-voto-popular-e-tema-de-palestra-promovida-por-entidades-representativas\/","title":{"rendered":"O respeito ao voto popular \u00e9 tema de palestra promovida por entidades representativas"},"content":{"rendered":"\n<p>Na \u00faltima quinta-feira, 22 de setembro, o audit\u00f3rio da Sedufsm sediou o terceiro encontro do Grupo Pr\u00e1xis, intitulado \u2018\u2019Por democracia e direitos sociais: o respeito ao voto popular\u2019\u2019. Em conjunto com as demais entidades representativas, como o Sinasefe, o coletivo Pr\u00e1xis, formado por estudantes, docentes e t\u00e9cnico-administrativos da \u00e1rea de educa\u00e7\u00e3o, promoveu a palestra com o intuito de fortalecer as pr\u00e1ticas democr\u00e1ticas que, a menos de duas semanas das elei\u00e7\u00f5es, encontram-se amea\u00e7adas pelo governo vigente.<\/p>\n\n\n\n<p>Para agregar \u00e0 conversa, foram convidados como palestrantes o diretor do Sindicato dos Trabalhadores da Justi\u00e7a Federal (Sintrajufe\/RS) e da Central \u00danica dos Trabalhadores (CUT\/RS), Marcelo Carlini, e a professora do departamento de Direito da UFSM, Bia Oliveira. Al\u00e9m do debate, houve tamb\u00e9m uma apresenta\u00e7\u00e3o musical, feita por Gisele Guimar\u00e3es e Maninho Pinheiro.<\/p>\n\n\n\n<figure class=\"wp-block-video aligncenter\"><video controls src=\"https:\/\/sinasefesm.com\/wp-content\/uploads\/2022\/09\/IMG_1552-1.mov\"><\/video><figcaption>Trecho da apresenta\u00e7\u00e3o musical.<\/figcaption><\/figure>\n\n\n<div class=\"wp-block-image\">\n<figure class=\"alignright size-full is-resized\"><img decoding=\"async\" src=\"https:\/\/sinasefesm.com\/wp-content\/uploads\/2022\/09\/IMG-1558-1-scaled.jpg\" alt=\"\" class=\"wp-image-5155\" width=\"-1327\" height=\"-2210\"\/><figcaption>Marcelo Carlini<\/figcaption><\/figure><\/div>\n\n\n<p class=\"has-medium-font-size\"><strong>As amea\u00e7as \u00e0 democracia<\/strong><\/p>\n\n\n\n<p>Carlini deu in\u00edcio ao di\u00e1logo relembrando os eventos do Dia da Independ\u00eancia, Sete de Setembro, festejo roubado por Bolsonaro, que se aproveitou do momento de comemora\u00e7\u00e3o do bicenten\u00e1rio da independ\u00eancia brasileira para fazer campanha pol\u00edtica, o que n\u00e3o poderia ter feito enquanto representante do Estado. Contudo, esse foi s\u00f3 mais um dos desrespeitos do presidente \u00e0 democracia. Isso porque ocorreram tamb\u00e9m ataques \u00e0s urnas eletr\u00f4nicas, como destaca o diretor do Sintrajufe\/RS e da CUT\/RS: <em>\u201cBolsonaro passou o per\u00edodo inteiro [do seu mandato] amea\u00e7ando n\u00e3o reconhecer o resultado das elei\u00e7\u00f5es sob a justificativa da fraude nas urnas eletr\u00f4nicas, o que \u00e9 um neg\u00f3cio \u2018\u2019sem p\u00e9 nem cabe\u00e7a\u2019\u2019. E ele sabe disso, mas a ideia \u00e9 jogar d\u00favidas sobre o processo eleitoral, isso que importa\u201d<\/em><\/p>\n\n\n\n<p>O palestrante ainda ressalta a medida descabida de permitir que militares fiscalizem 385 boletins de urna, paralelamente \u00e0 contagem oficial do Tribunal Superior Eleitoral (TSE), visto que<em>\u2018\u2019lugar de militar n\u00e3o \u00e9 contando voto\u2019\u2019<\/em>.<\/p>\n\n\n\n<p>Tudo isso cria um clima de golpe e de terror entre a popula\u00e7\u00e3o, que pode, inclusive, se abster de votar, devido ao medo de ser agredida de alguma forma por se expressar politicamente, como aconteceu com a vereadora Cleres Maria Cavalheiro Revelante (PT), que, neste m\u00eas, teve o carro atacado na traseira por outro motorista, por conter adesivos do PT.<\/p>\n\n\n\n<p class=\"has-medium-font-size\"><strong>A import\u00e2ncia da mobiliza\u00e7\u00e3o popular<\/strong><\/p>\n\n\n\n<p>Apesar do cen\u00e1rio desanimador, Bia Oliveira acredita que o voto popular pode ser imposto se os sindicatos e movimentos sociais brasileiros se engajarem na mobiliza\u00e7\u00e3o social. Mas questiona:\u2019\u2019<em>que resposta democr\u00e1tica queremos dar?<\/em>\u2019\u2019. Para a professora, parte da sociedade brasileira est\u00e1 imersa em apatia pol\u00edtica, isto \u00e9, perdeu, ao longo dos \u00faltimos anos, a cren\u00e7a nos processos pol\u00edticos. Por isso, \u00e9 t\u00e3o importante que voltemos a construir esperan\u00e7a no poder do povo e em sua capacidade de mudar os rumos da pol\u00edtica no Brasil.<\/p>\n\n\n<div class=\"wp-block-image\">\n<figure class=\"alignleft size-full is-resized\"><img decoding=\"async\" src=\"https:\/\/sinasefesm.com\/wp-content\/uploads\/2022\/09\/IMG-1586-1.jpg\" alt=\"\" class=\"wp-image-5157\" width=\"-1263\" height=\"-1579\" srcset=\"https:\/\/sinasefesm.com\/wp-content\/uploads\/2022\/09\/IMG-1586-1.jpg 1875w, https:\/\/sinasefesm.com\/wp-content\/uploads\/2022\/09\/IMG-1586-1-240x300.jpg 240w, https:\/\/sinasefesm.com\/wp-content\/uploads\/2022\/09\/IMG-1586-1-819x1024.jpg 819w, https:\/\/sinasefesm.com\/wp-content\/uploads\/2022\/09\/IMG-1586-1-768x960.jpg 768w, https:\/\/sinasefesm.com\/wp-content\/uploads\/2022\/09\/IMG-1586-1-1229x1536.jpg 1229w, https:\/\/sinasefesm.com\/wp-content\/uploads\/2022\/09\/IMG-1586-1-1638x2048.jpg 1638w, https:\/\/sinasefesm.com\/wp-content\/uploads\/2022\/09\/IMG-1586-1-150x188.jpg 150w, https:\/\/sinasefesm.com\/wp-content\/uploads\/2022\/09\/IMG-1586-1-450x563.jpg 450w, https:\/\/sinasefesm.com\/wp-content\/uploads\/2022\/09\/IMG-1586-1-1200x1500.jpg 1200w\" sizes=\"(max-width: 1875px) 100vw, 1875px\" \/><figcaption>Bia Oliveira<\/figcaption><\/figure><\/div>\n\n\n<p class=\"has-medium-font-size\"><strong>Ciclo de debates<\/strong><\/p>\n\n\n\n<p>A palestra de quinta-feira faz parte do ciclo de debates \u2019\u2019Universidade e Democracia\u2019\u2019, organizado pelas entidades: Assufsm, Sedufsm, Atens, APG, DCE e pelo pr\u00f3prio Sinasefe. O encontro contou tamb\u00e9m com apoio da UAP, do Centro de Educa\u00e7\u00e3o.<\/p>\n\n\n\n<p>As edi\u00e7\u00f5es anteriores do ciclo ocorreram em<a href=\"https:\/\/sinasefesm.com\/palestra-sobre-neoliberalismo-disponivel-para-visualizacao-no-youtube\/\"> 2 de agosto<\/a>, quando houve uma palestra com o professor do programa de p\u00f3s-gradua\u00e7\u00e3o em Hist\u00f3ria da Unisinos, Hern\u00e1n Ram\u00edrez; e em <a href=\"https:\/\/sinasefesm.com\/conferencia-discute-a-conservacao-da-democracia-no-brasil-de-2022\/\">30 de junho,<\/a> quando o debate contou com a presen\u00e7a do professor de Filosofia da Universidade Federal de Goi\u00e1s (UFG), Adriano Correia.<\/p>\n\n\n\n<hr class=\"wp-block-separator has-alpha-channel-opacity\"\/>\n\n\n\n<p><em>Texto e imagens: Laurent Keller<\/em><\/p>\n\n\n\n<p><em>Edi\u00e7\u00e3o: Bruna Homrich<\/em><\/p>\n","protected":false},"excerpt":{"rendered":"<p>Na \u00faltima quinta-feira, 22 de setembro, o audit\u00f3rio da Sedufsm sediou o terceiro encontro do Grupo Pr\u00e1xis, intitulado \u2018\u2019Por democracia e direitos sociais: o respeito ao voto popular\u2019\u2019. Em conjunto com as demais entidades representativas, como o Sinasefe, o coletivo Pr\u00e1xis, formado por estudantes, docentes e t\u00e9cnico-administrativos da \u00e1rea de educa\u00e7\u00e3o, promoveu a palestra com<\/p>\n","protected":false},"author":5,"featured_media":5153,"comment_status":"closed","ping_status":"closed","sticky":false,"template":"","format":"standard","meta":{"footnotes":""},"categories":[39,42],"tags":[98,118,141,227],"class_list":{"0":"post-5152","1":"post","2":"type-post","3":"status-publish","4":"format-standard","5":"has-post-thumbnail","7":"category-eventos","8":"category-noticia","9":"tag-democracia","10":"tag-eleicoes","11":"tag-governo-bolsonaro","12":"tag-urnas-eletronicas"},"_links":{"self":[{"href":"https:\/\/sinasefesm.com\/index.php\/wp-json\/wp\/v2\/posts\/5152","targetHints":{"allow":["GET"]}}],"collection":[{"href":"https:\/\/sinasefesm.com\/index.php\/wp-json\/wp\/v2\/posts"}],"about":[{"href":"https:\/\/sinasefesm.com\/index.php\/wp-json\/wp\/v2\/types\/post"}],"author":[{"embeddable":true,"href":"https:\/\/sinasefesm.com\/index.php\/wp-json\/wp\/v2\/users\/5"}],"replies":[{"embeddable":true,"href":"https:\/\/sinasefesm.com\/index.php\/wp-json\/wp\/v2\/comments?post=5152"}],"version-history":[{"count":0,"href":"https:\/\/sinasefesm.com\/index.php\/wp-json\/wp\/v2\/posts\/5152\/revisions"}],"wp:featuredmedia":[{"embeddable":true,"href":"https:\/\/sinasefesm.com\/index.php\/wp-json\/wp\/v2\/media\/5153"}],"wp:attachment":[{"href":"https:\/\/sinasefesm.com\/index.php\/wp-json\/wp\/v2\/media?parent=5152"}],"wp:term":[{"taxonomy":"category","embeddable":true,"href":"https:\/\/sinasefesm.com\/index.php\/wp-json\/wp\/v2\/categories?post=5152"},{"taxonomy":"post_tag","embeddable":true,"href":"https:\/\/sinasefesm.com\/index.php\/wp-json\/wp\/v2\/tags?post=5152"}],"curies":[{"name":"wp","href":"https:\/\/api.w.org\/{rel}","templated":true}]}}