{"id":5166,"date":"2022-09-26T05:12:33","date_gmt":"2022-09-26T05:12:33","guid":{"rendered":"https:\/\/sinasefesm.com\/?p=5166"},"modified":"2022-09-26T05:12:33","modified_gmt":"2022-09-26T05:12:33","slug":"sinasefe-sm-elege-representantes-ao-encontro-dos-servidores-dos-colegios-militares","status":"publish","type":"post","link":"https:\/\/sinasefesm.com\/index.php\/2022\/09\/26\/sinasefe-sm-elege-representantes-ao-encontro-dos-servidores-dos-colegios-militares\/","title":{"rendered":"Sinasefe SM elege representantes ao Encontro dos Servidores dos Col\u00e9gios Militares"},"content":{"rendered":"\n<p>Em assembleia realizada na tarde da \u00faltima sexta-feira, 23 de setembro, o Sinasefe Santa Maria elegeu as e os servidores que representar\u00e3o a entidade no 14\u00ba Encontro dos Servidores Civis das Institui\u00e7\u00f5es de Ensino Vinculadas ao Minist\u00e9rio da Defesa (ESCIME), evento que objetiva fortalecer a organiza\u00e7\u00e3o dos servidores civis das escolas e col\u00e9gios militares da base do Sinasefe.<\/p>\n\n\n\n<p>Os nomes de Santa Maria escolhidos foram: Milton M\u00e1ximo Ferrari, Coordenador Geral do sindicato; Adriana Bonum\u00e1 Bortolini, Secret\u00e1ria de Assuntos Legislativos e Jur\u00eddicos; e Deise Redin Mack. Os tr\u00eas s\u00e3o professores do Col\u00e9gio Militar.<\/p>\n\n\n<div class=\"wp-block-image is-style-default\">\n<figure class=\"aligncenter size-full\"><img decoding=\"async\" src=\"https:\/\/sinasefesm.com\/wp-content\/uploads\/2022\/09\/SINASEFE-ESCIME..png\" alt=\"\" class=\"wp-image-5169\"\/><\/figure><\/div>\n\n\n<p>O 14\u00ba ESCIME ser\u00e1 realizado entre os dias 25 e 27 de novembro de 2022, em Fortaleza (CE), com o tema \u201cFortalecendo a luta: por uma educa\u00e7\u00e3o como pr\u00e1tica da liberdade!\u201d. Como p\u00fablico-alvo principal, o evento preconiza os sindicalizados e as sindicalizadas do SINASEFE que trabalham nos col\u00e9gios e escolas militares da Rede Federal de Educa\u00e7\u00e3o, antigamente chamados de \u201cIFEs Militares\u201d e hoje conhecidos como \u201cInstitui\u00e7\u00f5es de Ensino Vinculadas ao Minist\u00e9rio da Defesa\u201d.<\/p>\n","protected":false},"excerpt":{"rendered":"<p>Em assembleia realizada na tarde da \u00faltima sexta-feira, 23 de setembro, o Sinasefe Santa Maria elegeu as e os servidores que representar\u00e3o a entidade no 14\u00ba Encontro dos Servidores Civis das Institui\u00e7\u00f5es de Ensino Vinculadas ao Minist\u00e9rio da Defesa (ESCIME), evento que objetiva fortalecer a organiza\u00e7\u00e3o dos servidores civis das escolas e col\u00e9gios militares da<\/p>\n","protected":false},"author":3,"featured_media":5167,"comment_status":"closed","ping_status":"closed","sticky":false,"template":"","format":"standard","meta":{"footnotes":""},"categories":[37,39,42,45],"tags":[],"class_list":{"0":"post-5166","1":"post","2":"type-post","3":"status-publish","4":"format-standard","5":"has-post-thumbnail","7":"category-destaque","8":"category-eventos","9":"category-noticia","10":"category-sindicato"},"_links":{"self":[{"href":"https:\/\/sinasefesm.com\/index.php\/wp-json\/wp\/v2\/posts\/5166","targetHints":{"allow":["GET"]}}],"collection":[{"href":"https:\/\/sinasefesm.com\/index.php\/wp-json\/wp\/v2\/posts"}],"about":[{"href":"https:\/\/sinasefesm.com\/index.php\/wp-json\/wp\/v2\/types\/post"}],"author":[{"embeddable":true,"href":"https:\/\/sinasefesm.com\/index.php\/wp-json\/wp\/v2\/users\/3"}],"replies":[{"embeddable":true,"href":"https:\/\/sinasefesm.com\/index.php\/wp-json\/wp\/v2\/comments?post=5166"}],"version-history":[{"count":0,"href":"https:\/\/sinasefesm.com\/index.php\/wp-json\/wp\/v2\/posts\/5166\/revisions"}],"wp:featuredmedia":[{"embeddable":true,"href":"https:\/\/sinasefesm.com\/index.php\/wp-json\/wp\/v2\/media\/5167"}],"wp:attachment":[{"href":"https:\/\/sinasefesm.com\/index.php\/wp-json\/wp\/v2\/media?parent=5166"}],"wp:term":[{"taxonomy":"category","embeddable":true,"href":"https:\/\/sinasefesm.com\/index.php\/wp-json\/wp\/v2\/categories?post=5166"},{"taxonomy":"post_tag","embeddable":true,"href":"https:\/\/sinasefesm.com\/index.php\/wp-json\/wp\/v2\/tags?post=5166"}],"curies":[{"name":"wp","href":"https:\/\/api.w.org\/{rel}","templated":true}]}}