{"id":5176,"date":"2022-10-04T23:11:30","date_gmt":"2022-10-04T23:11:30","guid":{"rendered":"https:\/\/sinasefesm.com\/?p=5176"},"modified":"2022-10-04T23:11:30","modified_gmt":"2022-10-04T23:11:30","slug":"campanha-ufsm-contra-a-fome-inicia-entrega-de-alimentos-arrecadados","status":"publish","type":"post","link":"https:\/\/sinasefesm.com\/index.php\/2022\/10\/04\/campanha-ufsm-contra-a-fome-inicia-entrega-de-alimentos-arrecadados\/","title":{"rendered":"Campanha UFSM Contra a Fome inicia entrega de alimentos arrecadados"},"content":{"rendered":"\n<p>Nas \u00faltimas semanas, mais de 24kg de alimentos n\u00e3o perec\u00edveis, arrecadados pela campanha UFSM Contra a Fome, come\u00e7aram a ser entregues aos representantes do Comit\u00ea Emerg\u00eancia Ruas (CER-Ruas) no Conselho de Seguran\u00e7a Alimentar de Santa Maria (COMSEA). Em seguida, as doa\u00e7\u00f5es foram distribu\u00eddas aos projetos da cidade voltados \u00e0 entrega de marmitas a pessoas em vulnerabilidade social. At\u00e9 27 de janeiro de 2023, a iniciativa seguir\u00e1 recebendo doa\u00e7\u00f5es em diversos pontos de coleta da Universidade.<\/p>\n\n\n\n<p>Segundo a professora de Terapia Ocupacional da UFSM e coordenadora do projeto de extens\u00e3o UFSM nas Ruas, Amanda Battistel, na primeira fase de coleta de alimentos, ocorrida entre os dias 29 de agosto e 9 de setembro, foram contabilizados: 6kg de a\u00e7\u00facar, 2kg de feij\u00e3o, 2kg de arroz, 2kg de farinha de trigo, 1kg de fub\u00e1, 1kg de polenta e 3 pacotes de macarr\u00e3o. J\u00e1 na segunda leva de arrecada\u00e7\u00e3o, realizada entre os dias 12 e 16 de setembro, foram recolhidos: 4kg de feij\u00e3o, 3kg de farinha de trigo, 2kg de arroz, 1kg de a\u00e7\u00facar, 5 pacotes de macarr\u00e3o, 1 \u00f3leo e 150g de caf\u00e9 sol\u00favel.<\/p>\n\n\n\n<p>A campanha UFSM Contra a Fome surge em meio ao <a href=\"https:\/\/sinasefesm.com\/ufsm-e-entidades-representativas-dao-inicio-a-campanha-contra-a-fome%ef%bf%bc\/\">crescente n\u00famero de pessoas sem ter o que comer<\/a> no Brasil, que quase dobrou de 2020 para c\u00e1. Na tentativa de minimizar a dor dos mais necessitados, a UFSM se reuniu com as entidades: Sedufsm, Assufsm, Atens, DCE, APG, Observat\u00f3rio de Direitos Humanos da UFSM, Programa de Extens\u00e3o N\u00facleo Interdisciplinar de Intera\u00e7\u00e3o Jur\u00eddica Comunit\u00e1ria &#8211; Resid\u00eancia (NIIJuC-R), COMSEA-SM, UFSM nas Ruas e o pr\u00f3prio Sinasefe.<\/p>\n\n\n\n<p>No momento, a campanha est\u00e1 coletando alimentos no hall do pr\u00e9dio 13, localizado no Centro de Ci\u00eancias Naturais e Exatas (CCNE), do<em> campus<\/em> sede da UFSM.&nbsp;<\/p>\n\n\n\n<p>Confira abaixo, os pr\u00f3ximos pontos de arrecada\u00e7\u00e3o:<\/p>\n\n\n\n<figure class=\"wp-block-image\"><img decoding=\"async\" src=\"https:\/\/lh5.googleusercontent.com\/o92cO7a6Z_0_6zVkSDjIJRZNUxyBjpVUtdjmC7oUiBlY7F46okOSFfz2WdIJ71kQ3QC7dsiDO33cstPtm6M3HR2iGqcjsohmYtYbsHN-hbdb7DB6clnRFKrnd_OrcCXwfzm-MOW7HNTzYSFGOz6AlXpPMdrzp_dY5iRM5rpELb4jizR2677ZUsLIkA\" alt=\"\"\/><\/figure>\n\n\n\n<hr class=\"wp-block-separator has-alpha-channel-opacity\"\/>\n\n\n\n<p><em>Texto: Laurent Keller<\/em><\/p>\n\n\n\n<p><em>Imagens: Sedufsm<\/em><\/p>\n\n\n\n<p><em>Revis\u00e3o: Bruna Homrich<\/em><\/p>\n","protected":false},"excerpt":{"rendered":"<p>Nas \u00faltimas semanas, mais de 24kg de alimentos n\u00e3o perec\u00edveis, arrecadados pela campanha UFSM Contra a Fome, come\u00e7aram a ser entregues aos representantes do Comit\u00ea Emerg\u00eancia Ruas (CER-Ruas) no Conselho de Seguran\u00e7a Alimentar de Santa Maria (COMSEA). Em seguida, as doa\u00e7\u00f5es foram distribu\u00eddas aos projetos da cidade voltados \u00e0 entrega de marmitas a pessoas em<\/p>\n","protected":false},"author":5,"featured_media":5177,"comment_status":"closed","ping_status":"closed","sticky":false,"template":"","format":"standard","meta":{"footnotes":""},"categories":[37,42],"tags":[225,226],"class_list":{"0":"post-5176","1":"post","2":"type-post","3":"status-publish","4":"format-standard","5":"has-post-thumbnail","7":"category-destaque","8":"category-noticia","9":"tag-ufsm","10":"tag-ufsm-contra-a-fome"},"_links":{"self":[{"href":"https:\/\/sinasefesm.com\/index.php\/wp-json\/wp\/v2\/posts\/5176","targetHints":{"allow":["GET"]}}],"collection":[{"href":"https:\/\/sinasefesm.com\/index.php\/wp-json\/wp\/v2\/posts"}],"about":[{"href":"https:\/\/sinasefesm.com\/index.php\/wp-json\/wp\/v2\/types\/post"}],"author":[{"embeddable":true,"href":"https:\/\/sinasefesm.com\/index.php\/wp-json\/wp\/v2\/users\/5"}],"replies":[{"embeddable":true,"href":"https:\/\/sinasefesm.com\/index.php\/wp-json\/wp\/v2\/comments?post=5176"}],"version-history":[{"count":0,"href":"https:\/\/sinasefesm.com\/index.php\/wp-json\/wp\/v2\/posts\/5176\/revisions"}],"wp:featuredmedia":[{"embeddable":true,"href":"https:\/\/sinasefesm.com\/index.php\/wp-json\/wp\/v2\/media\/5177"}],"wp:attachment":[{"href":"https:\/\/sinasefesm.com\/index.php\/wp-json\/wp\/v2\/media?parent=5176"}],"wp:term":[{"taxonomy":"category","embeddable":true,"href":"https:\/\/sinasefesm.com\/index.php\/wp-json\/wp\/v2\/categories?post=5176"},{"taxonomy":"post_tag","embeddable":true,"href":"https:\/\/sinasefesm.com\/index.php\/wp-json\/wp\/v2\/tags?post=5176"}],"curies":[{"name":"wp","href":"https:\/\/api.w.org\/{rel}","templated":true}]}}