{"id":5201,"date":"2022-10-11T23:42:32","date_gmt":"2022-10-11T23:42:32","guid":{"rendered":"https:\/\/sinasefesm.com\/?p=5201"},"modified":"2022-10-11T23:42:32","modified_gmt":"2022-10-11T23:42:32","slug":"assembleia-geral-da-ufsm-tem-presenca-massiva-da-comunidade-academica","status":"publish","type":"post","link":"https:\/\/sinasefesm.com\/index.php\/2022\/10\/11\/assembleia-geral-da-ufsm-tem-presenca-massiva-da-comunidade-academica\/","title":{"rendered":"Assembleia geral da UFSM tem presen\u00e7a massiva da comunidade acad\u00eamica"},"content":{"rendered":"\n<p>Em meio \u00e0 tarde chuvosa da segunda-feira, 10 de outubro, acad\u00eamicos, docentes e t\u00e9cnico-administrativos em educa\u00e7\u00e3o aderiram \u00e0 Assembleia Geral da UFSM em defesa da educa\u00e7\u00e3o p\u00fablica, promovida pelo Sinasefe, Assufsm, Atens, Sedufsm, APG e DCE. A mobiliza\u00e7\u00e3o, ocorrida ao lado do Audit\u00f3rio S\u00e9rgio Pires (pr\u00e9dio 17), discutiu os pr\u00f3ximos passos dos movimentos estudantis e sindicais e refor\u00e7ou a necessidade de se eleger Lula (PT) para presid\u00eancia, para que Bolsonaro (PL) seja derrotado nas urnas.<\/p>\n\n\n\n<p>Aclamados pelos manifestantes presentes, representantes de sindicatos e grupos estudantis realizaram falas durante o ato. Em nome da se\u00e7\u00e3o do Sinasefe de Santa Maria, Jos\u00e9 Ab\u00edlio de Freitas refor\u00e7ou que o sindicato est\u00e1 em constante coopera\u00e7\u00e3o com os movimentos sociais da cidade: <em>\u2018\u2019o Sinasefe apoia toda e qualquer determina\u00e7\u00e3o para contrapor esse desmonte que est\u00e1 acontecendo na nossa casa [UFSM].\u2019\u2019<\/em><\/p>\n\n\n\n<figure class=\"wp-block-image size-full\"><img decoding=\"async\" src=\"https:\/\/sinasefesm.com\/wp-content\/uploads\/2022\/10\/fe7055e1-77e1-473d-9f15-fcedd0522e40.jpg\" alt=\"\" class=\"wp-image-5204\"\/><\/figure>\n\n\n\n<p>Dentre as a\u00e7\u00f5es que v\u00eam destruindo as universidades federais, servidores p\u00fablicos lembram de \u00e1reas que est\u00e3o sem reposi\u00e7\u00e3o de vagas, ou recursos para contratar bolsistas. J\u00e1 os alunos da p\u00f3s-gradua\u00e7\u00e3o contam que, devido aos recorrentes cortes or\u00e7ament\u00e1rios, quase um ter\u00e7o das vagas para p\u00f3s, dispon\u00edveis no segundo semestre de 2022, n\u00e3o foram preenchidas. Isso acontece porque os estudantes n\u00e3o enxergam perspectiva de evoluir academicamente sem incentivos do governo federal. Para se ter uma ideia, as bolsas de mestrado e doutorado n\u00e3o recebem reajuste desde 2013. Neste per\u00edodo, o \u00cdndice de Pre\u00e7os ao Consumidor Amplo (IPCA), medido pelo IBGE, acumulou 74,79%.<\/p>\n\n\n\n<p>Mais recentemente, em 30 de setembro, a comunidade universit\u00e1ria sofreu um susto com o bloqueio repentino de R$328,5 milh\u00f5es do or\u00e7amento das Institui\u00e7\u00f5es Federais de Ensino brasileiras. Contudo, gra\u00e7as \u00e0 rea\u00e7\u00e3o de movimentos estudantis de todo pa\u00eds, o Ministro da Educa\u00e7\u00e3o (MEC), Victor Godoy, disse, no dia 7 de outubro, que os recursos seriam liberados. Contudo, at\u00e9 ent\u00e3o, n\u00e3o se tem mais informa\u00e7\u00f5es concretas sobre tal libera\u00e7\u00e3o . Por causa de acontecimentos como esse, \u00e9 imprescind\u00edvel que a sociedade permane\u00e7a mobilizada para derrubar o bolsonarismo. E n\u00e3o somente at\u00e9 o segundo turno, dia 30 de outubro, mas tamb\u00e9m nos pr\u00f3ximos meses e anos, haja vista que o Senado e a C\u00e2mara de Deputados elegeu um n\u00famero expressivo de apoiadores de Jair Bolsonaro.<\/p>\n\n\n\n<p>Em conson\u00e2ncia ao pensamento de luta, a vice-presidente da Sedufsm, M\u00e1rcia M\u00f6rschb\u00e4cher, declarou: <em>&#8221;antes<\/em><em> de o governo Bolsonaro acabar com as universidades, n\u00f3s vamos acabar com o governo Bolsonaro. N\u00e3o vamos deixar o Bolsonaro destruir a ci\u00eancia brasileira, nem os sonhos dos professores e professoras, os sonhos dos t\u00e9cnicos e t\u00e9cnicas, e, mais importante, o sonho da juventude!\u2019\u2019<\/em><\/p>\n\n\n\n<figure class=\"wp-block-image size-full\"><img decoding=\"async\" src=\"https:\/\/sinasefesm.com\/wp-content\/uploads\/2022\/10\/IMG-2627-scaled.jpg\" alt=\"\" class=\"wp-image-5203\"\/><\/figure>\n\n\n\n<p><strong>Encaminhamentos da Assembleia Geral<\/strong><\/p>\n\n\n\n<p>A constru\u00e7\u00e3o de um grande protesto, de car\u00e1ter nacional, no dia 18 de outubro foi o principal ponto levantado pela Assembleia. O intuito do ato \u00e9 denunciar os ataques do governo vigente \u00e0 educa\u00e7\u00e3o, \u00e0 sa\u00fade e ao povo brasileiro, a fim de mobilizar as pessoas a irem \u00e0s urnas mudar os rumos do Brasil no final do m\u00eas, com a elei\u00e7\u00e3o do ex-presidente Lula para presid\u00eancia. Tamb\u00e9m deve ser organizado o \u2018\u2019bicicleta\u00e7o em defesa da educa\u00e7\u00e3o\u2019\u2019, no dia 23 de outubro, para mostrar aos santa-marienses o poder dos movimentos populares.<\/p>\n\n\n\n<p>Outras medidas discutidas em Assembleia foram: a aprova\u00e7\u00e3o da Carta Oficial da Uni\u00e3o Nacional dos Estudantes (UNE), Associa\u00e7\u00e3o Nacional de P\u00f3s-Graduandos (ANPG) e Uni\u00e3o Brasileira dos Estudantes Secundaristas (UBES); a constru\u00e7\u00e3o do Comit\u00ea Popular de Educa\u00e7\u00e3o; e a organiza\u00e7\u00e3o do \u2018\u2019Balb\u00fardia na Pra\u00e7a\u2019\u2019, evento voltado para exposi\u00e7\u00e3o de projetos e pesquisas constru\u00eddas pela categoria estudantil da UFSM.<\/p>\n\n\n\n<hr class=\"wp-block-separator has-alpha-channel-opacity\"\/>\n\n\n\n<p><em>Texto: Laurent Keller<\/em><\/p>\n\n\n\n<p><em>Imagens: Bruna Homrich e Laurent Keller<\/em><\/p>\n\n\n\n<p><em>Edi\u00e7\u00e3o: Bruna Homrich&nbsp;<\/em><\/p>\n","protected":false},"excerpt":{"rendered":"<p>Em meio \u00e0 tarde chuvosa da segunda-feira, 10 de outubro, acad\u00eamicos, docentes e t\u00e9cnico-administrativos em educa\u00e7\u00e3o aderiram \u00e0 Assembleia Geral da UFSM em defesa da educa\u00e7\u00e3o p\u00fablica, promovida pelo Sinasefe, Assufsm, Atens, Sedufsm, APG e DCE. A mobiliza\u00e7\u00e3o, ocorrida ao lado do Audit\u00f3rio S\u00e9rgio Pires (pr\u00e9dio 17), discutiu os pr\u00f3ximos passos dos movimentos estudantis e<\/p>\n","protected":false},"author":5,"featured_media":5202,"comment_status":"closed","ping_status":"closed","sticky":false,"template":"","format":"standard","meta":{"footnotes":""},"categories":[39,42],"tags":[59,92,225],"class_list":{"0":"post-5201","1":"post","2":"type-post","3":"status-publish","4":"format-standard","5":"has-post-thumbnail","7":"category-eventos","8":"category-noticia","9":"tag-assembleia","10":"tag-cortes-orcamentarios","11":"tag-ufsm"},"_links":{"self":[{"href":"https:\/\/sinasefesm.com\/index.php\/wp-json\/wp\/v2\/posts\/5201","targetHints":{"allow":["GET"]}}],"collection":[{"href":"https:\/\/sinasefesm.com\/index.php\/wp-json\/wp\/v2\/posts"}],"about":[{"href":"https:\/\/sinasefesm.com\/index.php\/wp-json\/wp\/v2\/types\/post"}],"author":[{"embeddable":true,"href":"https:\/\/sinasefesm.com\/index.php\/wp-json\/wp\/v2\/users\/5"}],"replies":[{"embeddable":true,"href":"https:\/\/sinasefesm.com\/index.php\/wp-json\/wp\/v2\/comments?post=5201"}],"version-history":[{"count":0,"href":"https:\/\/sinasefesm.com\/index.php\/wp-json\/wp\/v2\/posts\/5201\/revisions"}],"wp:featuredmedia":[{"embeddable":true,"href":"https:\/\/sinasefesm.com\/index.php\/wp-json\/wp\/v2\/media\/5202"}],"wp:attachment":[{"href":"https:\/\/sinasefesm.com\/index.php\/wp-json\/wp\/v2\/media?parent=5201"}],"wp:term":[{"taxonomy":"category","embeddable":true,"href":"https:\/\/sinasefesm.com\/index.php\/wp-json\/wp\/v2\/categories?post=5201"},{"taxonomy":"post_tag","embeddable":true,"href":"https:\/\/sinasefesm.com\/index.php\/wp-json\/wp\/v2\/tags?post=5201"}],"curies":[{"name":"wp","href":"https:\/\/api.w.org\/{rel}","templated":true}]}}