{"id":5220,"date":"2022-10-19T01:04:08","date_gmt":"2022-10-19T01:04:08","guid":{"rendered":"https:\/\/sinasefesm.com\/?p=5220"},"modified":"2022-10-19T01:04:08","modified_gmt":"2022-10-19T01:04:08","slug":"semana-doa-servidora-tera-palestra-sobre-plano-de-gestao-e-desempenho","status":"publish","type":"post","link":"https:\/\/sinasefesm.com\/index.php\/2022\/10\/19\/semana-doa-servidora-tera-palestra-sobre-plano-de-gestao-e-desempenho\/","title":{"rendered":"Semana do(a) Servidor(a) ter\u00e1 palestra sobre Plano de Gest\u00e3o e Desempenho"},"content":{"rendered":"\n<p> A Semana do Servidor e da Servidora da UFSM tem in\u00edcio na segunda-feira, 24 de outubro, e conta com uma s\u00e9rie de atividades. Aqui, destacamos uma delas: a palestra \u201cPlano de Gest\u00e3o e Desempenho (PGD) e Autonomia Universit\u00e1ria\u201d, com os advogados Heverton Padilha, assessor jur\u00eddico do Sinasefe, da Sedufsm e da Assufsm, e Giovani Bortolini, assessor jur\u00eddico da Atens-Sindicato. O evento ocorre na pr\u00f3xima quinta-feira, 27 de outubro, \u00e0s 9h, no Sal\u00e3o Imembu\u00ed (2\u00ba andar pr\u00e9dio da Reitoria).<\/p>\n\n\n\n<p>Mas aten\u00e7\u00e3o: as inscri\u00e7\u00f5es para a palestra devem ser realizadas at\u00e9 esta quinta-feira, <strong>20 de outubro<\/strong>, atrav\u00e9s do <a href=\"https:\/\/portal.ufsm.br\/capacitacao\/inscricao\/inscricoesAbertas.html\" data-type=\"URL\" data-id=\"https:\/\/portal.ufsm.br\/capacitacao\/inscricao\/inscricoesAbertas.html\" target=\"_blank\" rel=\"noreferrer noopener\">Portal da UFSM<\/a>. Ser\u00e3o disponibilizados 100 lugares para acompanharem a atividade, selecionados por ordem de inscri\u00e7\u00e3o.<\/p>\n\n\n\n<p>Cabe destacar que o PGD, institu\u00eddo pelo Decreto n\u00ba 11.072, de 17 de maio de 2022, vem sendo tema constantemente debatido junto \u00e0 base e \u00e0s inst\u00e2ncias nacionais do Sinasefe, visto que uma das quest\u00f5es trazidas por esse Plano \u00e9 a possibilidade de teletrabalho em tempo integral ou parcial para servidores p\u00fablicos. O Sinasefe Santa Maria, inclusive, participa da Comiss\u00e3o Tempor\u00e1ria de Avalia\u00e7\u00e3o e Implementa\u00e7\u00e3o do Teletrabalho na UFSM.<\/p>\n\n\n\n<p><a href=\"https:\/\/www.ufsm.br\/pro-reitorias\/progep\/eventos\/semanadoservidor2022\/\" data-type=\"URL\" data-id=\"https:\/\/www.ufsm.br\/pro-reitorias\/progep\/eventos\/semanadoservidor2022\/\" target=\"_blank\" rel=\"noreferrer noopener\">A programa\u00e7\u00e3o completa da Semana do Servidor pode ser conferida aqui<\/a>.<\/p>\n","protected":false},"excerpt":{"rendered":"<p>A Semana do Servidor e da Servidora da UFSM tem in\u00edcio na segunda-feira, 24 de outubro, e conta com uma s\u00e9rie de atividades. Aqui, destacamos uma delas: a palestra \u201cPlano de Gest\u00e3o e Desempenho (PGD) e Autonomia Universit\u00e1ria\u201d, com os advogados Heverton Padilha, assessor jur\u00eddico do Sinasefe, da Sedufsm e da Assufsm, e Giovani Bortolini,<\/p>\n","protected":false},"author":3,"featured_media":5221,"comment_status":"closed","ping_status":"closed","sticky":false,"template":"","format":"standard","meta":{"footnotes":""},"categories":[37,39,42],"tags":[],"class_list":{"0":"post-5220","1":"post","2":"type-post","3":"status-publish","4":"format-standard","5":"has-post-thumbnail","7":"category-destaque","8":"category-eventos","9":"category-noticia"},"_links":{"self":[{"href":"https:\/\/sinasefesm.com\/index.php\/wp-json\/wp\/v2\/posts\/5220","targetHints":{"allow":["GET"]}}],"collection":[{"href":"https:\/\/sinasefesm.com\/index.php\/wp-json\/wp\/v2\/posts"}],"about":[{"href":"https:\/\/sinasefesm.com\/index.php\/wp-json\/wp\/v2\/types\/post"}],"author":[{"embeddable":true,"href":"https:\/\/sinasefesm.com\/index.php\/wp-json\/wp\/v2\/users\/3"}],"replies":[{"embeddable":true,"href":"https:\/\/sinasefesm.com\/index.php\/wp-json\/wp\/v2\/comments?post=5220"}],"version-history":[{"count":0,"href":"https:\/\/sinasefesm.com\/index.php\/wp-json\/wp\/v2\/posts\/5220\/revisions"}],"wp:featuredmedia":[{"embeddable":true,"href":"https:\/\/sinasefesm.com\/index.php\/wp-json\/wp\/v2\/media\/5221"}],"wp:attachment":[{"href":"https:\/\/sinasefesm.com\/index.php\/wp-json\/wp\/v2\/media?parent=5220"}],"wp:term":[{"taxonomy":"category","embeddable":true,"href":"https:\/\/sinasefesm.com\/index.php\/wp-json\/wp\/v2\/categories?post=5220"},{"taxonomy":"post_tag","embeddable":true,"href":"https:\/\/sinasefesm.com\/index.php\/wp-json\/wp\/v2\/tags?post=5220"}],"curies":[{"name":"wp","href":"https:\/\/api.w.org\/{rel}","templated":true}]}}