{"id":5240,"date":"2022-10-21T20:19:07","date_gmt":"2022-10-21T20:19:07","guid":{"rendered":"https:\/\/sinasefesm.com\/?p=5240"},"modified":"2022-10-21T20:19:07","modified_gmt":"2022-10-21T20:19:07","slug":"comunidade-academica-reage-a-ataques-de-odio-emitidos-por-deputado-bolsonarista","status":"publish","type":"post","link":"https:\/\/sinasefesm.com\/index.php\/2022\/10\/21\/comunidade-academica-reage-a-ataques-de-odio-emitidos-por-deputado-bolsonarista\/","title":{"rendered":"Comunidade acad\u00eamica reage a ataques de \u00f3dio emitidos por deputado bolsonarista"},"content":{"rendered":"\n<p>Est\u00e1 marcado para a pr\u00f3xima segunda-feira, 24 de outubro, um protesto contra o discurso de \u00f3dio proferido contra as comunidades universit\u00e1rias da UFSM e da Universidade Federal de Pelotas (UFPel) pelo deputado federal n\u00e3o-reeleito Bibo Nunes (PL). O ato acontecer\u00e1 em frente ao Restaurante Universit\u00e1rio 1 (RU), localizado no <em>campus<\/em> sede da UFSM, \u00e0s 11h30, sendo convocado por Sinasefe, Sedufsm, Atens, Assufsm, DCE e APG.<\/p>\n\n\n\n<p>Em v\u00eddeo publicado na internet, o deputado ofende furiosamente estudantes das federais ga\u00fachas por realizarem manifesta\u00e7\u00f5es contra os desmontes do governo Bolsonaro e a favor da candidatura do ex-presidente Lula (PT), no segundo turno das elei\u00e7\u00f5es, marcadas para dia 30: <em>\u2018\u2019voc\u00eas s\u00e3o o s\u00edmbolo da incompet\u00eancia, da vergonha. [&#8230;] Voc\u00eas est\u00e3o servindo para colocar o Brasil no caos. [&#8230;] Voc\u00eas s\u00e3o amebas querendo destruir o pa\u00eds por sua incompet\u00eancia\u2019\u2019, <\/em>ataca Nunes.&nbsp;<\/p>\n\n\n\n<p>Em seguida, o bolsonarista faz refer\u00eancia a uma cena do filme Tropa de Elite, em que uma pessoa \u00e9 queimada viva dentro de pneus, e declara que os alunos da UFSM mereciam ser queimados da mesma forma. Apesar de tal declara\u00e7\u00e3o j\u00e1 ser cruel o suficiente, ela se torna ainda pior ao se lembrar da trag\u00e9dia da Boate Kiss, ocorrida em Santa Maria em 2013, respons\u00e1vel por matar 242 pessoas e deixar 630 feridos, devido a um inc\u00eandio no local. Dentre as v\u00edtimas, muitas faziam parte da comunidade acad\u00eamica da UFSM.<\/p>\n\n\n\n<p>Ap\u00f3s a repercuss\u00e3o do v\u00eddeo, o Minist\u00e9rio P\u00fablico Federal (MPF) no Rio Grande do Sul vai investigar as falas de Bibo Nunes, por meio da Procuradoria Regional dos Direitos do Cidad\u00e3o (PRDC).<\/p>\n\n\n\n<p class=\"has-medium-font-size\"><strong>Resposta da UFSM<\/strong><\/p>\n\n\n\n<p><a href=\"https:\/\/www.ufsm.br\/2022\/10\/21\/souufsm\/\">Em nota publicada pelo Gabinete do Reitor<\/a> no dia 21, a UFSM refor\u00e7a que seu maior patrim\u00f4nio s\u00e3o os alunos da institui\u00e7\u00e3o e que sempre defender\u00e1 os estudantes e servidores p\u00fablicos. A publica\u00e7\u00e3o tamb\u00e9m destaca que o ataque \u00e0 universidade n\u00e3o \u00e9 in\u00e9dito: <em>\u2018\u2019\u00e9 ineg\u00e1vel que estamos fragilizados n\u00e3o s\u00f3 pelos seguidos cortes or\u00e7ament\u00e1rios que sofremos ano ap\u00f3s ano. Precisamos relembrar que, infelizmente, n\u00e3o \u00e9 somente neste per\u00edodo eleitoral que estamos sendo atacados. S\u00e3o diferentes tentativas de desqualificar a UFSM em raz\u00e3o de defendermos a educa\u00e7\u00e3o p\u00fablica de qualidade e, principalmente, por prezar pela livre express\u00e3o e pelo respeito \u00e0 democracia\u2019\u2019.<\/em><\/p>\n\n\n\n<p>Para apoiar a mobiliza\u00e7\u00e3o, voc\u00ea pode, al\u00e9m de participar do protesto dia 24, assinar o abaixo assinado feito pelo DCE, <a href=\"https:\/\/www.change.org\/p\/abaixo-assinado-contra-a-declara%C3%A7%C3%A3o-de-%C3%B3dio-de-bibo-nunes-aos-estudantes-da-ufsm?recruiter=1085617311&amp;recruited_by_id=fbf93760-8e16-11ea-9d9b-1daa96dba16a&amp;utm_source=share_petition&amp;utm_campaign=share_for_starters_page&amp;utm_medium=copylink\">dispon\u00edvel aqui<\/a>, que j\u00e1 conta com mais de 5 mil assinaturas. O documento deve ser encaminhado ao Minist\u00e9rio P\u00fablico, posteriormente, e servir\u00e1 para pedir a cassa\u00e7\u00e3o do mandato de Bibo Nunes.<\/p>\n\n\n\n<hr class=\"wp-block-separator has-alpha-channel-opacity\"\/>\n\n\n\n<p><em>Texto: Laurent Keller<\/em><\/p>\n\n\n\n<p><em>Imagem: divulga\u00e7\u00e3o<\/em><\/p>\n\n\n\n<p><em>Edi\u00e7\u00e3o: Bruna Homrich<\/em><\/p>\n","protected":false},"excerpt":{"rendered":"<p>Est\u00e1 marcado para a pr\u00f3xima segunda-feira, 24 de outubro, um protesto contra o discurso de \u00f3dio proferido contra as comunidades universit\u00e1rias da UFSM e da Universidade Federal de Pelotas (UFPel) pelo deputado federal n\u00e3o-reeleito Bibo Nunes (PL). O ato acontecer\u00e1 em frente ao Restaurante Universit\u00e1rio 1 (RU), localizado no campus sede da UFSM, \u00e0s 11h30,<\/p>\n","protected":false},"author":5,"featured_media":5241,"comment_status":"closed","ping_status":"closed","sticky":false,"template":"","format":"standard","meta":{"footnotes":""},"categories":[39,41],"tags":[64,165,225],"class_list":{"0":"post-5240","1":"post","2":"type-post","3":"status-publish","4":"format-standard","5":"has-post-thumbnail","7":"category-eventos","8":"category-movimento","9":"tag-bibo-nunes","10":"tag-manifestacao","11":"tag-ufsm"},"_links":{"self":[{"href":"https:\/\/sinasefesm.com\/index.php\/wp-json\/wp\/v2\/posts\/5240","targetHints":{"allow":["GET"]}}],"collection":[{"href":"https:\/\/sinasefesm.com\/index.php\/wp-json\/wp\/v2\/posts"}],"about":[{"href":"https:\/\/sinasefesm.com\/index.php\/wp-json\/wp\/v2\/types\/post"}],"author":[{"embeddable":true,"href":"https:\/\/sinasefesm.com\/index.php\/wp-json\/wp\/v2\/users\/5"}],"replies":[{"embeddable":true,"href":"https:\/\/sinasefesm.com\/index.php\/wp-json\/wp\/v2\/comments?post=5240"}],"version-history":[{"count":0,"href":"https:\/\/sinasefesm.com\/index.php\/wp-json\/wp\/v2\/posts\/5240\/revisions"}],"wp:featuredmedia":[{"embeddable":true,"href":"https:\/\/sinasefesm.com\/index.php\/wp-json\/wp\/v2\/media\/5241"}],"wp:attachment":[{"href":"https:\/\/sinasefesm.com\/index.php\/wp-json\/wp\/v2\/media?parent=5240"}],"wp:term":[{"taxonomy":"category","embeddable":true,"href":"https:\/\/sinasefesm.com\/index.php\/wp-json\/wp\/v2\/categories?post=5240"},{"taxonomy":"post_tag","embeddable":true,"href":"https:\/\/sinasefesm.com\/index.php\/wp-json\/wp\/v2\/tags?post=5240"}],"curies":[{"name":"wp","href":"https:\/\/api.w.org\/{rel}","templated":true}]}}