{"id":5243,"date":"2022-10-24T21:06:13","date_gmt":"2022-10-24T21:06:13","guid":{"rendered":"https:\/\/sinasefesm.com\/?p=5243"},"modified":"2022-10-24T21:06:13","modified_gmt":"2022-10-24T21:06:13","slug":"comunidade-academica-reage-a-discurso-de-odio-de-bibo-nunes","status":"publish","type":"post","link":"https:\/\/sinasefesm.com\/index.php\/2022\/10\/24\/comunidade-academica-reage-a-discurso-de-odio-de-bibo-nunes\/","title":{"rendered":"Comunidade acad\u00eamica reage a discurso de \u00f3dio de Bibo Nunes"},"content":{"rendered":"\n<p>Na manh\u00e3 desta segunda-feira, 24 de outubro, estudantes e servidores p\u00fablicos da UFSM realizaram uma mobiliza\u00e7\u00e3o, em frente ao Restaurante Universit\u00e1rio 1 (RU 1), contra os ataques emitidos em v\u00eddeo online por Bibo Nunes (PL), deputado Federal n\u00e3o-reeleito. Na publica\u00e7\u00e3o, o parlamentar declara que alunos da UFSM e da Universidade Federal de Pelotas (UFPel)<a href=\"https:\/\/sinasefesm.com\/comunidade-academica-reage-a-ataques-de-odio-emitidos-por-deputado-bolsonarista\/\"> merecem ser queimados vivos<\/a>, por se manifestarem contra os cortes or\u00e7ament\u00e1rios nas universidades e institutos federais e favoravelmente \u00e0 candidatura de Lula (PT) no segundo turno das elei\u00e7\u00f5es presidenciais, marcadas para dia 30.<\/p>\n\n\n\n<p>Durante o ato, acad\u00eamicos da Universidade, pol\u00edticos e representantes sindicais e de movimentos estudantis expressaram suas indigna\u00e7\u00f5es \u00e0s falas agressivas de Nunes e refor\u00e7aram que a comunidade da UFSM n\u00e3o aceitar\u00e1 com passividade as ofensas recebidas. O representante do DCE, Luiz Boneti, refor\u00e7a que os universit\u00e1rios n\u00e3o podem continuar \u2018\u2019em cima do muro\u2019\u2019; sendo necess\u00e1rio posicionamento para que se ven\u00e7a Bolsonaro (PL) no pr\u00f3ximo domingo, 30 de outubro.<\/p>\n\n\n\n<p>Em apoio \u00e0 manifesta\u00e7\u00e3o estiveram presentes: Sedufsm, DCE, Atens, Assufsm, APG e o Sinasefe, que reitera sua posi\u00e7\u00e3o de apoio \u00e0 comunidade universit\u00e1ria, atacada com recorr\u00eancia por bolsonaristas nas \u00faltimas semanas.<\/p>\n\n\n<div class=\"wp-block-image\">\n<figure class=\"aligncenter size-full\"><img decoding=\"async\" src=\"https:\/\/sinasefesm.com\/wp-content\/uploads\/2022\/10\/IMG-3734-1-scaled.jpg\" alt=\"\" class=\"wp-image-5245\"\/><\/figure><\/div>\n\n\n<p><strong>Mo\u00e7\u00e3o de rep\u00fadio aos ataques<\/strong><\/p>\n\n\n\n<p>Com o intuito de recha\u00e7ar os atos de \u00f3dio \u00e0 UFSM e \u00e0 UFPel, haver\u00e1 nesta ter\u00e7a-feira, 25 de outubro, \u00e0s 15 horas, a vota\u00e7\u00e3o, na C\u00e2mara de Vereadores de Santa Maria, de uma mo\u00e7\u00e3o de rep\u00fadio \u00e0s falas do parlamentar. A C\u00e2mara fica localizada no centro da cidade, na rua Vale Machado. Todos os santa-marienses est\u00e3o convidados a integrar mais esta a\u00e7\u00e3o, ocupando o espa\u00e7o e expressando sua indigna\u00e7\u00e3o!&nbsp;<\/p>\n\n\n\n<p>E caso voc\u00ea ainda n\u00e3o tenha respondido ao abaixo-assinado contra o discurso de \u00f3dio, ainda \u00e9 poss\u00edvel assinar o documento <a href=\"https:\/\/www.change.org\/p\/abaixo-assinado-contra-a-declara%C3%A7%C3%A3o-de-%C3%B3dio-de-bibo-nunes-aos-estudantes-da-ufsm?recruiter=1085617311&amp;recruited_by_id=fbf93760-8e16-11ea-9d9b-1daa96dba16a&amp;utm_source=share_petition&amp;utm_campaign=share_for_starters_page&amp;utm_medium=copylink\">aqui<\/a>. At\u00e9 o momento de fechamento dessa mat\u00e9ria, j\u00e1 haviam sido totalizadas mais de 25 mil assinaturas.<\/p>\n\n\n\n<hr class=\"wp-block-separator has-alpha-channel-opacity\"\/>\n\n\n\n<p><em>Texto e imagens: Laurent Keller<\/em><\/p>\n\n\n\n<p><em>Edi\u00e7\u00e3o: Bruna Homrich<\/em><\/p>\n","protected":false},"excerpt":{"rendered":"<p>Na manh\u00e3 desta segunda-feira, 24 de outubro, estudantes e servidores p\u00fablicos da UFSM realizaram uma mobiliza\u00e7\u00e3o, em frente ao Restaurante Universit\u00e1rio 1 (RU 1), contra os ataques emitidos em v\u00eddeo online por Bibo Nunes (PL), deputado Federal n\u00e3o-reeleito. Na publica\u00e7\u00e3o, o parlamentar declara que alunos da UFSM e da Universidade Federal de Pelotas (UFPel) merecem<\/p>\n","protected":false},"author":5,"featured_media":5246,"comment_status":"closed","ping_status":"closed","sticky":false,"template":"","format":"standard","meta":{"footnotes":""},"categories":[39,41],"tags":[64,225],"class_list":{"0":"post-5243","1":"post","2":"type-post","3":"status-publish","4":"format-standard","5":"has-post-thumbnail","7":"category-eventos","8":"category-movimento","9":"tag-bibo-nunes","10":"tag-ufsm"},"_links":{"self":[{"href":"https:\/\/sinasefesm.com\/index.php\/wp-json\/wp\/v2\/posts\/5243","targetHints":{"allow":["GET"]}}],"collection":[{"href":"https:\/\/sinasefesm.com\/index.php\/wp-json\/wp\/v2\/posts"}],"about":[{"href":"https:\/\/sinasefesm.com\/index.php\/wp-json\/wp\/v2\/types\/post"}],"author":[{"embeddable":true,"href":"https:\/\/sinasefesm.com\/index.php\/wp-json\/wp\/v2\/users\/5"}],"replies":[{"embeddable":true,"href":"https:\/\/sinasefesm.com\/index.php\/wp-json\/wp\/v2\/comments?post=5243"}],"version-history":[{"count":0,"href":"https:\/\/sinasefesm.com\/index.php\/wp-json\/wp\/v2\/posts\/5243\/revisions"}],"wp:featuredmedia":[{"embeddable":true,"href":"https:\/\/sinasefesm.com\/index.php\/wp-json\/wp\/v2\/media\/5246"}],"wp:attachment":[{"href":"https:\/\/sinasefesm.com\/index.php\/wp-json\/wp\/v2\/media?parent=5243"}],"wp:term":[{"taxonomy":"category","embeddable":true,"href":"https:\/\/sinasefesm.com\/index.php\/wp-json\/wp\/v2\/categories?post=5243"},{"taxonomy":"post_tag","embeddable":true,"href":"https:\/\/sinasefesm.com\/index.php\/wp-json\/wp\/v2\/tags?post=5243"}],"curies":[{"name":"wp","href":"https:\/\/api.w.org\/{rel}","templated":true}]}}