{"id":5249,"date":"2022-10-26T02:06:45","date_gmt":"2022-10-26T02:06:45","guid":{"rendered":"https:\/\/sinasefesm.com\/?p=5249"},"modified":"2022-10-26T02:06:45","modified_gmt":"2022-10-26T02:06:45","slug":"assembleia-do-sinasefe-define-delegados-a-plena-e-eleicoes-ao-sindicato","status":"publish","type":"post","link":"https:\/\/sinasefesm.com\/index.php\/2022\/10\/26\/assembleia-do-sinasefe-define-delegados-a-plena-e-eleicoes-ao-sindicato\/","title":{"rendered":"Assembleia do Sinasefe define delegados(as) \u00e0 Plena e elei\u00e7\u00f5es ao sindicato"},"content":{"rendered":"\n<p>Na pr\u00f3xima segunda-feira, 31 de outubro, o Sinasefe Santa Maria promove assembleia presencial para debater dois pontos principais com seus filiados e filiadas. O primeiro \u00e9 a elei\u00e7\u00e3o de delegados e delegadas que participar\u00e3o da 177\u00aa Plen\u00e1ria Nacional (Plena) do Sinasefe, marcada para ocorrer nos dias 12 e 13 de novembro, em Bras\u00edlia (DF). Mais abaixo, trazemos a programa\u00e7\u00e3o completa do evento. J\u00e1 o segundo ponto de pauta da assembleia refere-se \u00e0 prorroga\u00e7\u00e3o das elei\u00e7\u00f5es para a nova diretoria do Sinasefe Santa Maria.<\/p>\n\n\n\n<p>A assembleia da pr\u00f3xima segunda ocorre na sede do Sinasefe (Avenida Rio Branco, 601, sala 02), com primeira chamada \u00e0s 14h e segunda chamada \u00e0s 14h30.<\/p>\n\n\n\n<h2 class=\"wp-block-heading\">Saiba mais sobre a 177\u00aa Plena<\/h2>\n\n\n<div class=\"wp-block-image is-style-default\">\n<figure class=\"alignright size-full\"><img decoding=\"async\" src=\"https:\/\/sinasefesm.com\/wp-content\/uploads\/2022\/10\/177plenasite.png\" alt=\"\" class=\"wp-image-5251\"\/><\/figure><\/div>\n\n\n<p>Nos dois dias em que sindicalizados e sindicalizadas da dire\u00e7\u00e3o e da base do Sinasefe estar\u00e3o reunidos no Hotel San Marco, em Bras\u00edlia, alguns pontos de debate assumir\u00e3o centralidade, a exemplo das avalia\u00e7\u00f5es p\u00f3s-elei\u00e7\u00e3o presidencial e das lutas do funcionalismo p\u00fablico pelo arquivamento da Reforma Administrativa (PEC 32\/20) e pelo reajuste linear para 2023.<\/p>\n\n\n\n<p>Veja, abaixo, a programa\u00e7\u00e3o completa da 177\u00aa Plena:<\/p>\n\n\n\n<p><strong>Credenciamento<\/strong><\/p>\n\n\n\n<p>O credenciamento ser\u00e1 realizado presencialmente no dia 12\/11, das 8 \u00e0s 14 horas, na recep\u00e7\u00e3o da 177\u00aa PLENA.<\/p>\n\n\n\n<p><strong>Pauta<\/strong><\/p>\n\n\n\n<ol class=\"wp-block-list\" type=\"1\"><li>Avalia\u00e7\u00e3o de conjuntura p\u00f3s-elei\u00e7\u00e3o;<\/li><li>Luta pelo arquivamento da Reforma Administrativa (PEC 32\/2020);<\/li><li>Luta pelo reajuste linear dos servidores p\u00fablicos federais;<\/li><li><a href=\"https:\/\/sinasefe.org.br\/mulheres\/2022\/09\/27\/carta-do-3o-encontro-nacional-de-mulheres-do-sinasefe\/\" target=\"_blank\" rel=\"noreferrer noopener\">Encaminhamentos<\/a>&nbsp;do&nbsp;<a href=\"https:\/\/sinasefe.org.br\/mulheres\/\" target=\"_blank\" rel=\"noreferrer noopener\">3\u00ba Encontro Nacional de Mulheres do SINASEFE<\/a>;<\/li><li><a href=\"https:\/\/sinasefe.org.br\/site\/decisoes-judiciais-com-ganhos-financeiros-importantes\/\" target=\"_blank\" rel=\"noreferrer noopener\">A\u00e7\u00f5es judiciais<\/a>&nbsp;encaminhadas pela DN e pela&nbsp;<a href=\"https:\/\/sinasefe.org.br\/site\/sinasefe\/juridico\/\" target=\"_blank\" rel=\"noreferrer noopener\">Assessoria Jur\u00eddica Nacional<\/a>&nbsp;(AJN) do SINASEFE.<\/li><\/ol>\n\n\n\n<p><strong>Programa\u00e7\u00e3o<\/strong><\/p>\n\n\n\n<p><strong>12 de novembro (s\u00e1bado)<\/strong><\/p>\n\n\n\n<ul class=\"wp-block-list\"><li>08:00 \u00e0s 14:00: Credenciamento;<\/li><li>08:00 \u00e0s 10:00: Informes da DN e das Comiss\u00f5es do SINASEFE;<\/li><li>10:00 \u00e0s 12:30: Informes das se\u00e7\u00f5es sindicais;<\/li><li>12:30 \u00e0s 13:30: Almo\u00e7o;<\/li><li>13:30 \u00e0s 16:00: Avalia\u00e7\u00e3o de conjuntura p\u00f3s-elei\u00e7\u00e3o;<\/li><li>16:00 \u00e0s 18:30: Luta pelo arquivamento da Reforma Administrativa (PEC 32\/2020).<\/li><\/ul>\n\n\n\n<p><strong>13 de novembro (domingo)<\/strong><\/p>\n\n\n\n<ul class=\"wp-block-list\"><li>08:00 \u00e0s 09:30: Luta pelo reajuste linear dos servidores p\u00fablicos federais;<\/li><li>09:30 \u00e0s 10:30: Encaminhamentos do 3\u00ba Encontro Nacional de Mulheres do SINASEFE;<\/li><li>10:30 \u00e0s 11:30: A\u00e7\u00f5es judiciais encaminhadas pela DN e pela AJN do SINASEFE;<\/li><li>11:30 \u00e0s 12:00: Encaminhamentos;<\/li><li>12:00 \u00e0s 12:30: Encerramento.<\/li><\/ul>\n","protected":false},"excerpt":{"rendered":"<p>Na pr\u00f3xima segunda-feira, 31 de outubro, o Sinasefe Santa Maria promove assembleia presencial para debater dois pontos principais com seus filiados e filiadas. O primeiro \u00e9 a elei\u00e7\u00e3o de delegados e delegadas que participar\u00e3o da 177\u00aa Plen\u00e1ria Nacional (Plena) do Sinasefe, marcada para ocorrer nos dias 12 e 13 de novembro, em Bras\u00edlia (DF). Mais<\/p>\n","protected":false},"author":3,"featured_media":5250,"comment_status":"closed","ping_status":"closed","sticky":false,"template":"","format":"standard","meta":{"footnotes":""},"categories":[37,42,45],"tags":[],"class_list":{"0":"post-5249","1":"post","2":"type-post","3":"status-publish","4":"format-standard","5":"has-post-thumbnail","7":"category-destaque","8":"category-noticia","9":"category-sindicato"},"_links":{"self":[{"href":"https:\/\/sinasefesm.com\/index.php\/wp-json\/wp\/v2\/posts\/5249","targetHints":{"allow":["GET"]}}],"collection":[{"href":"https:\/\/sinasefesm.com\/index.php\/wp-json\/wp\/v2\/posts"}],"about":[{"href":"https:\/\/sinasefesm.com\/index.php\/wp-json\/wp\/v2\/types\/post"}],"author":[{"embeddable":true,"href":"https:\/\/sinasefesm.com\/index.php\/wp-json\/wp\/v2\/users\/3"}],"replies":[{"embeddable":true,"href":"https:\/\/sinasefesm.com\/index.php\/wp-json\/wp\/v2\/comments?post=5249"}],"version-history":[{"count":0,"href":"https:\/\/sinasefesm.com\/index.php\/wp-json\/wp\/v2\/posts\/5249\/revisions"}],"wp:featuredmedia":[{"embeddable":true,"href":"https:\/\/sinasefesm.com\/index.php\/wp-json\/wp\/v2\/media\/5250"}],"wp:attachment":[{"href":"https:\/\/sinasefesm.com\/index.php\/wp-json\/wp\/v2\/media?parent=5249"}],"wp:term":[{"taxonomy":"category","embeddable":true,"href":"https:\/\/sinasefesm.com\/index.php\/wp-json\/wp\/v2\/categories?post=5249"},{"taxonomy":"post_tag","embeddable":true,"href":"https:\/\/sinasefesm.com\/index.php\/wp-json\/wp\/v2\/tags?post=5249"}],"curies":[{"name":"wp","href":"https:\/\/api.w.org\/{rel}","templated":true}]}}