{"id":5260,"date":"2022-10-28T19:18:35","date_gmt":"2022-10-28T19:18:35","guid":{"rendered":"https:\/\/sinasefesm.com\/?p=5260"},"modified":"2022-10-28T19:18:35","modified_gmt":"2022-10-28T19:18:35","slug":"entidades-de-santa-maria-lancam-carta-contra-a-reeleicao-de-bolsonaro","status":"publish","type":"post","link":"https:\/\/sinasefesm.com\/index.php\/2022\/10\/28\/entidades-de-santa-maria-lancam-carta-contra-a-reeleicao-de-bolsonaro\/","title":{"rendered":"Entidades de Santa Maria lan\u00e7am carta contra a reelei\u00e7\u00e3o de Bolsonaro"},"content":{"rendered":"\n<p>O Sinasefe, em conjunto com o Sinprosm, o Sindicato dos Municip\u00e1rios de Santa Maria, a Sedufsm, o CPERS e o DCE, manifesta-se contra \u00e0 reelei\u00e7\u00e3o do atual presidente, Jair Bolsonaro (PL), em carta \u00e0 comunidade de Santa Maria. O desmonte dos servi\u00e7os p\u00fablicos, o negacionismo cient\u00edfico e a desvaloriza\u00e7\u00e3o da educa\u00e7\u00e3o p\u00fablica est\u00e3o entre as principais motiva\u00e7\u00f5es para o posicionamento das entidades sindicais e estudantis.<\/p>\n\n\n\n<p>No documento, tamb\u00e9m s\u00e3o relembrados os cortes de verbas das institui\u00e7\u00f5es p\u00fablicas de ensino, como o <a href=\"https:\/\/sinasefesm.com\/governo-bolsonaro-bloqueia-r3285-milhoes-das-universidades-e-institutos-federais%ef%bf%bc\/\">recente bloqueio de R$328,5 milh\u00f5es,<\/a> que s\u00f3 foi revertido gra\u00e7as \u00e0 mobiliza\u00e7\u00e3o popular. Outro ponto destacado foi o desrespeito do governo Bolsonaro com a democracia, haja vista as diversas insinua\u00e7\u00f5es de golpe, e com os pr\u00f3prios cidad\u00e3os brasileiros, especialmente durante a pandemia de covid-19, da qual o presidente fez piadas.<\/p>\n\n\n\n<p>Leia, abaixo, a carta na \u00edntegra, para entender as demais motiva\u00e7\u00f5es das entidades para se posicionarem contra Bolsonaro. Tamb\u00e9m \u00e9 poss\u00edvel baixar o texto aqui:<\/p>\n\n\n\n<div class=\"wp-block-file\"><a id=\"wp-block-file--media-bed4f395-3fda-420e-91b3-03a788dfc838\" href=\"https:\/\/sinasefesm.com\/wp-content\/uploads\/2022\/10\/WhatsApp-Image-2022-10-27-at-20.09.24.jpeg\">Carta em PDF<\/a><a href=\"https:\/\/sinasefesm.com\/wp-content\/uploads\/2022\/10\/WhatsApp-Image-2022-10-27-at-20.09.24.jpeg\" class=\"wp-block-file__button\" download aria-describedby=\"wp-block-file--media-bed4f395-3fda-420e-91b3-03a788dfc838\">Baixar<\/a><\/div>\n\n\n\n<p class=\"has-text-align-center has-vivid-red-color has-text-color\"><em>\u201cA educa\u00e7\u00e3o, os servi\u00e7os p\u00fablicos e o 2\u00b0 turno das elei\u00e7\u00f5es<\/em><\/p>\n\n\n\n<p class=\"has-text-align-center has-vivid-red-color has-text-color\"><em>N\u00e3o h\u00e1 d\u00favidas que vivemos no campo da educa\u00e7\u00e3o uma nova idade das trevas. Conhecimento, ci\u00eancia, vacina, arte e cultura s\u00e3o objetos de desmonte e ataques baixos por parte do governo federal e seus apoiadores.&nbsp; Referendados pelo presidente da rep\u00fablica, uma horda insipiente e irrespons\u00e1vel ataca de forma violenta e desqualificada um dos patrim\u00f4nios mais generosos do povo brasileiro: a educa\u00e7\u00e3o p\u00fablica.<\/em><\/p>\n\n\n\n<p class=\"has-text-align-center has-vivid-red-color has-text-color\"><em>O Minist\u00e9rio da Educa\u00e7\u00e3o se tornou um laborat\u00f3rio experimental de despreparados e ideologicamente cooptados para atender interesses que passam longe das reais necessidades da educa\u00e7\u00e3o nacional. Irrespons\u00e1veis cortes de verbas, desrespeito \u00e0 democracia das institui\u00e7\u00f5es, ministro estrangeiro que nada entendia de educa\u00e7\u00e3o, curr\u00edculo fraudado de ministro indicado ao cargo, ministro negacionista e outro que negociava verbas da educa\u00e7\u00e3o em troca de barras de ouro. Al\u00e9m disso, Jair Bolsonaro articula o fim dos servi\u00e7os p\u00fablicos atrav\u00e9s da Reforma Administrativa.<\/em><\/p>\n\n\n\n<p class=\"has-text-align-center has-vivid-red-color has-text-color\"><em>Recursos necess\u00e1rios \u00e0 educa\u00e7\u00e3o e \u00e0 sa\u00fade foram desviados para compra de parlamentares, esc\u00e2ndalo que ficou conhecido como \u201cor\u00e7amento secreto\u201d: bilh\u00f5es de reais distribu\u00eddos entre os deputados governistas sem qualquer controle e transpar\u00eancia.<\/em><\/p>\n\n\n\n<p class=\"has-text-align-center has-vivid-red-color has-text-color\"><em>A vacina t\u00e3o desejada pela popula\u00e7\u00e3o e a grande respons\u00e1vel por voltarmos a normalidade foi objeto de desinforma\u00e7\u00e3o, negacionismo e corrup\u00e7\u00e3o somente sendo efetivamente adquirida em raz\u00e3o de uma CPI que desvelou todo o desprezo de Bolsonaro pela vida dos brasileiros. Milhares de mortes poderiam ter sido evitadas e milhares de empregos preservados n\u00e3o fosse a incompet\u00eancia do presidente e seus ministros. \u00c9 uma gest\u00e3o inteira visando o desmonte dos servi\u00e7os p\u00fablicos.<\/em><\/p>\n\n\n\n<p class=\"has-text-align-center has-vivid-red-color has-text-color\"><em>Por tudo isso, entendendo que n\u00e3o h\u00e1 nem houve esfor\u00e7o algum no sentido da valoriza\u00e7\u00e3o e preserva\u00e7\u00e3o da vida, do desenvolvimento de uma educa\u00e7\u00e3o p\u00fablica, laica, gratuita e de qualidade, e no fortalecimento da democracia, n\u00f3s que representamos os servidores p\u00fablicos, manifestamos de forma veemente nossa posi\u00e7\u00e3o CONTR\u00c1RIA A REELEI\u00c7\u00c3O DE BOLSONARO.&nbsp; Para que possamos viver novamente tempos de toler\u00e2ncia, esperan\u00e7a e desenvolvimento.<\/em><\/p>\n\n\n\n<p class=\"has-text-align-center has-vivid-red-color has-text-color\"><em>Estamos ao lado da democracia, da ci\u00eancia e da vida.\u201d<\/em><\/p>\n\n\n\n<hr class=\"wp-block-separator has-alpha-channel-opacity\"\/>\n\n\n\n<p><em>Texto: Laurent Keller&nbsp;<\/em><\/p>\n\n\n\n<p><em>Imagem: divulga\u00e7\u00e3o&nbsp;<\/em><\/p>\n\n\n\n<p><em>Edi\u00e7\u00e3o: Bruna Homrich<\/em><\/p>\n","protected":false},"excerpt":{"rendered":"<p>O Sinasefe, em conjunto com o Sinprosm, o Sindicato dos Municip\u00e1rios de Santa Maria, a Sedufsm, o CPERS e o DCE, manifesta-se contra \u00e0 reelei\u00e7\u00e3o do atual presidente, Jair Bolsonaro (PL), em carta \u00e0 comunidade de Santa Maria. O desmonte dos servi\u00e7os p\u00fablicos, o negacionismo cient\u00edfico e a desvaloriza\u00e7\u00e3o da educa\u00e7\u00e3o p\u00fablica est\u00e3o entre as<\/p>\n","protected":false},"author":5,"featured_media":5261,"comment_status":"closed","ping_status":"closed","sticky":false,"template":"","format":"standard","meta":{"footnotes":""},"categories":[41,42],"tags":[141,213],"class_list":{"0":"post-5260","1":"post","2":"type-post","3":"status-publish","4":"format-standard","5":"has-post-thumbnail","7":"category-movimento","8":"category-noticia","9":"tag-governo-bolsonaro","10":"tag-servico-publico"},"_links":{"self":[{"href":"https:\/\/sinasefesm.com\/index.php\/wp-json\/wp\/v2\/posts\/5260","targetHints":{"allow":["GET"]}}],"collection":[{"href":"https:\/\/sinasefesm.com\/index.php\/wp-json\/wp\/v2\/posts"}],"about":[{"href":"https:\/\/sinasefesm.com\/index.php\/wp-json\/wp\/v2\/types\/post"}],"author":[{"embeddable":true,"href":"https:\/\/sinasefesm.com\/index.php\/wp-json\/wp\/v2\/users\/5"}],"replies":[{"embeddable":true,"href":"https:\/\/sinasefesm.com\/index.php\/wp-json\/wp\/v2\/comments?post=5260"}],"version-history":[{"count":0,"href":"https:\/\/sinasefesm.com\/index.php\/wp-json\/wp\/v2\/posts\/5260\/revisions"}],"wp:featuredmedia":[{"embeddable":true,"href":"https:\/\/sinasefesm.com\/index.php\/wp-json\/wp\/v2\/media\/5261"}],"wp:attachment":[{"href":"https:\/\/sinasefesm.com\/index.php\/wp-json\/wp\/v2\/media?parent=5260"}],"wp:term":[{"taxonomy":"category","embeddable":true,"href":"https:\/\/sinasefesm.com\/index.php\/wp-json\/wp\/v2\/categories?post=5260"},{"taxonomy":"post_tag","embeddable":true,"href":"https:\/\/sinasefesm.com\/index.php\/wp-json\/wp\/v2\/tags?post=5260"}],"curies":[{"name":"wp","href":"https:\/\/api.w.org\/{rel}","templated":true}]}}