{"id":5264,"date":"2022-11-01T03:27:45","date_gmt":"2022-11-01T03:27:45","guid":{"rendered":"https:\/\/sinasefesm.com\/?p=5264"},"modified":"2022-11-01T03:27:45","modified_gmt":"2022-11-01T03:27:45","slug":"assessores-destacam-armadilhas-juridicas-do-teletrabalho","status":"publish","type":"post","link":"https:\/\/sinasefesm.com\/index.php\/2022\/11\/01\/assessores-destacam-armadilhas-juridicas-do-teletrabalho\/","title":{"rendered":"Assessores destacam armadilhas jur\u00eddicas do teletrabalho"},"content":{"rendered":"\n<p>O Plano de Gest\u00e3o e Desempenho (PGD) foi a pauta de palestra ministrada por assessores jur\u00eddicos dos sindicatos da UFSM na \u00faltima quinta-feira, 27 de outubro, quando as e os servidores entenderam um pouco mais sobre o Plano que tem como um de seus principais objetivos a mensura\u00e7\u00e3o de atividades com foco na entrega de resultados. <\/p>\n\n\n\n<p>Institu\u00eddo pelo Decreto n\u00ba 11.072, de 17 de maio de 2022, o PGD prev\u00ea que as e os servidores possam desenvolver suas jornadas de trabalho de forma parcial ou total em modelo de teletrabalho. A proposta que parece encantadora num primeiro momento pode, contudo, reservar armadilhas capazes de onerar o servidor, achatar seu sal\u00e1rio e facilitar que seja v\u00edtima de ass\u00e9dios por parte de chefias.<\/p>\n\n\n\n<p>Representando o Sinasefe, a Sedufsm e a Assufsm, o assessor jur\u00eddico Heverton Padilha explicou que o tema \u00e9 complexo e deve ser analisado com cautela. H\u00e1 v\u00e1rios pontos ainda n\u00e3o esclarecidos pelo decreto, como a d\u00favida acerca do reconhecimento de acidentes de trabalho que ocorram no modelo de teletrabalho; dos mecanismos de protetividade ao servidor em teletrabalho que estiver sofrendo algum tipo de ass\u00e9dio e do pagamento de adicionais, tais como o noturno, durante o teletrabalho.<\/p>\n\n\n\n<p>Giovani Bortolini, advogado da Atens, lembrou que atualmente o controle da jornada das e dos servidores t\u00e9cnico-administrativos em educa\u00e7\u00e3o se d\u00e1 pelo registro do ponto eletr\u00f4nico. Aqueles e aquelas que adotarem o regime de teletrabalho ser\u00e3o cobrados para que cumpram metas e entreguem resultados dentro de prazos determinados. Segundo o advogado, h\u00e1 a possibilidade de que, desse modo, servidores sejam controlados \u201cfull time\u201d (todo o tempo).<\/p>\n\n\n\n<h2 class=\"wp-block-heading\">O que pensam as e os servidores da UFSM?<\/h2>\n\n\n\n<p>Entre os dias 27 de setembro e 7 de outubro, a UFSM deixou aberta, em seu Sistema de Question\u00e1rios, uma consulta p\u00fablica sobre o Plano de Gest\u00e3o e Desempenho e o Teletrabalho. Dos respondentes, 57% t\u00eam prefer\u00eancia por cumprir parte de sua jornada de trabalho mensal em outras depend\u00eancias, de forma remota, e parte da jornada de modo presencial na universidade. Ao todo, 741 t\u00e9cnicas e t\u00e9cnicos-administrativos em educa\u00e7\u00e3o responderam ao question\u00e1rio.<\/p>\n\n\n\n<p>O resultado completo da Consulta P\u00fablica pode ser conferido&nbsp;<a href=\"https:\/\/www.ufsm.br\/app\/uploads\/sites\/341\/2022\/10\/Resultado-da-Consulta-Publica.pdf\" target=\"_blank\" rel=\"noreferrer noopener\">aqui<\/a>.<\/p>\n\n\n\n<h2 class=\"wp-block-heading\">Nota jur\u00eddica<\/h2>\n\n\n\n<p>Quem desejar entender mais sobre o que prev\u00ea o PGD e quais as poss\u00edveis armadilhas jur\u00eddicas que ele contempla, pode ler abaixo ou realizar o download da Nota T\u00e9cnica formulada pelo escrit\u00f3rio Wagner Advogados Associados acerca do tema.<\/p>\n\n\n\n<div data-wp-interactive=\"core\/file\" class=\"wp-block-file\"><object data-wp-bind--hidden=\"!state.hasPdfPreview\" hidden class=\"wp-block-file__embed\" data=\"https:\/\/sinasefesm.com\/wp-content\/uploads\/2022\/11\/Nota-Tecnica-Plano-de-Gestao-e-Desempenho.pdf\" type=\"application\/pdf\" style=\"width:100%;height:600px\" aria-label=\"Incorporado de Incorporado de Nota-Tecnica-Plano-de-Gestao-e-Desempenho..\"><\/object><a id=\"wp-block-file--media-374df0e1-a549-40b2-82de-950c2b8c05e9\" href=\"https:\/\/sinasefesm.com\/wp-content\/uploads\/2022\/11\/Nota-Tecnica-Plano-de-Gestao-e-Desempenho.pdf\">Nota-Tecnica-Plano-de-Gestao-e-Desempenho<\/a><a href=\"https:\/\/sinasefesm.com\/wp-content\/uploads\/2022\/11\/Nota-Tecnica-Plano-de-Gestao-e-Desempenho.pdf\" class=\"wp-block-file__button\" download aria-describedby=\"wp-block-file--media-374df0e1-a549-40b2-82de-950c2b8c05e9\">Baixar<\/a><\/div>\n","protected":false},"excerpt":{"rendered":"<p>O Plano de Gest\u00e3o e Desempenho (PGD) foi a pauta de palestra ministrada por assessores jur\u00eddicos dos sindicatos da UFSM na \u00faltima quinta-feira, 27 de outubro, quando as e os servidores entenderam um pouco mais sobre o Plano que tem como um de seus principais objetivos a mensura\u00e7\u00e3o de atividades com foco na entrega de<\/p>\n","protected":false},"author":3,"featured_media":5266,"comment_status":"closed","ping_status":"closed","sticky":false,"template":"","format":"standard","meta":{"footnotes":""},"categories":[37,42,45],"tags":[],"class_list":{"0":"post-5264","1":"post","2":"type-post","3":"status-publish","4":"format-standard","5":"has-post-thumbnail","7":"category-destaque","8":"category-noticia","9":"category-sindicato"},"_links":{"self":[{"href":"https:\/\/sinasefesm.com\/index.php\/wp-json\/wp\/v2\/posts\/5264","targetHints":{"allow":["GET"]}}],"collection":[{"href":"https:\/\/sinasefesm.com\/index.php\/wp-json\/wp\/v2\/posts"}],"about":[{"href":"https:\/\/sinasefesm.com\/index.php\/wp-json\/wp\/v2\/types\/post"}],"author":[{"embeddable":true,"href":"https:\/\/sinasefesm.com\/index.php\/wp-json\/wp\/v2\/users\/3"}],"replies":[{"embeddable":true,"href":"https:\/\/sinasefesm.com\/index.php\/wp-json\/wp\/v2\/comments?post=5264"}],"version-history":[{"count":0,"href":"https:\/\/sinasefesm.com\/index.php\/wp-json\/wp\/v2\/posts\/5264\/revisions"}],"wp:featuredmedia":[{"embeddable":true,"href":"https:\/\/sinasefesm.com\/index.php\/wp-json\/wp\/v2\/media\/5266"}],"wp:attachment":[{"href":"https:\/\/sinasefesm.com\/index.php\/wp-json\/wp\/v2\/media?parent=5264"}],"wp:term":[{"taxonomy":"category","embeddable":true,"href":"https:\/\/sinasefesm.com\/index.php\/wp-json\/wp\/v2\/categories?post=5264"},{"taxonomy":"post_tag","embeddable":true,"href":"https:\/\/sinasefesm.com\/index.php\/wp-json\/wp\/v2\/tags?post=5264"}],"curies":[{"name":"wp","href":"https:\/\/api.w.org\/{rel}","templated":true}]}}