{"id":5272,"date":"2022-11-03T16:23:16","date_gmt":"2022-11-03T16:23:16","guid":{"rendered":"https:\/\/sinasefesm.com\/?p=5272"},"modified":"2022-11-03T16:23:16","modified_gmt":"2022-11-03T16:23:16","slug":"sinasefe-santa-maria-participa-da-177o-plena-em-brasilia","status":"publish","type":"post","link":"https:\/\/sinasefesm.com\/index.php\/2022\/11\/03\/sinasefe-santa-maria-participa-da-177o-plena-em-brasilia\/","title":{"rendered":"Sinasefe Santa Maria participa da 177\u00ba Plena, em Bras\u00edlia"},"content":{"rendered":"\n<p> A 177\u00aa Plen\u00e1ria Nacional do Sinasefe (Plena) ocorre nos pr\u00f3ximos dias 12 e 13 de novembro, na cidade de Bras\u00edlia (DF), com uma s\u00e9rie de pautas fundamentais de serem discutidas no pr\u00f3ximo per\u00edodo. E o Sinasefe Santa Maria tomar\u00e1 parte em tais discuss\u00f5es, visto que, em assembleia local realizada na \u00faltima segunda-feira, 31 de novembro, a categoria indicou os nomes de Jos\u00e9 Ab\u00edlio de Freitas, um dos coordenadores gerais, e Cl\u00e1udio Kelling, tesoureiro geral do sindicato, para participarem do evento. Ambos se deslocar\u00e3o at\u00e9 a capital federal a fim de contribu\u00edrem com os debates coletivos e posteriormente trazerem as an\u00e1lises l\u00e1 formuladas para a base de Santa Maria e regi\u00e3o.<\/p>\n\n\n\n<p>Acompanhe, abaixo, a pauta e a programa\u00e7\u00e3o completa da 177\u00aa Plena:<\/p>\n\n\n\n<h2 class=\"wp-block-heading\"><strong>Pauta<\/strong><\/h2>\n\n\n\n<ol class=\"wp-block-list\" type=\"1\"><li>Avalia\u00e7\u00e3o de conjuntura p\u00f3s-elei\u00e7\u00e3o;<\/li><li>Luta pelo arquivamento da Reforma Administrativa (PEC 32\/2020);<\/li><li>Luta pelo reajuste linear dos servidores p\u00fablicos federais;<\/li><li><a href=\"https:\/\/sinasefe.org.br\/mulheres\/2022\/09\/27\/carta-do-3o-encontro-nacional-de-mulheres-do-sinasefe\/\" target=\"_blank\" rel=\"noreferrer noopener\">Encaminhamentos<\/a>&nbsp;do&nbsp;<a href=\"https:\/\/sinasefe.org.br\/mulheres\/\" target=\"_blank\" rel=\"noreferrer noopener\">3\u00ba Encontro Nacional de Mulheres do SINASEFE<\/a>;<\/li><li><a href=\"https:\/\/sinasefe.org.br\/site\/decisoes-judiciais-com-ganhos-financeiros-importantes\/\" target=\"_blank\" rel=\"noreferrer noopener\">A\u00e7\u00f5es judiciais<\/a>&nbsp;encaminhadas pela DN e pela&nbsp;<a href=\"https:\/\/sinasefe.org.br\/site\/sinasefe\/juridico\/\" target=\"_blank\" rel=\"noreferrer noopener\">Assessoria Jur\u00eddica Nacional<\/a>&nbsp;(AJN) do SINASEFE.<\/li><\/ol>\n\n\n\n<h2 class=\"wp-block-heading\"><strong>Programa\u00e7\u00e3o<\/strong><\/h2>\n\n\n\n<p><strong>12 de novembro (s\u00e1bado)<\/strong><\/p>\n\n\n\n<ul class=\"wp-block-list\"><li>08:00 \u00e0s 14:00: Credenciamento;<\/li><li>08:00 \u00e0s 10:00: Informes da DN e das Comiss\u00f5es do SINASEFE;<\/li><li>10:00 \u00e0s 12:30: Informes das se\u00e7\u00f5es sindicais;<\/li><li>12:30 \u00e0s 13:30: Almo\u00e7o;<\/li><li>13:30 \u00e0s 16:00: Avalia\u00e7\u00e3o de conjuntura p\u00f3s-elei\u00e7\u00e3o;<\/li><li>16:00 \u00e0s 18:30: Luta pelo arquivamento da Reforma Administrativa (PEC 32\/2020).<\/li><\/ul>\n\n\n\n<p><strong>13 de novembro (domingo)<\/strong><\/p>\n\n\n\n<ul class=\"wp-block-list\"><li>08:00 \u00e0s 09:30: Luta pelo reajuste linear dos servidores p\u00fablicos federais;<\/li><li>09:30 \u00e0s 10:30: Encaminhamentos do 3\u00ba Encontro Nacional de Mulheres do SINASEFE;<\/li><li>10:30 \u00e0s 11:30: A\u00e7\u00f5es judiciais encaminhadas pela DN e pela AJN do SINASEFE;<\/li><li>11:30 \u00e0s 12:00: Encaminhamentos;<\/li><li>12:00 \u00e0s 12:30: Encerramento.<\/li><\/ul>\n","protected":false},"excerpt":{"rendered":"<p>A 177\u00aa Plen\u00e1ria Nacional do Sinasefe (Plena) ocorre nos pr\u00f3ximos dias 12 e 13 de novembro, na cidade de Bras\u00edlia (DF), com uma s\u00e9rie de pautas fundamentais de serem discutidas no pr\u00f3ximo per\u00edodo. E o Sinasefe Santa Maria tomar\u00e1 parte em tais discuss\u00f5es, visto que, em assembleia local realizada na \u00faltima segunda-feira, 31 de novembro,<\/p>\n","protected":false},"author":3,"featured_media":5273,"comment_status":"closed","ping_status":"closed","sticky":false,"template":"","format":"standard","meta":{"footnotes":""},"categories":[37,39,42,45],"tags":[],"class_list":{"0":"post-5272","1":"post","2":"type-post","3":"status-publish","4":"format-standard","5":"has-post-thumbnail","7":"category-destaque","8":"category-eventos","9":"category-noticia","10":"category-sindicato"},"_links":{"self":[{"href":"https:\/\/sinasefesm.com\/index.php\/wp-json\/wp\/v2\/posts\/5272","targetHints":{"allow":["GET"]}}],"collection":[{"href":"https:\/\/sinasefesm.com\/index.php\/wp-json\/wp\/v2\/posts"}],"about":[{"href":"https:\/\/sinasefesm.com\/index.php\/wp-json\/wp\/v2\/types\/post"}],"author":[{"embeddable":true,"href":"https:\/\/sinasefesm.com\/index.php\/wp-json\/wp\/v2\/users\/3"}],"replies":[{"embeddable":true,"href":"https:\/\/sinasefesm.com\/index.php\/wp-json\/wp\/v2\/comments?post=5272"}],"version-history":[{"count":0,"href":"https:\/\/sinasefesm.com\/index.php\/wp-json\/wp\/v2\/posts\/5272\/revisions"}],"wp:featuredmedia":[{"embeddable":true,"href":"https:\/\/sinasefesm.com\/index.php\/wp-json\/wp\/v2\/media\/5273"}],"wp:attachment":[{"href":"https:\/\/sinasefesm.com\/index.php\/wp-json\/wp\/v2\/media?parent=5272"}],"wp:term":[{"taxonomy":"category","embeddable":true,"href":"https:\/\/sinasefesm.com\/index.php\/wp-json\/wp\/v2\/categories?post=5272"},{"taxonomy":"post_tag","embeddable":true,"href":"https:\/\/sinasefesm.com\/index.php\/wp-json\/wp\/v2\/tags?post=5272"}],"curies":[{"name":"wp","href":"https:\/\/api.w.org\/{rel}","templated":true}]}}