{"id":5276,"date":"2022-11-04T22:30:37","date_gmt":"2022-11-04T22:30:37","guid":{"rendered":"https:\/\/sinasefesm.com\/?p=5276"},"modified":"2022-11-04T22:30:37","modified_gmt":"2022-11-04T22:30:37","slug":"ix-revivencia-ocorre-em-novembro-apos-dois-anos-sem-o-evento","status":"publish","type":"post","link":"https:\/\/sinasefesm.com\/index.php\/2022\/11\/04\/ix-revivencia-ocorre-em-novembro-apos-dois-anos-sem-o-evento\/","title":{"rendered":"IX Reviv\u00eancia ocorre em dezembro, ap\u00f3s dois anos sem o evento"},"content":{"rendered":"\n<p>No dia 1\u00ba de dezembro, das 13h30min \u00e0s 17h30min, ocorre, no Jardim Bot\u00e2nico do <em>campus <\/em>sede da UFSM, a IX edi\u00e7\u00e3o do Reviv\u00eancia. Promovido pela Coordenadoria de Sa\u00fade e Qualidade de Vida do Servidor (CQVs), da Pr\u00f3-Reitoria de Gest\u00e3o de Pessoas (PROGEP), o evento \u00e9 voltado \u00e0 promo\u00e7\u00e3o de momentos de confraterniza\u00e7\u00e3o e troca de experi\u00eancias entre servidores(as) aposentados(as), docentes e t\u00e9cnico-administrativos(as) em educa\u00e7\u00e3o (TAE\u2019s).<\/p>\n\n\n\n<p>Depois de dois anos de pausa, em decorr\u00eancia da pandemia de Covid-19, o encontro voltar\u00e1 a acontecer com modifica\u00e7\u00f5es, como a menor dura\u00e7\u00e3o (somente ao longo da tarde), em decorr\u00eancia dos <a href=\"https:\/\/sinasefesm.com\/audiencia-publica-expoe-as-sequelas-dos-cortes-orcamentarios-sofridos-pela-ufsm%ef%bf%bc\/\">cortes or\u00e7ament\u00e1rios<\/a> que est\u00e3o afetando a organiza\u00e7\u00e3o dos eventos da UFSM.&nbsp;<\/p>\n\n\n\n<p>Para participar \u00e9 necess\u00e1rio realizar inscri\u00e7\u00e3o, at\u00e9 dia 21 de novembro, atrav\u00e9s do telefone: (55) 32208134.&nbsp;<\/p>\n\n\n\n<p><strong>Programa\u00e7\u00e3o<\/strong><\/p>\n\n\n\n<p>Inicialmente, haver\u00e1 uma homenagem aos servidores e \u00e0s servidoras que se aposentaram em 2020 e 2021. Em seguida, devem acontecer oficinas de integra\u00e7\u00e3o, com conversas com psic\u00f3loga, passeios pelo Jardim Bot\u00e2nico e atividades f\u00edsicas.&nbsp;<\/p>\n\n\n\n<p>Ao final do Reviv\u00eancia, acontecer\u00e1 um lanche coletivo entre os servidores. Por isso, a PROGEP, junto \u00e0s entidades representativas que est\u00e3o apoiando o evento, convida os docentes e t\u00e9cnicos a levarem um prato de doce ou salgado, e kit de chimarr\u00e3o.<\/p>\n\n\n\n<figure class=\"wp-block-image size-full is-resized\"><img fetchpriority=\"high\" decoding=\"async\" src=\"https:\/\/sinasefesm.com\/wp-content\/uploads\/2022\/11\/WhatsApp-Image-2022-11-03-at-22.35.26-1.jpeg\" alt=\"\" class=\"wp-image-5277\" width=\"582\" height=\"582\"\/><\/figure>\n\n\n\n<hr class=\"wp-block-separator has-alpha-channel-opacity\"\/>\n\n\n\n<p><em>Texto: Laurent Keller<\/em><\/p>\n\n\n\n<p><em>Imagens: Divulga\u00e7\u00e3o<\/em><\/p>\n\n\n\n<p><em>Edi\u00e7\u00e3o: Bruna Homrich<\/em><\/p>\n","protected":false},"excerpt":{"rendered":"<p>No dia 1\u00ba de dezembro, das 13h30min \u00e0s 17h30min, ocorre, no Jardim Bot\u00e2nico do campus sede da UFSM, a IX edi\u00e7\u00e3o do Reviv\u00eancia. Promovido pela Coordenadoria de Sa\u00fade e Qualidade de Vida do Servidor (CQVs), da Pr\u00f3-Reitoria de Gest\u00e3o de Pessoas (PROGEP), o evento \u00e9 voltado \u00e0 promo\u00e7\u00e3o de momentos de confraterniza\u00e7\u00e3o e troca de<\/p>\n","protected":false},"author":5,"featured_media":5294,"comment_status":"closed","ping_status":"closed","sticky":false,"template":"","format":"standard","meta":{"footnotes":""},"categories":[37,39],"tags":[210,214,225],"class_list":{"0":"post-5276","1":"post","2":"type-post","3":"status-publish","4":"format-standard","5":"has-post-thumbnail","7":"category-destaque","8":"category-eventos","9":"tag-revivencia","10":"tag-servidores-aposentados","11":"tag-ufsm"},"_links":{"self":[{"href":"https:\/\/sinasefesm.com\/index.php\/wp-json\/wp\/v2\/posts\/5276","targetHints":{"allow":["GET"]}}],"collection":[{"href":"https:\/\/sinasefesm.com\/index.php\/wp-json\/wp\/v2\/posts"}],"about":[{"href":"https:\/\/sinasefesm.com\/index.php\/wp-json\/wp\/v2\/types\/post"}],"author":[{"embeddable":true,"href":"https:\/\/sinasefesm.com\/index.php\/wp-json\/wp\/v2\/users\/5"}],"replies":[{"embeddable":true,"href":"https:\/\/sinasefesm.com\/index.php\/wp-json\/wp\/v2\/comments?post=5276"}],"version-history":[{"count":0,"href":"https:\/\/sinasefesm.com\/index.php\/wp-json\/wp\/v2\/posts\/5276\/revisions"}],"wp:featuredmedia":[{"embeddable":true,"href":"https:\/\/sinasefesm.com\/index.php\/wp-json\/wp\/v2\/media\/5294"}],"wp:attachment":[{"href":"https:\/\/sinasefesm.com\/index.php\/wp-json\/wp\/v2\/media?parent=5276"}],"wp:term":[{"taxonomy":"category","embeddable":true,"href":"https:\/\/sinasefesm.com\/index.php\/wp-json\/wp\/v2\/categories?post=5276"},{"taxonomy":"post_tag","embeddable":true,"href":"https:\/\/sinasefesm.com\/index.php\/wp-json\/wp\/v2\/tags?post=5276"}],"curies":[{"name":"wp","href":"https:\/\/api.w.org\/{rel}","templated":true}]}}