{"id":5284,"date":"2022-11-09T00:49:04","date_gmt":"2022-11-09T00:49:04","guid":{"rendered":"https:\/\/sinasefesm.com\/?p=5284"},"modified":"2022-11-09T00:49:04","modified_gmt":"2022-11-09T00:49:04","slug":"visita-ao-iffar-campus-jaguari-estimula-a-uniao-sindical","status":"publish","type":"post","link":"https:\/\/sinasefesm.com\/index.php\/2022\/11\/09\/visita-ao-iffar-campus-jaguari-estimula-a-uniao-sindical\/","title":{"rendered":"Visita ao IFFar, campus Jaguari, estimula a uni\u00e3o sindical"},"content":{"rendered":"\n<p>Na \u00faltima segunda-feira, 7 de novembro, membros da dire\u00e7\u00e3o do Sinasefe de Santa Maria foram \u00e0 Jaguari, junto com a assessoria jur\u00eddica do sindicato (Wagner Advogados Associados), dialogar com a base sindical da regi\u00e3o e pessoas interessadas em conhecer a entidade. O encontro, que ocorreu no audit\u00f3rio do Instituto Federal Farroupilha (IFFar), serviu para esclarecer d\u00favidas jur\u00eddicas dos servidores, al\u00e9m de expor as a\u00e7\u00f5es feitas pelo Sinasefe em 2022 e compreender as demandas locais.<\/p>\n\n\n\n<p>Representando a diretoria da se\u00e7\u00e3o sindical santa-mariense, participaram da reuni\u00e3o o Secret\u00e1rio de Carreira e de Rela\u00e7\u00e3o de Trabalho, Ad\u00e3o Damasceno, e o Secret\u00e1rio dos Aposentados, Claudio do Nascimento, enquanto Heverton Padilha esteve presente em nome da assessoria jur\u00eddica. Juntos, explicaram aos filiados e \u00e0s filiadas as atividades promovidas pelo Sinasefe ao longo do ano, como a elabora\u00e7\u00e3o da carta em defesa da democracia, a participa\u00e7\u00e3o em plen\u00e1rias, encontros jur\u00eddicos e manifesta\u00e7\u00f5es, a organiza\u00e7\u00e3o de palestras e <em>lives<\/em>, dentre outras a\u00e7\u00f5es. De acordo com o Secret\u00e1rio de aposentados, foi importante esclarecer tais pontos \u00e0 base sindical, para que todos estejam a par do que o Sinasefe faz.&nbsp;<\/p>\n\n\n\n<figure class=\"wp-block-image alignwide size-full\"><img decoding=\"async\" src=\"https:\/\/sinasefesm.com\/wp-content\/uploads\/2022\/11\/WhatsApp-Image-2022-11-08-at-13.25.17-edited-1.jpeg\" alt=\"\" class=\"wp-image-5290\"\/><figcaption>Heverton Padilha<\/figcaption><\/figure>\n\n\n\n<p>Damasceno aproveitou a ocasi\u00e3o para conversar com os servidores de Jaguari a respeito da implementa\u00e7\u00e3o do <a href=\"https:\/\/sinasefesm.com\/assessores-destacam-armadilhas-juridicas-do-teletrabalho\/\">teletrabalho<\/a> e a necessidade de que a categoria compreenda o assunto. A proposta estabelece que os docentes e t\u00e9cnico-administrativos possam desenvolver suas jornadas de trabalho de forma parcial ou totalmente remota. Contudo, a execu\u00e7\u00e3o da medida permitiria que uma s\u00e9rie de problemas surgissem, como a diminui\u00e7\u00e3o dos sal\u00e1rios.<\/p>\n\n\n\n<p>Posteriormente, Heverton Padilha dialogou com os filiados, como conta Claudio do Nascimento: <em>\u2018\u2019o advogado discorreu acerca de todas as a\u00e7\u00f5es que o Sinasefe ingressou na justi\u00e7a, em defesa dos direitos dos trabalhadores e das trabalhadoras.\u2019\u2019<\/em><\/p>\n\n\n\n<p class=\"has-medium-font-size\"><strong>Fortalecimento da uni\u00e3o sindical<\/strong><\/p>\n\n\n\n<p>Visitas como essa a Jaguari estimulam a coes\u00e3o e o equil\u00edbrio entre a base sindical, pois permitem que os objetivos da base de cada regi\u00e3o se alinhem e progridam juntos. O docente do IFFar, <em>campus<\/em> Jaguari, Lucas Martins Flores, que participou do evento, encara visitas como a desta segunda-feira com muita positividade: <em>\u2018\u2019esses encontros que o Sinasefe est\u00e1 promovendo agora depois da pandemia s\u00e3o fundamentais para a uni\u00e3o da categoria em prol de lutas coletivas. Ent\u00e3o foi fundamental a fala da diretoria com o intuito de mobilizar o pessoal a voltar a lutar pelos seus direitos, a se engajar com a categoria.\u2019\u2019<\/em><\/p>\n\n\n\n<hr class=\"wp-block-separator has-alpha-channel-opacity\"\/>\n\n\n\n<p><em>Texto: Laurent Keller<\/em><\/p>\n\n\n\n<p><em>Imagens: Claudio do Nascimento<\/em><\/p>\n\n\n\n<p><em>Edi\u00e7\u00e3o: Bruna Homrich<\/em><\/p>\n","protected":false},"excerpt":{"rendered":"<p>Na \u00faltima segunda-feira, 7 de novembro, membros da dire\u00e7\u00e3o do Sinasefe de Santa Maria foram \u00e0 Jaguari, junto com a assessoria jur\u00eddica do sindicato (Wagner Advogados Associados), dialogar com a base sindical da regi\u00e3o e pessoas interessadas em conhecer a entidade. O encontro, que ocorreu no audit\u00f3rio do Instituto Federal Farroupilha (IFFar), serviu para esclarecer<\/p>\n","protected":false},"author":5,"featured_media":5286,"comment_status":"closed","ping_status":"closed","sticky":false,"template":"","format":"standard","meta":{"footnotes":""},"categories":[37,39],"tags":[149,155,156],"class_list":{"0":"post-5284","1":"post","2":"type-post","3":"status-publish","4":"format-standard","5":"has-post-thumbnail","7":"category-destaque","8":"category-eventos","9":"tag-iffar","10":"tag-institutos-federais","11":"tag-jaguari"},"_links":{"self":[{"href":"https:\/\/sinasefesm.com\/index.php\/wp-json\/wp\/v2\/posts\/5284","targetHints":{"allow":["GET"]}}],"collection":[{"href":"https:\/\/sinasefesm.com\/index.php\/wp-json\/wp\/v2\/posts"}],"about":[{"href":"https:\/\/sinasefesm.com\/index.php\/wp-json\/wp\/v2\/types\/post"}],"author":[{"embeddable":true,"href":"https:\/\/sinasefesm.com\/index.php\/wp-json\/wp\/v2\/users\/5"}],"replies":[{"embeddable":true,"href":"https:\/\/sinasefesm.com\/index.php\/wp-json\/wp\/v2\/comments?post=5284"}],"version-history":[{"count":0,"href":"https:\/\/sinasefesm.com\/index.php\/wp-json\/wp\/v2\/posts\/5284\/revisions"}],"wp:featuredmedia":[{"embeddable":true,"href":"https:\/\/sinasefesm.com\/index.php\/wp-json\/wp\/v2\/media\/5286"}],"wp:attachment":[{"href":"https:\/\/sinasefesm.com\/index.php\/wp-json\/wp\/v2\/media?parent=5284"}],"wp:term":[{"taxonomy":"category","embeddable":true,"href":"https:\/\/sinasefesm.com\/index.php\/wp-json\/wp\/v2\/categories?post=5284"},{"taxonomy":"post_tag","embeddable":true,"href":"https:\/\/sinasefesm.com\/index.php\/wp-json\/wp\/v2\/tags?post=5284"}],"curies":[{"name":"wp","href":"https:\/\/api.w.org\/{rel}","templated":true}]}}