{"id":5315,"date":"2022-11-18T14:23:05","date_gmt":"2022-11-18T14:23:05","guid":{"rendered":"https:\/\/sinasefesm.com\/?p=5315"},"modified":"2022-11-18T14:23:05","modified_gmt":"2022-11-18T14:23:05","slug":"177a-plena-encerra-perspectivando-agenda-de-mobilizacao-para-o-proximo-periodo","status":"publish","type":"post","link":"https:\/\/sinasefesm.com\/index.php\/2022\/11\/18\/177a-plena-encerra-perspectivando-agenda-de-mobilizacao-para-o-proximo-periodo\/","title":{"rendered":"177\u00aa Plena encerra perspectivando agenda de mobiliza\u00e7\u00e3o para o pr\u00f3ximo per\u00edodo"},"content":{"rendered":"\n<p>Durante o \u00faltimo final de semana, dias 12 e 13 de novembro, docentes e t\u00e9cnico-administrativos em educa\u00e7\u00e3o da dire\u00e7\u00e3o e da base do Sinasefe reuniram-se em Bras\u00edlia para discutir quais ser\u00e3o as a\u00e7\u00f5es e as prioridades do sindicato no pr\u00f3ximo per\u00edodo. O evento, chamado de 177\u00aa Plena (Plen\u00e1ria Nacional), teve participa\u00e7\u00e3o de dois dirigentes do Sinasefe Santa Maria: Ab\u00edlio Lima de Freitas e Cl\u00e1udio Kelling.<\/p>\n\n\n\n<p>No que tange \u00e0 linha pol\u00edtica a ser adotada pelo Sinasefe e por suas se\u00e7\u00f5es sindicais destacam-se as tarefas de derrotar o neofascismo nas ruas, garantir a posse de Luiz In\u00e1cio Lula da Silva como presidente da Rep\u00fablica, lutar pelo cumprimento das promessas de campanha do presidente eleito e pelo atendimento das demandas apresentadas tanto pela categoria quanto pelo conjunto da classe trabalhadora.<\/p>\n\n\n\n<p>Quest\u00f5es como a manuten\u00e7\u00e3o do programa Bolsa Fam\u00edlia no valor de R$ 600, com acr\u00e9scimo de R$ 150 por crian\u00e7a de at\u00e9 seis anos, vacinada e na escola; isen\u00e7\u00e3o do Imposto de Renda para sal\u00e1rios de at\u00e9 R$ 5 mil; nova pol\u00edtica ambiental, cuja estrat\u00e9gia seja o desmatamento zero e a recupera\u00e7\u00e3o das \u00e1reas degradadas; aumento real do sal\u00e1rio m\u00ednimo; investimentos em sa\u00fade, educa\u00e7\u00e3o, moradia, transporte e seguran\u00e7a; revoga\u00e7\u00e3o da Reforma Trabalhista, da Lei das Terceiriza\u00e7\u00f5es, da Reforma da Previd\u00eancia e da Lei do Teto de Gastos; e anula\u00e7\u00e3o do sigilo de 100 anos para os documentos do governo Bolsonaro est\u00e3o dentre as reivindica\u00e7\u00f5es listadas pelas e pelos participantes da 177\u00aa Plena.<\/p>\n\n\n\n<p>J\u00e1 no que se refere \u00e0s pautas espec\u00edficas levadas pelo Sinasefe ao novo governo, que assume a partir de 1\u00ba de janeiro, as prioridades ser\u00e3o as seguintes: abertura de negocia\u00e7\u00e3o sindical; recomposi\u00e7\u00e3o salarial para docentes e TAEs (t\u00e9cnico-administrativos em educa\u00e7\u00e3o); recomposi\u00e7\u00e3o dos aux\u00edlios alimenta\u00e7\u00e3o, sa\u00fade, creche e transporte; revoga\u00e7\u00e3o do novo ensino m\u00e9dio e do atual PNLD \u2013 defendendo o debate por um ensino m\u00e9dio que atenda os interesses da classe trabalhadora e de sua juventude; investimento e expans\u00e3o da Rede Federal profissional, cient\u00edfica e tecnol\u00f3gica; e revoga\u00e7\u00e3o de documentos como a Portaria 983\/2020, a Instru\u00e7\u00e3o Normativa 125\/2020 e a IN 54\/2021.<\/p>\n\n\n\n<figure class=\"wp-block-image size-full is-style-default\"><img decoding=\"async\" src=\"https:\/\/sinasefesm.com\/wp-content\/uploads\/2022\/11\/PLENA-177.jpg\" alt=\"\" class=\"wp-image-5324\"\/><\/figure>\n\n\n\n<h2 class=\"wp-block-heading\">Agenda de mobiliza\u00e7\u00e3o<\/h2>\n\n\n\n<p>No evento do \u00faltimo final de semana, o Sinasefe tamb\u00e9m definiu uma agenda de mobiliza\u00e7\u00e3o para o pr\u00f3ximo per\u00edodo. Conhe\u00e7a as principais datas:<\/p>\n\n\n\n<p><strong>\u2022 20\/11 \u2013 Dia da Consci\u00eancia Negra.<\/strong> O Sinasefe orienta que todas as se\u00e7\u00f5es de base se engajem construindo e fortalecendo o ato nessa data, que ter\u00e1 como protagonismo o movimento negro e em defesa da bandeira da democracia e em respeito ao voto popular.<\/p>\n\n\n\n<p>&nbsp;\u2022 <strong>07\/12 \u2013 Plen\u00e1ria Nacional dos Movimentos Sociais e Centrais Sindicais em S\u00e3o Paulo.<\/strong><\/p>\n\n\n\n<p><strong>19\/12 \u2013 Diploma\u00e7\u00e3o de Lula.<\/strong> O Sinasefe orienta que sua base, dentro de suas possibilidades, envie representa\u00e7\u00f5es a Bras\u00edlia para fortalecer esse dia em defesa da democracia, em respeito ao voto popular e pela posse de Lula. As se\u00e7\u00f5es que por qualquer motivo n\u00e3o possam participar do ocupa Bras\u00edlia, que ajudem, conforme suas possibilidades, financeiramente aquelas que desejam participar, mas encontram-se em di dificuldade.<\/p>\n\n\n\n<p>\u2022 <strong>01\/01\/2023 &#8211;<\/strong> O Sinasefe orienta que as se\u00e7\u00f5es sindicais envidem todos os esfor\u00e7os para o envio de caravanas a Bras\u00edlia, para realiza\u00e7\u00e3o de grande manifesta\u00e7\u00e3o de massa nos dias 30 e 31\/12 em defesa da democracia.<\/p>\n\n\n\n<p><strong>Luta contra a PEC 32 e em defesa do reajuste salarial:<\/strong><\/p>\n\n\n\n<p>\u2022 Sinasefe propor\u00e1 ao Fonasefe, em sua pr\u00f3xima reuni\u00e3o, o dia 19\/12, como Dia Nacional de Luta com mobiliza\u00e7\u00f5es nos locais de trabalho e o dia 20\/12 para realiza\u00e7\u00e3o de um ato no Congresso Nacional, a fim de sensibilizar os parlamentares pelo arquivamento da PEC 32 e aprova\u00e7\u00e3o da Emenda do reajuste salarial.<\/p>\n\n\n\n<h2 class=\"wp-block-heading\">Propostas diversas<\/h2>\n\n\n\n<p>1. A 177\u00aa referenda os encaminhamentos aprovados no 3\u00ba Encontro Nacional de Mulheres do Sinasefe (Em anexo).<\/p>\n\n\n\n<p>2. Aprovada a realiza\u00e7\u00e3o de uma Plen\u00e1ria espec\u00edfica, ainda para o m\u00eas de novembro, para defini\u00e7\u00e3o dos encaminhamentos para o 2\u00ba Encontro Nacional de Negras, Negros, Ind\u00edgenas e Quilombolas do Sinasefe.<\/p>\n\n\n\n<p>3. Defender e intensificar a luta pelo RSC para os TAEs e aposentados e contra os retrocessos na RSC.<\/p>\n\n\n\n<p>4. Em defesa da DATA-BASE.<\/p>\n\n\n\n<p>5. Lutar para que TAEs e docentes, em qualquer n\u00edvel da carreira, possam concorrer a todos os cargos eletivos em suas institui\u00e7\u00f5es.<\/p>\n\n\n\n<p>6. Reativa\u00e7\u00e3o do GT Carreira do Sinasefe.<\/p>\n\n\n\n<p>7. Revoga\u00e7\u00e3o da lei que permite a militariza\u00e7\u00e3o das escolas brasileiras e desmilitariza\u00e7\u00e3o das escolas militares.<\/p>\n\n\n\n<p>8. Aprovada a contribui\u00e7\u00e3o financeira para a produ\u00e7\u00e3o do document\u00e1rio sobre Zumbi dos Palmares e seu legado, feito em parceria com o cineasta Carlos Pronzato. O Sinasefe Nacional doar\u00e1 o valor de tr\u00eas mil reais (3 mil) e orienta a todas as se\u00e7\u00f5es sindicais a contribu\u00edrem, conforme suas possibilidades.<\/p>\n\n\n\n<p>9. O Sinasefe, assim como as se\u00e7\u00f5es sindicais pressionem os senadores em Bras\u00edlia e nos estados para vota\u00e7\u00e3o favor\u00e1vel ao PL que trata do ass\u00e9dio moral como crime.<\/p>\n\n\n\n<p>10. Altera\u00e7\u00e3o da Lei 11.091\/2005 &#8211; 30 horas para todos!<\/p>\n\n\n\n<p>11. Que o Sinasefe Nacional fa\u00e7a repasse imediato, a t\u00edtulo de empr\u00e9stimo, \u00e0 se\u00e7\u00e3o IFPE, a fim de viabilizar ajuda financeira \u00e0 servidora filiada Priscila, v\u00edtima de persegui\u00e7\u00e3o e que passa por um PAD e est\u00e1 com seu sal\u00e1rio suspenso.<\/p>\n\n\n\n<h2 class=\"wp-block-heading\">Veja, abaixo, o documento completo com os encaminhamentos da 177\u00aa Plena e tamb\u00e9m com as mo\u00e7\u00f5es aprovadas durante o evento.<\/h2>\n\n\n\n<div data-wp-interactive=\"core\/file\" class=\"wp-block-file\"><object data-wp-bind--hidden=\"!state.hasPdfPreview\" hidden class=\"wp-block-file__embed\" data=\"https:\/\/sinasefesm.com\/wp-content\/uploads\/2022\/11\/20221117plena177encaminhamentos.pdf\" type=\"application\/pdf\" style=\"width:100%;height:600px\" aria-label=\"Incorporado de Incorporado de 20221117plena177encaminhamentos..\"><\/object><a id=\"wp-block-file--media-88317d98-40ac-43a9-918f-50e46cad40ac\" href=\"https:\/\/sinasefesm.com\/wp-content\/uploads\/2022\/11\/20221117plena177encaminhamentos.pdf\">20221117plena177encaminhamentos<\/a><a href=\"https:\/\/sinasefesm.com\/wp-content\/uploads\/2022\/11\/20221117plena177encaminhamentos.pdf\" class=\"wp-block-file__button\" download aria-describedby=\"wp-block-file--media-88317d98-40ac-43a9-918f-50e46cad40ac\">Baixar<\/a><\/div>\n\n\n","protected":false},"excerpt":{"rendered":"<p>Durante o \u00faltimo final de semana, dias 12 e 13 de novembro, docentes e t\u00e9cnico-administrativos em educa\u00e7\u00e3o da dire\u00e7\u00e3o e da base do Sinasefe reuniram-se em Bras\u00edlia para discutir quais ser\u00e3o as a\u00e7\u00f5es e as prioridades do sindicato no pr\u00f3ximo per\u00edodo. O evento, chamado de 177\u00aa Plena (Plen\u00e1ria Nacional), teve participa\u00e7\u00e3o de dois dirigentes do<\/p>\n","protected":false},"author":3,"featured_media":5317,"comment_status":"closed","ping_status":"closed","sticky":false,"template":"","format":"standard","meta":{"footnotes":""},"categories":[42,45],"tags":[],"class_list":{"0":"post-5315","1":"post","2":"type-post","3":"status-publish","4":"format-standard","5":"has-post-thumbnail","7":"category-noticia","8":"category-sindicato"},"_links":{"self":[{"href":"https:\/\/sinasefesm.com\/index.php\/wp-json\/wp\/v2\/posts\/5315","targetHints":{"allow":["GET"]}}],"collection":[{"href":"https:\/\/sinasefesm.com\/index.php\/wp-json\/wp\/v2\/posts"}],"about":[{"href":"https:\/\/sinasefesm.com\/index.php\/wp-json\/wp\/v2\/types\/post"}],"author":[{"embeddable":true,"href":"https:\/\/sinasefesm.com\/index.php\/wp-json\/wp\/v2\/users\/3"}],"replies":[{"embeddable":true,"href":"https:\/\/sinasefesm.com\/index.php\/wp-json\/wp\/v2\/comments?post=5315"}],"version-history":[{"count":0,"href":"https:\/\/sinasefesm.com\/index.php\/wp-json\/wp\/v2\/posts\/5315\/revisions"}],"wp:featuredmedia":[{"embeddable":true,"href":"https:\/\/sinasefesm.com\/index.php\/wp-json\/wp\/v2\/media\/5317"}],"wp:attachment":[{"href":"https:\/\/sinasefesm.com\/index.php\/wp-json\/wp\/v2\/media?parent=5315"}],"wp:term":[{"taxonomy":"category","embeddable":true,"href":"https:\/\/sinasefesm.com\/index.php\/wp-json\/wp\/v2\/categories?post=5315"},{"taxonomy":"post_tag","embeddable":true,"href":"https:\/\/sinasefesm.com\/index.php\/wp-json\/wp\/v2\/tags?post=5315"}],"curies":[{"name":"wp","href":"https:\/\/api.w.org\/{rel}","templated":true}]}}