{"id":5326,"date":"2022-11-18T20:33:17","date_gmt":"2022-11-18T20:33:17","guid":{"rendered":"https:\/\/sinasefesm.com\/?p=5326"},"modified":"2022-11-18T20:33:17","modified_gmt":"2022-11-18T20:33:17","slug":"paulo-pimenta-garante-a-volta-do-dialogo-com-sindicatos-no-governo-lula","status":"publish","type":"post","link":"https:\/\/sinasefesm.com\/index.php\/2022\/11\/18\/paulo-pimenta-garante-a-volta-do-dialogo-com-sindicatos-no-governo-lula\/","title":{"rendered":"Paulo Pimenta garante a volta do di\u00e1logo com sindicatos no Governo Lula"},"content":{"rendered":"\n<p>Em entrevista concedida ao Sinasefe de Santa Maria, o Deputado Federal Paulo Pimenta (PT) contou as medidas priorit\u00e1rias para a educa\u00e7\u00e3o do pr\u00f3ximo Governo Lula, a ser empossado em 2023, al\u00e9m de refor\u00e7ar a volta do di\u00e1logo entre a gest\u00e3o do Estado e as entidades sindicais. Pimenta, filiado ao Partido dos Trabalhadores desde 1985, \u00e9 natural de Santa Maria, onde atuou como vice-prefeito de Valdeci Oliveira (PT), entre 2000 e 2002. Ap\u00f3s esse per\u00edodo, o petista ingressou na C\u00e2mara de Deputados em 2003, para onde foi reeleito, pela sexta vez, no pleito ocorrido em outubro deste ano. Confira abaixo, a entrevista feita com ele:&nbsp;<\/p>\n\n\n\n<p><strong>P: Deputado, nos quatro anos de governo Bolsonaro, e especialmente nos \u00faltimos meses, as universidades e institutos federais vivenciaram cortes volumosos de or\u00e7amento, que inviabilizaram diversos servi\u00e7os e inclusive o ensino, a pesquisa e a extens\u00e3o. Na sua avalia\u00e7\u00e3o, a recomposi\u00e7\u00e3o or\u00e7ament\u00e1ria das universidades e institutos p\u00fablicos deve ser pauta priorit\u00e1ria do pr\u00f3ximo governo Lula? E como garantir esse or\u00e7amento?<\/strong><\/p>\n\n\n\n<p><em>R: O or\u00e7amento de 2023 tem uma previs\u00e3o de 3,5 bilh\u00f5es de reais a menos para as universidades e institutos federais que o or\u00e7amento de 2022, que j\u00e1 era um valor insuficiente.&nbsp;<\/em><\/p>\n\n\n\n<p><em>N\u00f3s estamos trabalhando para recompor esses 3,5 bilh\u00f5es, mas isso depender\u00e1 da aprova\u00e7\u00e3o da PEC [da transi\u00e7\u00e3o]. [&#8230;] Voc\u00eas est\u00e3o acompanhando todo o debate sobre a PEC, mas ela teria que ser aprovada na C\u00e2mara e no Senado, para que depois a gente tente recompor os recursos que o or\u00e7amento n\u00e3o prev\u00ea.<\/em><\/p>\n\n\n\n<p>A Proposta de Emenda \u00e0 Constitui\u00e7\u00e3o (PEC) que Pimenta cita surgiu em decorr\u00eancia do or\u00e7amento escasso para 2023, aprovado pela gest\u00e3o Bolsonaro (PL), que n\u00e3o inclui os custos de manuten\u00e7\u00e3o do Aux\u00edlio Brasil em R$ 600,00, por exemplo. Ademais, a PEC da transi\u00e7\u00e3o serviria tamb\u00e9m para permitir que propostas de elei\u00e7\u00e3o do Lula, como o reajuste do sal\u00e1rio m\u00ednimo, sejam contempladas.<\/p>\n\n\n\n<p><strong>P: No que tange \u00e0 Educa\u00e7\u00e3o de uma forma geral, muito j\u00e1 se discute sobre o que deveria estar na centralidade da pauta do novo governo. Recomposi\u00e7\u00e3o da aprendizagem debilitada pela pandemia, valoriza\u00e7\u00e3o de educadores e mais investimentos na educa\u00e7\u00e3o b\u00e1sica, profissional e superior destacam-se na pauta das entidades estudantis e sindicais. O senhor tem informa\u00e7\u00f5es sobre quais as prioridades do pr\u00f3ximo governo Lula para a Educa\u00e7\u00e3o?&nbsp;<\/strong><\/p>\n\n\n\n<p><em>R: As prioridades do nosso governo em rela\u00e7\u00e3o \u00e0 educa\u00e7\u00e3o constam em nosso programa de governo. [Dentre elas, destacam-se] o fortalecimento da educa\u00e7\u00e3o p\u00fablica e do ensino superior, o investimento para que se recupere o preju\u00edzo na aprendizagem que a pandemia causou, e o debate sobre a quest\u00e3o do ensino m\u00e9dio, porque n\u00f3s queremos rever essa legisla\u00e7\u00e3o que foi aprovada.<\/em><\/p>\n\n\n\n<p>Quando fala sobre o ensino m\u00e9dio, o Deputado se refere \u00e0 reforma da \u00e1rea, que come\u00e7ou a ser executada em 2022. A proposta modifica os componentes curriculares e a carga hor\u00e1ria das aulas, de forma a prejudicar a aprendizagem dos alunos, de acordo com vis\u00e3o das entidades representativas em educa\u00e7\u00e3o do Brasil. Saiba mais sobre o assunto, <a href=\"https:\/\/sinasefesm.com\/como-vem-sendo-a-implementacao-do-novo-ensino-medio-nos-colegios-federais-de-santa-maria\/\">aqui<\/a>.<\/p>\n\n\n\n<p><strong>P: Durante o governo Bolsonaro, as mesas de negocia\u00e7\u00e3o com as entidades sindicais foram fechadas e toda tentativa de acordo foi silenciada. Qual a import\u00e2ncia de Lula e sua equipe reabrirem esses canais de di\u00e1logo com as categorias?<\/strong><\/p>\n\n\n\n<p><em>R: O presidente Lula j\u00e1 se manifestou que, t\u00e3o logo assumamos o governo, vamos retomar as mesas de negocia\u00e7\u00e3o com todas as entidades sindicais. Isso \u00e9 um compromisso que j\u00e1 adotamos e foi reiterado pelos nossos interlocutores. Tenho certeza que, assumindo o novo governo, imediatamente n\u00f3s vamos retomar o di\u00e1logo e as mesas de negocia\u00e7\u00e3o.<\/em><\/p>\n\n\n\n<hr class=\"wp-block-separator has-alpha-channel-opacity\"\/>\n\n\n\n<p><em>Texto: Laurent Keller<\/em><\/p>\n\n\n\n<p><em>Imagem: C\u00e2mara dos Deputados<\/em><\/p>\n\n\n\n<p><em>Edi\u00e7\u00e3o: Bruna Homrich<\/em><\/p>\n","protected":false},"excerpt":{"rendered":"<p>Em entrevista concedida ao Sinasefe de Santa Maria, o Deputado Federal Paulo Pimenta (PT) contou as medidas priorit\u00e1rias para a educa\u00e7\u00e3o do pr\u00f3ximo Governo Lula, a ser empossado em 2023, al\u00e9m de refor\u00e7ar a volta do di\u00e1logo entre a gest\u00e3o do Estado e as entidades sindicais. Pimenta, filiado ao Partido dos Trabalhadores desde 1985, \u00e9<\/p>\n","protected":false},"author":5,"featured_media":5327,"comment_status":"closed","ping_status":"closed","sticky":false,"template":"","format":"standard","meta":{"footnotes":""},"categories":[42],"tags":[142,182],"class_list":{"0":"post-5326","1":"post","2":"type-post","3":"status-publish","4":"format-standard","5":"has-post-thumbnail","7":"category-noticia","8":"tag-governo-lula","9":"tag-paulo-pimenta"},"_links":{"self":[{"href":"https:\/\/sinasefesm.com\/index.php\/wp-json\/wp\/v2\/posts\/5326","targetHints":{"allow":["GET"]}}],"collection":[{"href":"https:\/\/sinasefesm.com\/index.php\/wp-json\/wp\/v2\/posts"}],"about":[{"href":"https:\/\/sinasefesm.com\/index.php\/wp-json\/wp\/v2\/types\/post"}],"author":[{"embeddable":true,"href":"https:\/\/sinasefesm.com\/index.php\/wp-json\/wp\/v2\/users\/5"}],"replies":[{"embeddable":true,"href":"https:\/\/sinasefesm.com\/index.php\/wp-json\/wp\/v2\/comments?post=5326"}],"version-history":[{"count":0,"href":"https:\/\/sinasefesm.com\/index.php\/wp-json\/wp\/v2\/posts\/5326\/revisions"}],"wp:featuredmedia":[{"embeddable":true,"href":"https:\/\/sinasefesm.com\/index.php\/wp-json\/wp\/v2\/media\/5327"}],"wp:attachment":[{"href":"https:\/\/sinasefesm.com\/index.php\/wp-json\/wp\/v2\/media?parent=5326"}],"wp:term":[{"taxonomy":"category","embeddable":true,"href":"https:\/\/sinasefesm.com\/index.php\/wp-json\/wp\/v2\/categories?post=5326"},{"taxonomy":"post_tag","embeddable":true,"href":"https:\/\/sinasefesm.com\/index.php\/wp-json\/wp\/v2\/tags?post=5326"}],"curies":[{"name":"wp","href":"https:\/\/api.w.org\/{rel}","templated":true}]}}