{"id":5329,"date":"2022-11-22T13:02:15","date_gmt":"2022-11-22T13:02:15","guid":{"rendered":"https:\/\/sinasefesm.com\/?p=5329"},"modified":"2022-11-22T13:02:15","modified_gmt":"2022-11-22T13:02:15","slug":"consciencia-negra-precisa-ir-alem-do-20-de-novembro","status":"publish","type":"post","link":"https:\/\/sinasefesm.com\/index.php\/2022\/11\/22\/consciencia-negra-precisa-ir-alem-do-20-de-novembro\/","title":{"rendered":"Consci\u00eancia Negra para muito al\u00e9m do 20 de novembro"},"content":{"rendered":"\n<p>No \u00faltimo domingo, 20 de novembro, celebrou-se o Dia da Consci\u00eancia Negra, data alusiva \u00e0 morte de Zumbi dos Palmares em 1695, s\u00edmbolo da resist\u00eancia negra durante o s\u00e9culo XVII. Desde 2003, quando o marco foi escolhido, muito se evoluiu em pol\u00edticas p\u00fablicas voltadas \u00e0s demandas da negritude e ao combate do racismo no Brasil. Contudo, ainda em 2022, 134 anos ap\u00f3s o fim da escravid\u00e3o, existem lacunas extremamente problem\u00e1ticas a serem superadas pela sociedade brasileira em rela\u00e7\u00e3o \u00e0 sua heran\u00e7a racista.<\/p>\n\n\n\n<p>Para se ter uma ideia, mesmo com 56% da popula\u00e7\u00e3o nacional se autodeclarando negra, esse grupo populacional ocupa apenas 30% dos cargos de chefia, conforme divulgado pelo IBGE. Nas universidades, a\u00e7\u00f5es afirmativas estimulam a entrada de pretos nas Federais, mas n\u00e3o garantem sua perman\u00eancia at\u00e9 a conclus\u00e3o dos cursos, com menos de 20% dos ingressantes se formando, de acordo com estudo do INEP de 2010. J\u00e1 em mortes pela pol\u00edcia, foram registrados 6416 \u00f3bitos de corpos pretos em 2020, conforme exp\u00f5em dados do Anu\u00e1rio de Seguran\u00e7a P\u00fablica. Tal valor equivale a 78% do total de mortes, o que revela o racismo enraizado nas mais diversas pr\u00e1ticas dos brasileiros.<\/p>\n\n\n\n<p>Apesar de o m\u00eas de novembro ser sempre marcado por diversos eventos e m\u00eddias voltadas \u00e0 discuss\u00e3o racial, parece que as pr\u00e1ticas antirracistas ainda pouco se desvinculam desse per\u00edodo. Na pr\u00f3pria UFSM, que promove frequentemente a\u00e7\u00f5es voltadas para a tem\u00e1tica do racismo e das a\u00e7\u00f5es afirmativas, as ideias n\u00e3o se concretizam como deveriam. Isso porque, dos seus 1784 professores ativos do ensino superior, somente nove s\u00e3o pretos e 65 pardos, n\u00famero equivalente a 3,64% do total, segundo informa\u00e7\u00f5es de 2021, da Pr\u00f3-Reitoria de Gest\u00e3o de Pessoas (PROGEP). <\/p>\n\n\n\n<p>Al\u00e9m de tais n\u00fameros serem problem\u00e1ticos em si, eles escondem outras quest\u00f5es que precisam ser discutidas, como a vis\u00e3o euroc\u00eantrica e norte-centrada acerca dos conte\u00fados lecionados dentro da institui\u00e7\u00e3o. O Doutor em Geografia e Professor Coordenador do N\u00facleo de Estudos Afro-Brasileiros e Ind\u00edgenas (NEABI) da UFSM, Anderson Luiz Machado dos Santos, explica os entraves da falta de pluralidade no ensino universit\u00e1rio: <em>\u2018\u2019essa forma de viver e pensar a vida \u00e9 um dos balizadores da sociedade capitalista, patriarcal e racista em que estamos inseridos. [&#8230;] N\u00e3o \u00e9 \u00e0 toa que n\u00f3s, negros e negras, ocupamos os cargos menos relevantes na estrutura econ\u00f4mica, social e pol\u00edtica do pa\u00eds. Consequentemente, esse racismo tamb\u00e9m impacta na estrutura da universidade, porque ela \u00e9 um reflexo da sociedade que nos constitui.\u2019\u2019<\/em><\/p>\n\n\n<div class=\"wp-block-image is-style-default\">\n<figure class=\"alignleft size-full\"><img decoding=\"async\" src=\"https:\/\/sinasefesm.com\/wp-content\/uploads\/2022\/11\/WhatsApp-Image-2022-11-21-at-12.55.24-1.jpeg\" alt=\"\" class=\"wp-image-5335\"\/><\/figure><\/div>\n\n\n<p>Apesar disso, Santos acredita que as institui\u00e7\u00f5es federais de ensino evolu\u00edram em sua conjuntura por meio de a\u00e7\u00f5es afirmativas, como a Lei de Cotas, que <a href=\"https:\/\/sinasefesm.com\/em-meio-a-atos-de-racismo-lei-de-cotas-completa-14-anos-de-implementacao-na-ufsm\/\">completa 10 anos de implanta\u00e7\u00e3o<\/a> em 2022. Por\u00e9m, a estagna\u00e7\u00e3o n\u00e3o pode ocorrer, \u00e9 preciso seguir colocando em pr\u00e1tica novas medidas igualit\u00e1rias.&nbsp;<\/p>\n\n\n\n<p><em>\u2018\u2019Precisamos empreender uma luta pol\u00edtica pela descoloniza\u00e7\u00e3o dos saberes que constituem a universidade, e n\u00e3o partir da concep\u00e7\u00e3o de que existe um \u00fanico pensamento que pode guiar a humanidade\u2018\u2019, <\/em>refor\u00e7a dos Santos.<\/p>\n\n\n\n<p><strong>Atua\u00e7\u00e3o do NEABI na UFSM<\/strong><\/p>\n\n\n\n<p>Para contribuir com a inser\u00e7\u00e3o de pautas ligadas \u00e0 identidade negra e ind\u00edgena na UFSM, o NEABI trabalha, h\u00e1 20 anos, como uma mola propulsora de discuss\u00f5es acerca de a\u00e7\u00f5es afirmativas na institui\u00e7\u00e3o, com contribui\u00e7\u00e3o significativa na ado\u00e7\u00e3o da pol\u00edtica de cotas h\u00e1 uma d\u00e9cada, inclusive. J\u00e1 hoje em dia, o N\u00facleo coordena cinco projetos de extens\u00e3o, promove eventos com temas relacionados \u00e0 negritude e aos povos origin\u00e1rios, e desenvolve a forma\u00e7\u00e3o pedag\u00f3gica de docentes a partir de uma concep\u00e7\u00e3o antirracista.<\/p>\n\n\n\n\n\n<p>De acordo com o coordenador do NEABI, \u00e9 preciso que haja atividades como essas para reafirmar a presen\u00e7a de negros e ind\u00edgenas dentro das institui\u00e7\u00f5es de ensino, porque, para ele, <em>\u2018\u2019s\u00f3 ser\u00e1 dessa forma, com a cara, os corpos, os blacks e os cocares, que a universidade se tornar\u00e1 efetivamente democr\u00e1tica.\u2019\u2019<\/em><\/p>\n\n\n\n<p>Assim como em 2021 foi aprovada a Pol\u00edtica de Igualdade de G\u00eanero na UFSM, fruto da caminhada e mobiliza\u00e7\u00e3o dos grupos de mulheres, o objetivo, agora, \u00e9 aprovar uma Pol\u00edtica Etnicorracial na institui\u00e7\u00e3o, \u201cque seja capaz de combater o racismo e promover as formas de cultura e saberes da popula\u00e7\u00e3o negra e ind\u00edgena. Essa pol\u00edtica precisa aprofundar elementos j\u00e1 existentes e construir novas possibilidades para a nossa plenitude no espa\u00e7o universit\u00e1rio\u201d, explica Santos.&nbsp;<\/p>\n\n\n\n<p>Em 2022, o patrono do M\u00eas da Consci\u00eancia Negra na UFSM foi o professor S\u00e9rgio Pires, falecido na d\u00e9cada de 1990 e um dos primeiros docentes negros da institui\u00e7\u00e3o. Refer\u00eancia no movimento social, negro e sindical, ele recebeu, no \u00faltimo dia 11 de novembro, por meio de seus familiares, uma homenagem da universidade pela qual bravamente lutou.&nbsp;<\/p>\n\n\n\n<p>Acompanhe o NEABI no <a rel=\"noreferrer noopener\" href=\"https:\/\/www.instagram.com\/neabi.ufsm\/\" data-type=\"URL\" data-id=\"https:\/\/www.instagram.com\/neabi.ufsm\/\" target=\"_blank\">Instagram<\/a>. <\/p>\n\n\n\n<p><em>Texto: Laurent Keller <\/em><\/p>\n\n\n\n<p><em>Edi\u00e7\u00e3o: Bruna Homrich <\/em><\/p>\n","protected":false},"excerpt":{"rendered":"<p>No \u00faltimo domingo, 20 de novembro, celebrou-se o Dia da Consci\u00eancia Negra, data alusiva \u00e0 morte de Zumbi dos Palmares em 1695, s\u00edmbolo da resist\u00eancia negra durante o s\u00e9culo XVII. Desde 2003, quando o marco foi escolhido, muito se evoluiu em pol\u00edticas p\u00fablicas voltadas \u00e0s demandas da negritude e ao combate do racismo no Brasil.<\/p>\n","protected":false},"author":5,"featured_media":5341,"comment_status":"closed","ping_status":"closed","sticky":false,"template":"","format":"standard","meta":{"footnotes":""},"categories":[41,42],"tags":[],"class_list":{"0":"post-5329","1":"post","2":"type-post","3":"status-publish","4":"format-standard","5":"has-post-thumbnail","7":"category-movimento","8":"category-noticia"},"_links":{"self":[{"href":"https:\/\/sinasefesm.com\/index.php\/wp-json\/wp\/v2\/posts\/5329","targetHints":{"allow":["GET"]}}],"collection":[{"href":"https:\/\/sinasefesm.com\/index.php\/wp-json\/wp\/v2\/posts"}],"about":[{"href":"https:\/\/sinasefesm.com\/index.php\/wp-json\/wp\/v2\/types\/post"}],"author":[{"embeddable":true,"href":"https:\/\/sinasefesm.com\/index.php\/wp-json\/wp\/v2\/users\/5"}],"replies":[{"embeddable":true,"href":"https:\/\/sinasefesm.com\/index.php\/wp-json\/wp\/v2\/comments?post=5329"}],"version-history":[{"count":0,"href":"https:\/\/sinasefesm.com\/index.php\/wp-json\/wp\/v2\/posts\/5329\/revisions"}],"wp:featuredmedia":[{"embeddable":true,"href":"https:\/\/sinasefesm.com\/index.php\/wp-json\/wp\/v2\/media\/5341"}],"wp:attachment":[{"href":"https:\/\/sinasefesm.com\/index.php\/wp-json\/wp\/v2\/media?parent=5329"}],"wp:term":[{"taxonomy":"category","embeddable":true,"href":"https:\/\/sinasefesm.com\/index.php\/wp-json\/wp\/v2\/categories?post=5329"},{"taxonomy":"post_tag","embeddable":true,"href":"https:\/\/sinasefesm.com\/index.php\/wp-json\/wp\/v2\/tags?post=5329"}],"curies":[{"name":"wp","href":"https:\/\/api.w.org\/{rel}","templated":true}]}}