{"id":5346,"date":"2022-11-22T22:15:03","date_gmt":"2022-11-22T22:15:03","guid":{"rendered":"https:\/\/sinasefesm.com\/?p=5346"},"modified":"2022-11-22T22:15:03","modified_gmt":"2022-11-22T22:15:03","slug":"servidores-publicos-encaminham-carta-de-reivindicacoes-a-equipe-de-transicao","status":"publish","type":"post","link":"https:\/\/sinasefesm.com\/index.php\/2022\/11\/22\/servidores-publicos-encaminham-carta-de-reivindicacoes-a-equipe-de-transicao\/","title":{"rendered":"Servidores p\u00fablicos encaminham Carta de Reivindica\u00e7\u00f5es \u00e0 equipe de transi\u00e7\u00e3o"},"content":{"rendered":"\n<p>Na \u00faltima quinta-feira, 17 de novembro, membros do pr\u00f3ximo Governo Federal receberam, em Bras\u00edlia-DF, o Sinasefe, representado pelo Coordenador David Lob\u00e3o, junto \u00e0s demais entidades vinculadas ao Fonasefe, que protocolaram uma Carta de Reivindica\u00e7\u00f5es imediatas. A ideia \u00e9 que as medidas sejam adotadas pela equipe de transi\u00e7\u00e3o da futura gest\u00e3o Lula (PT), a ser empossada em janeiro de 2023.&nbsp;<\/p>\n\n\n\n<p>No mesmo encontro do dia 17, foi protocolado um of\u00edcio, elaborado junto ao deputado Rog\u00e9rio Correia (PT-MG), solicitando uma reuni\u00e3o com a equipe de trabalho do Governo de Transi\u00e7\u00e3o.&nbsp;<\/p>\n\n\n\n<figure class=\"wp-block-image\"><img decoding=\"async\" src=\"https:\/\/lh5.googleusercontent.com\/LP1zVbbAW_L5bnlL4lhVqTePUUJIBTS7Kk3YpRHIfVPS8_RnPPhi4yf0E5MsNYb66hsgMOQWIbclx8Rv1CV8H-LHkoY0ZSO2e1SPMHTehFRedCgq2uTHVfqXexYJBwsGNGV_mn5XCcC6zW9LPxTsdEguuQmYWGRkv1dxzc7CsvuhiekjIrLzaGw-CnWh_w\" alt=\"\"\/><\/figure>\n\n\n\n<p><strong>Reivindica\u00e7\u00f5es<\/strong><\/p>\n\n\n\n<p>O documento apresentado na capital brasileira apresenta quatro exig\u00eancias do funcionalismo p\u00fablico: que o pr\u00f3ximo Projeto de Lei Or\u00e7ament\u00e1ria Anual (PLOA) contemple o <a href=\"https:\/\/sinasefesm.com\/em-reuniao-com-governo-fonasefe-debate-a-recomposicao-salarial-dos-servidores-publicos-federais%ef%bf%bc\/\">reajuste salarial alinhado \u00e0 infla\u00e7\u00e3o<\/a> acumulada entre 2018 e 2022. O pedido acontece porque, nesse per\u00edodo, o Governo Bolsonaro manteve congelados os sal\u00e1rios dos servidores, mesmo com as constantes tentativas de negocia\u00e7\u00e3o por parte dos sindicatos.&nbsp;<\/p>\n\n\n\n<p>Outra reivindica\u00e7\u00e3o inclu\u00edda na Carta foi o arquivamento da <a href=\"https:\/\/sinasefesm.com\/pec-32-substitutivo-mantem-ataques-a-servicos-publicos-e-a-direitos-dos-servidores\/\">Proposta de Emenda \u00e0 Constitui\u00e7\u00e3o (PEC) 32\/2020<\/a>, que prop\u00f5e o desmonte dos servi\u00e7os p\u00fablicos. Conhecida tamb\u00e9m como Reforma Administrativa, a medida n\u00e3o deve ser pautada para vota\u00e7\u00e3o at\u00e9 a conclus\u00e3o da gest\u00e3o vigente (dezembro), conquista pertencente aos sindicatos que, especialmente durante o 2021, lutaram com const\u00e2ncia para impedir o avan\u00e7o da PEC.<\/p>\n\n\n\n<p>As demais solicita\u00e7\u00f5es pedem pela revoga\u00e7\u00e3o da Emenda Constitucional (EC) 103\/2019, correspondente \u00e0 Reforma da Previd\u00eancia, e da EC 95\/2016, ligada ao Teto de Gastos. A primeira \u00e9 criticada, dentre outras quest\u00f5es, por extinguir a aposentadoria por tempo de contribui\u00e7\u00e3o, criar barreiras de acesso ao Instituto Nacional do Seguro Social (INSS) com as plataformas digitais e modificar as formas de acesso. J\u00e1 o Teto de Gastos \u00e9 descrito na Carta como um <em>\u2018\u2019instrumento que serve \u00fanica e exclusivamente para dificultar que o Estado brasileiro atenda \u00e0s necessidades do seu povo.\u2019<\/em>\u2019 Tal defini\u00e7\u00e3o ocorre porque a&nbsp; EC 95\/2016 estabelece que o Governo deve gastar o mesmo valor por 20 anos, ou seja, de 2016 a 2036, com altera\u00e7\u00e3o somente da infla\u00e7\u00e3o. Contudo, esse limite impede que sejam feitos investimentos nas mais diversas \u00e1reas, como sa\u00fade, educa\u00e7\u00e3o, moradia e assist\u00eancia social.<\/p>\n\n\n\n<p>Confira abaixo, a Carta na \u00edntegra:\u00a0<\/p>\n\n\n\n<div data-wp-interactive=\"core\/file\" class=\"wp-block-file\"><object data-wp-bind--hidden=\"!state.hasPdfPreview\" hidden class=\"wp-block-file__embed\" data=\"https:\/\/sinasefesm.com\/wp-content\/uploads\/2022\/11\/Fonasefe-17-11-2022-CartaGabTransicao.pdf\" type=\"application\/pdf\" style=\"width:100%;height:600px\" aria-label=\"Incorporado de Incorporado de CartaGabTransicaoPDF..\"><\/object><a id=\"wp-block-file--media-83090f9f-609e-4267-92a2-dce2ee6fbabd\" href=\"https:\/\/sinasefesm.com\/wp-content\/uploads\/2022\/11\/Fonasefe-17-11-2022-CartaGabTransicao.pdf\">CartaGabTransicaoPDF<\/a><a href=\"https:\/\/sinasefesm.com\/wp-content\/uploads\/2022\/11\/Fonasefe-17-11-2022-CartaGabTransicao.pdf\" class=\"wp-block-file__button\" download aria-describedby=\"wp-block-file--media-83090f9f-609e-4267-92a2-dce2ee6fbabd\">Baixar<\/a><\/div>\n\n\n\n<hr class=\"wp-block-separator has-alpha-channel-opacity\"\/>\n\n\n\n<p><em>Texto: Laurent Keller<\/em><\/p>\n\n\n\n<p><em>Edi\u00e7\u00e3o: Bruna Homrich<\/em><\/p>\n\n\n\n<p><em>Imagens: Sinasefe Nacional<\/em><\/p>\n","protected":false},"excerpt":{"rendered":"<p>Na \u00faltima quinta-feira, 17 de novembro, membros do pr\u00f3ximo Governo Federal receberam, em Bras\u00edlia-DF, o Sinasefe, representado pelo Coordenador David Lob\u00e3o, junto \u00e0s demais entidades vinculadas ao Fonasefe, que protocolaram uma Carta de Reivindica\u00e7\u00f5es imediatas. A ideia \u00e9 que as medidas sejam adotadas pela equipe de transi\u00e7\u00e3o da futura gest\u00e3o Lula (PT), a ser empossada<\/p>\n","protected":false},"author":5,"featured_media":5348,"comment_status":"closed","ping_status":"closed","sticky":false,"template":"","format":"standard","meta":{"footnotes":""},"categories":[41],"tags":[77,201,206,213],"class_list":{"0":"post-5346","1":"post","2":"type-post","3":"status-publish","4":"format-standard","5":"has-post-thumbnail","7":"category-movimento","8":"tag-carta-de-reivindicacoes","9":"tag-reajuste-salarial","10":"tag-reforma-administrativa","11":"tag-servico-publico"},"_links":{"self":[{"href":"https:\/\/sinasefesm.com\/index.php\/wp-json\/wp\/v2\/posts\/5346","targetHints":{"allow":["GET"]}}],"collection":[{"href":"https:\/\/sinasefesm.com\/index.php\/wp-json\/wp\/v2\/posts"}],"about":[{"href":"https:\/\/sinasefesm.com\/index.php\/wp-json\/wp\/v2\/types\/post"}],"author":[{"embeddable":true,"href":"https:\/\/sinasefesm.com\/index.php\/wp-json\/wp\/v2\/users\/5"}],"replies":[{"embeddable":true,"href":"https:\/\/sinasefesm.com\/index.php\/wp-json\/wp\/v2\/comments?post=5346"}],"version-history":[{"count":0,"href":"https:\/\/sinasefesm.com\/index.php\/wp-json\/wp\/v2\/posts\/5346\/revisions"}],"wp:featuredmedia":[{"embeddable":true,"href":"https:\/\/sinasefesm.com\/index.php\/wp-json\/wp\/v2\/media\/5348"}],"wp:attachment":[{"href":"https:\/\/sinasefesm.com\/index.php\/wp-json\/wp\/v2\/media?parent=5346"}],"wp:term":[{"taxonomy":"category","embeddable":true,"href":"https:\/\/sinasefesm.com\/index.php\/wp-json\/wp\/v2\/categories?post=5346"},{"taxonomy":"post_tag","embeddable":true,"href":"https:\/\/sinasefesm.com\/index.php\/wp-json\/wp\/v2\/tags?post=5346"}],"curies":[{"name":"wp","href":"https:\/\/api.w.org\/{rel}","templated":true}]}}