{"id":5351,"date":"2022-11-29T02:08:59","date_gmt":"2022-11-29T02:08:59","guid":{"rendered":"https:\/\/sinasefesm.com\/?p=5351"},"modified":"2022-11-29T02:08:59","modified_gmt":"2022-11-29T02:08:59","slug":"assedio-em-instituicoes-militares-e-pauta-do-14o-escime-do-sinasefe","status":"publish","type":"post","link":"https:\/\/sinasefesm.com\/index.php\/2022\/11\/29\/assedio-em-instituicoes-militares-e-pauta-do-14o-escime-do-sinasefe\/","title":{"rendered":"Ass\u00e9dio em institui\u00e7\u00f5es militares \u00e9 pauta do 14\u00ba ESCIME do Sinasefe"},"content":{"rendered":"\n<p>Abusos de poder, pr\u00e1ticas de ass\u00e9dio moral, amea\u00e7as, viola\u00e7\u00f5es de direitos, condi\u00e7\u00f5es de trabalho precarizadas, sindic\u00e2ncias e Processos Administrativos Disciplinares infundados contra servidores e servidoras. Esses foram alguns elementos comuns a praticamente todos os relatos realizados durante a tarde da \u00faltima sexta-feira, 25 de novembro, no Praia Centro Hotel, em Fortaleza (CE), por servidores e servidoras do Sinasefe que trabalham em Institui\u00e7\u00f5es de Ensino vinculadas ao Minist\u00e9rio da Defesa.<\/p>\n\n\n\n<p>Como explica a Secret\u00e1ria de Assuntos Legislativos e Jur\u00eddicos do Sinasefe Santa Maria, Adriana Bonum\u00e1 Bortolini, \u201cas institui\u00e7\u00f5es militares n\u00e3o s\u00e3o abertas para receber os filiados, as reuni\u00f5es ou o debate de ideias. Esse \u00e9 um \u00f3bice que se encontra em praticamente todas as Institui\u00e7\u00f5es de Ensino vinculadas ao Minist\u00e9rio da Defesa.\u201d.<\/p>\n\n\n<div class=\"wp-block-image is-style-default\">\n<figure class=\"aligncenter size-full is-resized\"><img fetchpriority=\"high\" decoding=\"async\" src=\"https:\/\/sinasefesm.com\/wp-content\/uploads\/2022\/11\/WhatsApp-Image-2022-11-25-at-15.33.22.jpeg\" alt=\"\" class=\"wp-image-5355\" width=\"620\" height=\"300\"\/><figcaption>Adriana Bonum\u00e1 Bortolini, Secret\u00e1ria de Assuntos Legislativos e Jur\u00eddicos do Sinasefe Santa Maria, realiza interven\u00e7\u00e3o no 14\u00ba ESCIME<\/figcaption><\/figure><\/div>\n\n\n<p>Adriana participou, junto a Milton Ferrari, membro da coordena\u00e7\u00e3o geral do Sinasefe Santa Maria, e Deise Mack, professora do Col\u00e9gio Militar de Santa Maria, do 14\u00ba Encontro dos Servidores Civis das Institui\u00e7\u00f5es de Ensino Vinculadas ao Minist\u00e9rio da Defesa (ESCIME), ocorrido na \u00faltima sexta-feira, s\u00e1bado e domingo, dias 25, 26 e 27 de novembro, em Fortaleza (CE).<\/p>\n\n\n\n<p>No que tange ao ass\u00e9dio nas institui\u00e7\u00f5es militares, tais pr\u00e1ticas s\u00e3o percebidas ainda com mais intensidade nas escolas cujo corpo estudantil \u00e9 formado por alunos militares \u2013 caso das escolas da Marinha de Santa Catarina e Pernambuco, e da EPCAR, pertencente \u00e0 Aeron\u00e1utica. <\/p>\n\n\n\n<blockquote class=\"wp-block-quote is-layout-flow wp-block-quote-is-layout-flow\"><p>\u201cDocentes e t\u00e9cnicos civis dessas escolas passam muita dificuldade e sofrem ass\u00e9dio moral tanto dos gestores militares quanto dos alunos. H\u00e1 muitos relatos de sindic\u00e2ncia e Processos Administrativos Disciplinares (PADs) infundados contra servidores civis, todo tipo de controle de assiduidade, hor\u00e1rios muito esquizofr\u00eanicos, exig\u00eancias de trabalho que n\u00e3o levam em conta o descanso do servidor\u201d, comenta Adriana.<\/p><\/blockquote>\n\n\n\n<p>A ideia \u00e9 que tais relatos integrem um dossi\u00ea a ser entregue ao novo governo do presidente Lula.<\/p>\n\n\n\n<h2 class=\"wp-block-heading\"><strong>Avalia\u00e7\u00e3o funcional<\/strong><\/h2>\n\n\n\n<p>Outro ponto sens\u00edvel e discutido durante a \u00faltima sexta-feira, 25, primeiro dia do 14\u00ba ESCIME, foi acerca dos m\u00e9todos de avalia\u00e7\u00e3o funcional utilizados em Institui\u00e7\u00f5es de Ensino vinculadas ao Minist\u00e9rio da Defesa. Feitas essencialmente por militares, enquanto deveriam, na avalia\u00e7\u00e3o das e dos filiados ao Sinasefe, ser feitas por servidores e servidoras civis, tais avalia\u00e7\u00f5es carecem de crit\u00e9rios e objetivos adequados, mostrando-se como verdadeiras afrontas aos direitos de docentes e t\u00e9cnico-administrativos civis, comumente punidos e intimidados por essas pr\u00e1ticas.<\/p>\n\n\n\n<p>Aliado ao debate sobre as avalia\u00e7\u00f5es funcionais, os participantes do 14\u00ba ESCIME tamb\u00e9m refletiram sobre as pol\u00edticas de contrata\u00e7\u00e3o e de concurso nas institui\u00e7\u00f5es de ensino militares. Nota-se uma queda consider\u00e1vel no n\u00famero de concursos p\u00fablicos \u2013 os \u00faltimos de que se tem not\u00edcia datam de 2013 e abriram pouqu\u00edssimas vagas.<\/p>\n\n\n<div class=\"wp-block-image is-style-default\">\n<figure class=\"alignleft size-full is-resized\"><img decoding=\"async\" src=\"https:\/\/sinasefesm.com\/wp-content\/uploads\/2022\/11\/20221125_122243.jpg\" alt=\"\" class=\"wp-image-5360\" width=\"762\" height=\"571\"\/><\/figure><\/div>\n\n\n<p>\u201cFoi un\u00e2nime a quest\u00e3o da falta de pessoal, da dificuldade de se conseguir servidores e servidoras civis nas institui\u00e7\u00f5es. Algumas institui\u00e7\u00f5es at\u00e9 j\u00e1 foram criadas sem nenhum professor civil, como \u00e9 o caso dos Col\u00e9gios Militares de S\u00e3o Paulo e Bel\u00e9m, e agora o Col\u00e9gio da Vila Militar do Rio de Janeiro, em que s\u00f3 h\u00e1 docentes militares. H\u00e1, tamb\u00e9m, entrada em massa de militares tempor\u00e1rios e prestadores de servi\u00e7o por tempo determinado, que s\u00e3o militares j\u00e1 reformados e voltam na condi\u00e7\u00e3o de civis. Temos essa dificuldade na pol\u00edtica de contrata\u00e7\u00e3o e concursos\u201d, partilha Adriana.<\/p>\n\n\n\n<p>Frente a tantas dificuldades enfrentadas por servidores docentes e t\u00e9cnico-administrativos das institui\u00e7\u00f5es militares, a perspectiva nutrida pelas e pelos participantes do 14\u00ba ESCIME \u00e9 de que, com o governo Lula, seja poss\u00edvel o avan\u00e7o na defesa das liberdades democr\u00e1ticas de servidoras e servidores civis dos col\u00e9gios militares, como a possibilidade de reuni\u00e3o no local de trabalho \u2013 direito assegurado inclusive em legisla\u00e7\u00f5es internacionais.<\/p>\n\n\n\n<p>Para organizar uma resist\u00eancia a esses ataques, algumas estrat\u00e9gias apontadas foram a sugest\u00e3o de que servidores e servidoras sempre busquem fazer o registro formal das situa\u00e7\u00f5es de ilegalidades, ass\u00e9dios e irregularidades (tanto em n\u00edvel institucional quanto sindical); a realiza\u00e7\u00e3o de eventos, atividades culturais e de lazer fora dos ambientes de trabalho; e a aproxima\u00e7\u00e3o cotidiana com a categoria via redes sociais.<\/p>\n\n\n\n<p>\u201cS\u00f3 temos for\u00e7a na coletividade. Enquanto n\u00e3o tivermos consci\u00eancia de que o trabalhador \u00e9 maioria e o patr\u00e3o \u00e9 a minoria, n\u00e3o vamos conseguir vencer essa luta. E essa tomada de consci\u00eancia s\u00f3 adquirimos em coletividade e na organiza\u00e7\u00e3o de classe\u201d, complementou Adriana.<\/p>\n\n\n<div class=\"wp-block-image is-style-default\">\n<figure class=\"aligncenter size-full is-resized\"><img decoding=\"async\" src=\"https:\/\/sinasefesm.com\/wp-content\/uploads\/2022\/11\/WhatsApp-Image-2022-11-25-at-15.02.00.jpeg\" alt=\"\" class=\"wp-image-5357\" width=\"652\" height=\"489\"\/><figcaption>Delega\u00e7\u00e3o do Sinasefe Santa Maria no 14\u00ba ESCIME: (da esq.) Deise Mack, Adriana Bonum\u00e1 e Milton Ferrari<\/figcaption><\/figure><\/div>\n\n\n<h2 class=\"wp-block-heading\"><strong>Os pr\u00f3ximos passos da luta contra o fascismo<\/strong><\/h2>\n\n\n\n<p>A primeira mesa de debate do 14\u00ba ESCIME contou com sete convidados e convidadas que analisaram o cen\u00e1rio pol\u00edtico e social brasileiro, projetando desafios e prioridades para o ano que se avizinha. Participaram da mesa Elenira Vilela (<a rel=\"noreferrer noopener\" href=\"https:\/\/sinasefe.org.br\/site\/documentos\/direcao-nacional\/coordenacao-geral\/\" target=\"_blank\">coordenadora geral<\/a>\u00a0do SINASEFE); Jos\u00e9 Batista Neto (<a rel=\"noreferrer noopener\" href=\"http:\/\/cspconlutas.org.br\/\" target=\"_blank\">CSP-Conlutas<\/a>); Lucr\u00e9cia Iacovino (<a rel=\"noreferrer noopener\" href=\"https:\/\/sinasefe.org.br\/site\/documentos\/direcao-nacional\/coordenacao-de-pessoal\/\" target=\"_blank\">coordenadora de pessoal t\u00e9cnico-administrativo<\/a>\u00a0do SINASEFE); Luis Carlos Paes de Castro (<a rel=\"noreferrer noopener\" href=\"https:\/\/ctb.org.br\/\" target=\"_blank\">CTB<\/a>\u00a0e\u00a0<a rel=\"noreferrer noopener\" href=\"https:\/\/portal.sinal.org.br\/\" target=\"_blank\">Sinal<\/a>); Nericilda Bezerra da Rocha (soci\u00f3loga e doutoranda em Educa\u00e7\u00e3o pela UFCE); Robson Estevam da Silva (<a rel=\"noreferrer noopener\" href=\"https:\/\/www.facebook.com\/SindicatoDosTrabConstCivilFortaleza\/\" target=\"_blank\">Sindicato dos Trabalhadores da Constru\u00e7\u00e3o Civil de Fortaleza e Regi\u00e3o Metropolitana<\/a>) e Vitor Davidovich (<a rel=\"noreferrer noopener\" href=\"https:\/\/www.unidadepopular.org.br\/\" target=\"_blank\">Unidade Popular<\/a>).<\/p>\n\n\n\n<p>\u201cPrecisamos come\u00e7ar a pensar em como podemos aproximar nossa pr\u00e1tica do Brasil Profundo e do Brasil que precisa ser constru\u00eddo, que \u00e9 preto, pobre, mulher, ind\u00edgena, de pessoas com defici\u00eancia e de LGBTs [&#8230;] Qual a cara que o SINASEFE tem que ter para derrotar a extrema direita?\u201d, questionou Artemis.<\/p>\n\n\n\n<p>J\u00e1 Elenira Vilela tra\u00e7ou uma analogia para dar conta de expressar a import\u00e2ncia do debate em curso.<em> <\/em>\u201cPor que fazemos an\u00e1lise de conjuntura? \u00c9 a nossa tentativa de nos organizarmos e compreendermos o cen\u00e1rio em que lutamos para avan\u00e7ar. \u00c9 como se fosse uma guerra, \u00e9 preciso analisar os movimentos do inimigo, qual cen\u00e1rio, quais instrumentos e como nos movemos para ganhar terreno, descobrindo o que \u00e9 essencial, e \u00e9 a\u00ed onde teremos diverg\u00eancias e buscaremos construir uma a\u00e7\u00e3o conjunta\u201d, explicou.<\/p>\n\n\n\n<h2 class=\"wp-block-heading\"><strong>14\u00ba ESCIME<\/strong><\/h2>\n\n\n\n<p>O 14\u00ba Encontro dos Servidores Civis das Institui\u00e7\u00f5es de Ensino Vinculadas ao Minist\u00e9rio da Defesa (ESCIME) ocorreu na \u00faltima sexta-feira, s\u00e1bado e domingo, dias 25, 26 e 27 de novembro, em Fortaleza (CE), com a presen\u00e7a de tr\u00eas integrantes da dire\u00e7\u00e3o e da base do Sinasefe Santa Maria.<\/p>\n\n\n\n<p>Diversos outros debates e encaminhamentos ocorreram ao longo do evento e ser\u00e3o compartilhados em not\u00edcias a serem publicadas aqui em nosso site nos pr\u00f3ximos dias desta semana.<\/p>\n","protected":false},"excerpt":{"rendered":"<p>Abusos de poder, pr\u00e1ticas de ass\u00e9dio moral, amea\u00e7as, viola\u00e7\u00f5es de direitos, condi\u00e7\u00f5es de trabalho precarizadas, sindic\u00e2ncias e Processos Administrativos Disciplinares infundados contra servidores e servidoras. Esses foram alguns elementos comuns a praticamente todos os relatos realizados durante a tarde da \u00faltima sexta-feira, 25 de novembro, no Praia Centro Hotel, em Fortaleza (CE), por servidores e<\/p>\n","protected":false},"author":3,"featured_media":5352,"comment_status":"closed","ping_status":"closed","sticky":false,"template":"","format":"standard","meta":{"footnotes":""},"categories":[42,45],"tags":[],"class_list":{"0":"post-5351","1":"post","2":"type-post","3":"status-publish","4":"format-standard","5":"has-post-thumbnail","7":"category-noticia","8":"category-sindicato"},"_links":{"self":[{"href":"https:\/\/sinasefesm.com\/index.php\/wp-json\/wp\/v2\/posts\/5351","targetHints":{"allow":["GET"]}}],"collection":[{"href":"https:\/\/sinasefesm.com\/index.php\/wp-json\/wp\/v2\/posts"}],"about":[{"href":"https:\/\/sinasefesm.com\/index.php\/wp-json\/wp\/v2\/types\/post"}],"author":[{"embeddable":true,"href":"https:\/\/sinasefesm.com\/index.php\/wp-json\/wp\/v2\/users\/3"}],"replies":[{"embeddable":true,"href":"https:\/\/sinasefesm.com\/index.php\/wp-json\/wp\/v2\/comments?post=5351"}],"version-history":[{"count":0,"href":"https:\/\/sinasefesm.com\/index.php\/wp-json\/wp\/v2\/posts\/5351\/revisions"}],"wp:featuredmedia":[{"embeddable":true,"href":"https:\/\/sinasefesm.com\/index.php\/wp-json\/wp\/v2\/media\/5352"}],"wp:attachment":[{"href":"https:\/\/sinasefesm.com\/index.php\/wp-json\/wp\/v2\/media?parent=5351"}],"wp:term":[{"taxonomy":"category","embeddable":true,"href":"https:\/\/sinasefesm.com\/index.php\/wp-json\/wp\/v2\/categories?post=5351"},{"taxonomy":"post_tag","embeddable":true,"href":"https:\/\/sinasefesm.com\/index.php\/wp-json\/wp\/v2\/tags?post=5351"}],"curies":[{"name":"wp","href":"https:\/\/api.w.org\/{rel}","templated":true}]}}